{"id":458873,"date":"2026-01-07T08:24:40","date_gmt":"2026-01-07T13:24:40","guid":{"rendered":"https:\/\/primermomento.com\/?p=458873"},"modified":"2026-01-07T12:56:05","modified_gmt":"2026-01-07T17:56:05","slug":"tasa-de-desempleo-se-redujo-a-un-4-9-en-el-2025-segun-ministro-de-trabajo","status":"publish","type":"post","link":"https:\/\/primermomento.com\/?p=458873","title":{"rendered":"Tasa de desempleo se redujo a un 4.9 % en el 2025, seg\u00fan ministro de Trabajo"},"content":{"rendered":"<p><strong><em>Por <span style=\"color: #ff0000;\">Servicios de Primermomento.com<\/span><\/em><\/strong><\/p>\n<p><span lang=\"ES-US\">SANTO DOMINGO, Rep\u00fablica Dominicana.- El ministro de Trabajo, Eddy Olivares, inform\u00f3 que la Rep\u00fablica Dominicana contin\u00faa consolid\u00e1ndose como\u00a0una de las econom\u00edas con menor tasa de desempleo en Am\u00e9rica Latina, de acuerdo con los datos m\u00e1s recientes de\u00a0Panorama Laboral 2025\u00a0de la Organizaci\u00f3n Internacional del Trabajo\u00a0(OIT).<\/span><\/p>\n<p><span lang=\"ES-US\">Seg\u00fan los indicadores de la referida entidad, especialmente los que aparecen en\u00a0Ilostat\u00a0y en\u00a0Panorama Laboral 2025, la tasa de desempleo de quienes buscan empleos en la Rep\u00fablica Dominicana fue de alrededor de\u00a04.9 % en el 2025, motivada principalmente por la\u00a0expansi\u00f3n de sectores intensivos\u00a0en empleo como\u00a0servicios, construcci\u00f3n y turismo.<\/span><\/p>\n<p><span lang=\"ES-US\">En ese sentido, se destaca que el\u00a0desempleo\u00a0en la Rep\u00fablica Dominicana es de un\u00a0nivel inferior al promedio regional, estimado por la OIT en aproximadamente\u00a06 %, lo que refleja la\u00a0fortaleza del mercado laboral dominicano\u00a0y la\u00a0efectividad de las pol\u00edticas p\u00fablicas\u00a0orientadas a la generaci\u00f3n de empleo.<\/span><\/p>\n<p><span lang=\"ES-US\">\u201cEl pa\u00eds ha logrado, bajo la conducci\u00f3n del presidente Luis Abinader, una recuperaci\u00f3n sostenida del empleo y hoy exhibe indicadores laborales favorables en comparaci\u00f3n con la regi\u00f3n. Estos resultados son fruto del crecimiento econ\u00f3mico, del di\u00e1logo social y de una pol\u00edtica laboral centrada en las personas,\u201d<\/span><span lang=\"ES-US\">, expres\u00f3 el ministro Olivares.<\/span><\/p>\n<p><span lang=\"ES-US\">Asimismo, el ministro mostr\u00f3 su confianza en que durante el\u00a0a\u00f1o 2026\u00a0la tasa de desempleo estar\u00e1\u00a0por debajo del 4.9%\u00a0alcanzado por primera vez en el 2025.<\/span><\/p>\n<p><span lang=\"ES-US\">Por otro lado, Olivares Ortega subray\u00f3 que en el 2026 el Ministerio de Trabajo se enfocar\u00e1 en el\u00a0empleo juvenil, cuya tasa de desempleo supera la media nacional, as\u00ed como en la necesidad de seguir avanzando en\u00a0la formalizaci\u00f3n del empleo y la reducci\u00f3n de brechas de g\u00e9nero.<\/span><\/p>\n<p><span lang=\"ES-US\">\u201cNuestro compromiso no es solo crear m\u00e1s empleos, sino garantizar que sean empleos decentes, formales y con acceso a la seguridad social, especialmente para los j\u00f3venes y las mujeres\u201d,<\/span><span lang=\"ES-US\">\u00a0afirm\u00f3.<\/span><\/p>\n<p><span lang=\"ES-US\">El Ministerio de Trabajo reiter\u00f3 que continuar\u00e1 impulsando programas de\u00a0intermediaci\u00f3n laboral, primer empleo, formaci\u00f3n de j\u00f3venes en el lugar de trabajo, capacitaci\u00f3n y fortalecimiento de la inspecci\u00f3n, en coordinaci\u00f3n con el sector privado y los trabajadores, con el objetivo de consolidar un\u00a0mercado laboral m\u00e1s inclusivo y sostenible.<\/span><\/p>\n<p><span lang=\"ES-US\">Olivares valor\u00f3 que la directora regional de la OIT para Am\u00e9rica Latina y el Caribe,\u00a0Ana Virginia Moreira Gomes, destacara que Panorama Laboral 2025 se produjo semanas despu\u00e9s de la exitosa\u00a020.\u00aa Reuni\u00f3n Regional Americana de la OIT,\u00a0celebrada en la Rep\u00fablica Dominicana del 1 al 3 de octubre de 2025, en la cual las autoridades de la regi\u00f3n reafirmaron \u2014a trav\u00e9s de la\u00a0Declaraci\u00f3n de Punta Cana\u2014 su compromiso con\u00a0el trabajo decente, la formalizaci\u00f3n y la reducci\u00f3n de desigualdades estructurales.<\/span><\/p>\n<p><span lang=\"ES-US\">\u201cComo se puede apreciar, en materia de empleo la Rep\u00fablica Dominicana avanza en la direcci\u00f3n correcta. Nuestro reto ahora es profundizar los logros alcanzados y asegurar que el crecimiento del empleo se traduzca en bienestar y oportunidades para todos\u201d,<\/span><span lang=\"ES-US\">\u00a0concluy\u00f3 el ministro Eddy Olivares.<\/span><\/p>\n","protected":false},"excerpt":{"rendered":"<p>Por Servicios de Primermomento.com SANTO DOMINGO, Rep\u00fablica Dominicana.- El ministro de Trabajo, Eddy Olivares, inform\u00f3 que la Rep\u00fablica Dominicana contin\u00faa consolid\u00e1ndose como\u00a0una de las econom\u00edas con menor tasa de desempleo en Am\u00e9rica Latina, de acuerdo con los datos m\u00e1s recientes de\u00a0Panorama Laboral 2025\u00a0de la Organizaci\u00f3n Internacional del Trabajo\u00a0(OIT). Seg\u00fan los indicadores de la referida entidad, [&hellip;]<\/p>\n","protected":false},"author":1,"featured_media":458874,"comment_status":"open","ping_status":"open","sticky":false,"template":"","format":"standard","meta":{"_bbp_topic_count":0,"_bbp_reply_count":0,"_bbp_total_topic_count":0,"_bbp_total_reply_count":0,"_bbp_voice_count":0,"_bbp_anonymous_reply_count":0,"_bbp_topic_count_hidden":0,"_bbp_reply_count_hidden":0,"_bbp_forum_subforum_count":0,"footnotes":""},"categories":[35],"tags":[],"class_list":["post-458873","post","type-post","status-publish","format-standard","has-post-thumbnail","category-economia"],"_links":{"self":[{"href":"https:\/\/primermomento.com\/index.php?rest_route=\/wp\/v2\/posts\/458873","targetHints":{"allow":["GET"]}}],"collection":[{"href":"https:\/\/primermomento.com\/index.php?rest_route=\/wp\/v2\/posts"}],"about":[{"href":"https:\/\/primermomento.com\/index.php?rest_route=\/wp\/v2\/types\/post"}],"author":[{"embeddable":true,"href":"https:\/\/primermomento.com\/index.php?rest_route=\/wp\/v2\/users\/1"}],"replies":[{"embeddable":true,"href":"https:\/\/primermomento.com\/index.php?rest_route=%2Fwp%2Fv2%2Fcomments&post=458873"}],"version-history":[{"count":1,"href":"https:\/\/primermomento.com\/index.php?rest_route=\/wp\/v2\/posts\/458873\/revisions"}],"predecessor-version":[{"id":458875,"href":"https:\/\/primermomento.com\/index.php?rest_route=\/wp\/v2\/posts\/458873\/revisions\/458875"}],"wp:featuredmedia":[{"embeddable":true,"href":"https:\/\/primermomento.com\/index.php?rest_route=\/wp\/v2\/media\/458874"}],"wp:attachment":[{"href":"https:\/\/primermomento.com\/index.php?rest_route=%2Fwp%2Fv2%2Fmedia&parent=458873"}],"wp:term":[{"taxonomy":"category","embeddable":true,"href":"https:\/\/primermomento.com\/index.php?rest_route=%2Fwp%2Fv2%2Fcategories&post=458873"},{"taxonomy":"post_tag","embeddable":true,"href":"https:\/\/primermomento.com\/index.php?rest_route=%2Fwp%2Fv2%2Ftags&post=458873"}],"curies":[{"name":"wp","href":"https:\/\/api.w.org\/{rel}","templated":true}]}}