{"id":458892,"date":"2026-01-07T12:59:17","date_gmt":"2026-01-07T17:59:17","guid":{"rendered":"https:\/\/primermomento.com\/?p=458892"},"modified":"2026-01-07T16:19:20","modified_gmt":"2026-01-07T21:19:20","slug":"nuevo-ministro-de-agricultura-llama-a-no-bajar-la-guardia-y-reafirma-compromiso-con-la-seguridad-agroalimentaria","status":"publish","type":"post","link":"https:\/\/primermomento.com\/?p=458892","title":{"rendered":"Nuevo ministro de Agricultura llama a no bajar la guardia y reafirma compromiso con la seguridad agroalimentaria"},"content":{"rendered":"<p><em><strong>Por <span style=\"color: #ff0000;\">Servicios de Primermomento.com<\/span><\/strong><\/em><\/p>\n<p>SANTO DOMINGO, Rep\u00fablica Dominicana.- El nuevo ministro de Agricultura, Francisco Oliverio Espaillat Bencosme, llam\u00f3 a todos los sectores productivos del pa\u00eds a\u00a0no bajar la guardia\u00a0y reafirm\u00f3 su compromiso de trabajar de manera permanente para seguir garantizando la\u00a0seguridad agroalimentaria\u00a0de la Rep\u00fablica Dominicana.<\/p>\n<p>Tras ser juramentado por el ministro administrativo de la Presidencia,\u00a0Andr\u00e9s Bautista, Espaillat Bencosme agradeci\u00f3 al\u00a0presidente Luis Abinader\u00a0por la confianza depositada en \u00e9l para asumir esta importante responsabilidad, asegurando que la misma ser\u00e1 honrada con\u00a0trabajo, di\u00e1logo y resultados.<\/p>\n<p>De su lado, al tomar el juramento, el ministro Bautista destac\u00f3 que Espaillat tiene las\u00a0caracter\u00edsticas esenciales\u00a0para dar continuidad a la mitigaci\u00f3n de los retos del\u00a0sector agropecuario, los cuales asumir\u00e1 con responsabilidad y con todo el apoyo que requiera de expertos para mantener la\u00a0producci\u00f3n de rubros\u00a0que van directo a los hogares dominicanos.<\/p>\n<p>El reci\u00e9n juramentado ministro Espaillat expres\u00f3 que asume el cargo con\u00a0entusiasmo y un alto sentido de responsabilidad, destacando la gesti\u00f3n de su antecesor, Limber Cruz, a quien defini\u00f3 como un\u00a0amigo, productor y gran ser humano. Asegur\u00f3 que dar\u00e1 continuidad a las\u00a0buenas iniciativas\u00a0desarrolladas y que impulsar\u00e1 nuevos proyectos de tecnolog\u00eda e innovaci\u00f3n en beneficio de todos los sectores productivos.<\/p>\n<p>Aunque proviene del sector arrocero, afirm\u00f3 que su compromiso abarca todo el agro nacional.\u00a0\u201cMi sangre es agropecuaria, desde la A hasta la Z\u201d,\u00a0expres\u00f3, al se\u00f1alar que conoce de primera mano el sacrificio que implica producir alimentos en el pa\u00eds y que el sector contar\u00e1 con un aliado que\u00a0trabajar\u00e1 24\/7.<\/p>\n<p>Espaillat Bencosme subray\u00f3 que la seguridad alimentaria es uno de los\u00a0principales desaf\u00edos\u00a0del mundo y que la Rep\u00fablica Dominicana no es la excepci\u00f3n, resaltando que el pa\u00eds produce m\u00e1s del\u00a090 %\u00a0de los alimentos que consume, una cifra que \u2014dijo\u2014 debe\u00a0ampliarse y fortalecerse.<\/p>\n<p>Finalmente, hizo un llamado a todos los sectores productivos a confiar en el pa\u00eds y en su porvenir, asegurando que desde el\u00a0Ministerio de Agricultura\u00a0se trabajar\u00e1 con todos en igualdad de condiciones, con\u00a0di\u00e1logo, respeto y visi\u00f3n de futuro.<\/p>\n<p><strong>Liderazgo sector agropecuario\u00a0<\/strong><\/p>\n<p>Francisco Oliverio Espaillat Bencosme es uno de los principales propulsores de la\u00a0mecanizaci\u00f3n agr\u00edcola\u00a0en la Rep\u00fablica Dominicana, especialmente en el cultivo del arroz, con una trayectoria que ha trascendido a nivel nacional e internacional.<\/p>\n<p>Es\u00a0ingeniero agr\u00f3nomo, graduado cum laude de la Pontificia Universidad Cat\u00f3lica Madre y Maestra (PUCMM), campus Santiago, y fue reconocido en 2016 como\u00a0Agroempresario del A\u00f1o, distinci\u00f3n que resalt\u00f3 sus aportes al desarrollo y modernizaci\u00f3n del sector agropecuario.<\/p>\n<p>Su experiencia incluye proyectos de alto impacto como la recuperaci\u00f3n de tierras improductivas en Puerto Rico, donde logr\u00f3 establecer y producir\u00a010,000 tareas de arroz\u00a0en apenas 90 d\u00edas, adem\u00e1s de su participaci\u00f3n en eventos internacionales en pa\u00edses como\u00a0China, Jap\u00f3n, Costa Rica, Brasil, Estados Unidos, Nicaragua y Panam\u00e1.<\/p>\n<p>Desde\u00a01989\u00a0se ha dedicado a la producci\u00f3n de arroz y ha ocupado posiciones de liderazgo en entidades clave del sector, entre ellas la presidencia de la Federaci\u00f3n Nacional de Productores de Arroz\u00a0(Fenarroz)\u00a0y de la Asociaci\u00f3n de Productores del Nordeste\u00a0(Aprano), as\u00ed como su rol como miembro fundador de la Asociaci\u00f3n de Aplicadores A\u00e9reos\u00a0(Aplica).<\/p>\n","protected":false},"excerpt":{"rendered":"<p>Por Servicios de Primermomento.com SANTO DOMINGO, Rep\u00fablica Dominicana.- El nuevo ministro de Agricultura, Francisco Oliverio Espaillat Bencosme, llam\u00f3 a todos los sectores productivos del pa\u00eds a\u00a0no bajar la guardia\u00a0y reafirm\u00f3 su compromiso de trabajar de manera permanente para seguir garantizando la\u00a0seguridad agroalimentaria\u00a0de la Rep\u00fablica Dominicana. Tras ser juramentado por el ministro administrativo de la Presidencia,\u00a0Andr\u00e9s [&hellip;]<\/p>\n","protected":false},"author":1,"featured_media":458893,"comment_status":"open","ping_status":"open","sticky":false,"template":"","format":"standard","meta":{"_bbp_topic_count":0,"_bbp_reply_count":0,"_bbp_total_topic_count":0,"_bbp_total_reply_count":0,"_bbp_voice_count":0,"_bbp_anonymous_reply_count":0,"_bbp_topic_count_hidden":0,"_bbp_reply_count_hidden":0,"_bbp_forum_subforum_count":0,"footnotes":""},"categories":[35],"tags":[],"class_list":["post-458892","post","type-post","status-publish","format-standard","has-post-thumbnail","category-economia"],"_links":{"self":[{"href":"https:\/\/primermomento.com\/index.php?rest_route=\/wp\/v2\/posts\/458892","targetHints":{"allow":["GET"]}}],"collection":[{"href":"https:\/\/primermomento.com\/index.php?rest_route=\/wp\/v2\/posts"}],"about":[{"href":"https:\/\/primermomento.com\/index.php?rest_route=\/wp\/v2\/types\/post"}],"author":[{"embeddable":true,"href":"https:\/\/primermomento.com\/index.php?rest_route=\/wp\/v2\/users\/1"}],"replies":[{"embeddable":true,"href":"https:\/\/primermomento.com\/index.php?rest_route=%2Fwp%2Fv2%2Fcomments&post=458892"}],"version-history":[{"count":1,"href":"https:\/\/primermomento.com\/index.php?rest_route=\/wp\/v2\/posts\/458892\/revisions"}],"predecessor-version":[{"id":458894,"href":"https:\/\/primermomento.com\/index.php?rest_route=\/wp\/v2\/posts\/458892\/revisions\/458894"}],"wp:featuredmedia":[{"embeddable":true,"href":"https:\/\/primermomento.com\/index.php?rest_route=\/wp\/v2\/media\/458893"}],"wp:attachment":[{"href":"https:\/\/primermomento.com\/index.php?rest_route=%2Fwp%2Fv2%2Fmedia&parent=458892"}],"wp:term":[{"taxonomy":"category","embeddable":true,"href":"https:\/\/primermomento.com\/index.php?rest_route=%2Fwp%2Fv2%2Fcategories&post=458892"},{"taxonomy":"post_tag","embeddable":true,"href":"https:\/\/primermomento.com\/index.php?rest_route=%2Fwp%2Fv2%2Ftags&post=458892"}],"curies":[{"name":"wp","href":"https:\/\/api.w.org\/{rel}","templated":true}]}}