{"id":459091,"date":"2026-01-12T14:13:19","date_gmt":"2026-01-12T19:13:19","guid":{"rendered":"https:\/\/primermomento.com\/?p=459091"},"modified":"2026-01-13T07:26:50","modified_gmt":"2026-01-13T12:26:50","slug":"federales-abren-investigacion-criminal-al-presidente-de-la-reserva-federal-de-eeuu","status":"publish","type":"post","link":"https:\/\/primermomento.com\/?p=459091","title":{"rendered":"Departamento de Justicia abre investigaci\u00f3n criminal al presidente de la Reserva Federal de EEUU"},"content":{"rendered":"<p><iframe loading=\"lazy\" title=\"La Fed bajo presi\u00f3n: Powell se enfrenta posibles cargos penales por las obras de reforma\" width=\"696\" height=\"392\" src=\"https:\/\/www.youtube.com\/embed\/cxyyQfpvAIw?start=1&#038;feature=oembed\" frameborder=\"0\" allow=\"accelerometer; autoplay; clipboard-write; encrypted-media; gyroscope; picture-in-picture; web-share\" referrerpolicy=\"strict-origin-when-cross-origin\" allowfullscreen><\/iframe><\/p>\n<p><strong><em>Por <span style=\"color: #ff0000;\">Prensa Latina<\/span><\/em><\/strong><\/p>\n<p>Washington, EEUU.- El presidente de la Reserva Federal (FED), Jerome Powell, est\u00e1 hoy en el centro de una investigaci\u00f3n del Departamento de Justicia de Estados Unidos, consecuencia de \u201camenazas y presiones constantes\u201d, dijo.<\/p>\n<p>Oficialmente el caso est\u00e1 relacionado con su testimonio en el Senado sobre la remodelaci\u00f3n de la sede del banco central, pero Powell advirti\u00f3 que se trata de una represalia pol\u00edtica.<\/p>\n<p>Seg\u00fan trascendi\u00f3 aqu\u00ed, fiscales federales abrieron la pesquisa penal a partir de los cuestionamientos del presidente Donald Trump y miembros de su gabinete por el gasto para la renovaci\u00f3n de la sede de la FED en esta capital, la cual se habr\u00eda disparado de los dos mil 500 millones de d\u00f3lares a tres mil 100, cifra que refut\u00f3.<\/p>\n<figure id=\"attachment_459092\" aria-describedby=\"caption-attachment-459092\" style=\"width: 300px\" class=\"wp-caption alignright\"><img loading=\"lazy\" decoding=\"async\" class=\"size-medium wp-image-459092\" src=\"https:\/\/primermomento.com\/wp-content\/uploads\/2026\/01\/Jerome-Powell-1-1-300x204.jpg\" alt=\"\" width=\"300\" height=\"204\" srcset=\"https:\/\/primermomento.com\/wp-content\/uploads\/2026\/01\/Jerome-Powell-1-1-300x204.jpg 300w, https:\/\/primermomento.com\/wp-content\/uploads\/2026\/01\/Jerome-Powell-1-1-768x521.jpg 768w, https:\/\/primermomento.com\/wp-content\/uploads\/2026\/01\/Jerome-Powell-1-1-696x472.jpg 696w, https:\/\/primermomento.com\/wp-content\/uploads\/2026\/01\/Jerome-Powell-1-1.jpg 1024w\" sizes=\"auto, (max-width: 300px) 100vw, 300px\" \/><figcaption id=\"caption-attachment-459092\" class=\"wp-caption-text\">Jerome Powell<\/figcaption><\/figure>\n<p>Powell, quien concluye su mandato el pr\u00f3ximo mes de mayo, public\u00f3 anoche un video en el que calific\u00f3 la investigaci\u00f3n de \u201cpretexto\u201d resultado de su lucha continua con el Gobierno de Trump por las tasas de inter\u00e9s.<\/p>\n<p>Subray\u00f3 en ese sentido que todo era un efecto de las \u201camenazas y presiones constantes\u201d m\u00e1s amplias por parte de la actual administraci\u00f3n.<\/p>\n<p>\u201cLa amenaza de cargos penales es consecuencia de que la Reserva Federal fija las tasas de inter\u00e9s bas\u00e1ndose en nuestra mejor evaluaci\u00f3n de lo que servir\u00e1 al p\u00fablico, en lugar de seguir las preferencias del presidente\u201d, enfatiz\u00f3.<\/p>\n<p>Argument\u00f3 que \u201cesto trata sobre si la Fed podr\u00e1 continuar fijando las tasas de inter\u00e9s seg\u00fan la evidencia y las condiciones econ\u00f3micas, o si, en cambio, la pol\u00edtica monetaria ser\u00e1 dirigida por presi\u00f3n pol\u00edtica o intimidaci\u00f3n\u201d.<\/p>\n<p>La decisi\u00f3n de abrir esta investigaci\u00f3n env\u00eda un mensaje potencialmente intimidante a Powell y los sucesores en el cargo, alertan medios locales.<\/p>\n<p>Los ataques de Trump contra Powell hacen suponer que en lo adelante estar\u00eda afectada la tradicional independencia pol\u00edtica de la Fed, porque el sustituto en la FED despu\u00e9s de mayo enfrentar\u00eda presiones continuas, rese\u00f1\u00f3 la CNN.<\/p>\n<p>El ocupante del Despacho Oval incluso sugiri\u00f3 que el presidente de Estados Unidos deber\u00eda tener voz en las decisiones sobre las tasas de inter\u00e9s, algo que no es del agrado de inversionistas y economistas.<\/p>\n","protected":false},"excerpt":{"rendered":"<p>Por Prensa Latina Washington, EEUU.- El presidente de la Reserva Federal (FED), Jerome Powell, est\u00e1 hoy en el centro de una investigaci\u00f3n del Departamento de Justicia de Estados Unidos, consecuencia de \u201camenazas y presiones constantes\u201d, dijo. Oficialmente el caso est\u00e1 relacionado con su testimonio en el Senado sobre la remodelaci\u00f3n de la sede del banco [&hellip;]<\/p>\n","protected":false},"author":1,"featured_media":459092,"comment_status":"open","ping_status":"open","sticky":false,"template":"","format":"video","meta":{"_bbp_topic_count":0,"_bbp_reply_count":0,"_bbp_total_topic_count":0,"_bbp_total_reply_count":0,"_bbp_voice_count":0,"_bbp_anonymous_reply_count":0,"_bbp_topic_count_hidden":0,"_bbp_reply_count_hidden":0,"_bbp_forum_subforum_count":0,"footnotes":""},"categories":[35,106],"tags":[],"class_list":{"0":"post-459091","1":"post","2":"type-post","3":"status-publish","4":"format-video","5":"has-post-thumbnail","7":"category-economia","8":"category-video-news","9":"post_format-post-format-video"},"_links":{"self":[{"href":"https:\/\/primermomento.com\/index.php?rest_route=\/wp\/v2\/posts\/459091","targetHints":{"allow":["GET"]}}],"collection":[{"href":"https:\/\/primermomento.com\/index.php?rest_route=\/wp\/v2\/posts"}],"about":[{"href":"https:\/\/primermomento.com\/index.php?rest_route=\/wp\/v2\/types\/post"}],"author":[{"embeddable":true,"href":"https:\/\/primermomento.com\/index.php?rest_route=\/wp\/v2\/users\/1"}],"replies":[{"embeddable":true,"href":"https:\/\/primermomento.com\/index.php?rest_route=%2Fwp%2Fv2%2Fcomments&post=459091"}],"version-history":[{"count":3,"href":"https:\/\/primermomento.com\/index.php?rest_route=\/wp\/v2\/posts\/459091\/revisions"}],"predecessor-version":[{"id":459129,"href":"https:\/\/primermomento.com\/index.php?rest_route=\/wp\/v2\/posts\/459091\/revisions\/459129"}],"wp:featuredmedia":[{"embeddable":true,"href":"https:\/\/primermomento.com\/index.php?rest_route=\/wp\/v2\/media\/459092"}],"wp:attachment":[{"href":"https:\/\/primermomento.com\/index.php?rest_route=%2Fwp%2Fv2%2Fmedia&parent=459091"}],"wp:term":[{"taxonomy":"category","embeddable":true,"href":"https:\/\/primermomento.com\/index.php?rest_route=%2Fwp%2Fv2%2Fcategories&post=459091"},{"taxonomy":"post_tag","embeddable":true,"href":"https:\/\/primermomento.com\/index.php?rest_route=%2Fwp%2Fv2%2Ftags&post=459091"}],"curies":[{"name":"wp","href":"https:\/\/api.w.org\/{rel}","templated":true}]}}