{"id":459146,"date":"2026-01-13T05:00:08","date_gmt":"2026-01-13T10:00:08","guid":{"rendered":"https:\/\/primermomento.com\/?p=459146"},"modified":"2026-01-13T08:17:18","modified_gmt":"2026-01-13T13:17:18","slug":"el-cooperativismo-como-expresion-del-estado-social-y-democratico-de-derecho","status":"publish","type":"post","link":"https:\/\/primermomento.com\/?p=459146","title":{"rendered":"El cooperativismo como expresi\u00f3n del Estado Social y Democr\u00e1tico de Derecho"},"content":{"rendered":"<p><em><strong>Por <span style=\"color: #ff0000;\">Rafael D\u00edaz Filpo<\/span><\/strong><\/em><\/p>\n<p>El cooperativismo, visto desde el Derecho constitucional, constituye una forma de organizaci\u00f3n econ\u00f3mica y social integrada al modelo del Estado Social y Democr\u00e1tico de Derecho. Su fundamento no se agota en la legislaci\u00f3n especial que lo regula, sino que encuentra sustento en principios constitucionales como la dignidad humana, la solidaridad, la igualdad material y la participaci\u00f3n democr\u00e1tica.<\/p>\n<figure id=\"attachment_459147\" aria-describedby=\"caption-attachment-459147\" style=\"width: 300px\" class=\"wp-caption alignleft\"><img loading=\"lazy\" decoding=\"async\" class=\"size-medium wp-image-459147\" src=\"https:\/\/primermomento.com\/wp-content\/uploads\/2026\/01\/PHOTO-2026-01-13-03-40-36-300x192.jpg\" alt=\"\" width=\"300\" height=\"192\" srcset=\"https:\/\/primermomento.com\/wp-content\/uploads\/2026\/01\/PHOTO-2026-01-13-03-40-36-300x192.jpg 300w, https:\/\/primermomento.com\/wp-content\/uploads\/2026\/01\/PHOTO-2026-01-13-03-40-36.jpg 375w\" sizes=\"auto, (max-width: 300px) 100vw, 300px\" \/><figcaption id=\"caption-attachment-459147\" class=\"wp-caption-text\">Rafael D\u00edaz Filpo<br \/>Juez Em\u00e9rito primer sustituto del presidente del Tribunal Constitucional de la Rep\u00fablica Dominicana<\/figcaption><\/figure>\n<p>La Constituci\u00f3n dominicana concibe la actividad econ\u00f3mica subordinada al inter\u00e9s general y a la funci\u00f3n social que debe cumplir. En ese marco, el cooperativismo articula la iniciativa privada con una l\u00f3gica de participaci\u00f3n colectiva, donde las decisiones y los beneficios se distribuyen conforme a criterios democr\u00e1ticos y solidarios. Esta estructura interna lo convierte en una expresi\u00f3n coherente del constitucionalismo social.<\/p>\n<p>El proceso de constitucionalizaci\u00f3n del Derecho ha permitido que los principios constitucionales proyecten su eficacia sobre \u00e1mbitos tradicionalmente regulados por el Derecho privado. En un ordenamiento constitucionalizado, la Carta Magna act\u00faa como norma jur\u00eddica vinculante que orienta la interpretaci\u00f3n y aplicaci\u00f3n de todo el sistema jur\u00eddico. El cooperativismo debe ser comprendido y desarrollado dentro de ese marco, evitando lecturas meramente mercantiles que desnaturalicen su esencia social.<\/p>\n<p>La fuerza normativa de la Constituci\u00f3n impone a los poderes p\u00fablicos el deber de interpretar, regular y promover el cooperativismo conforme a su naturaleza jur\u00eddica y a su funci\u00f3n social. Legislador, administraci\u00f3n y jueces est\u00e1n llamados a garantizar que su regulaci\u00f3n preserve los valores constitucionales que le dan sentido, evitando restricciones que comprometan su desarrollo o su autonom\u00eda democr\u00e1tica.<\/p>\n<p>La Constituci\u00f3n de 2010 consolid\u00f3 este enfoque al proclamar expresamente el car\u00e1cter social del Estado y al fortalecer los mecanismos de garant\u00eda de los derechos fundamentales. Este marco permite reconocer al cooperativismo como una figura jur\u00eddica integrada al orden constitucional, cuya protecci\u00f3n se extiende m\u00e1s all\u00e1 del plano legal y se inserta en la l\u00f3gica del Estado Social y Democr\u00e1tico de Derecho.<\/p>\n","protected":false},"excerpt":{"rendered":"<p>Por Rafael D\u00edaz Filpo El cooperativismo, visto desde el Derecho constitucional, constituye una forma de organizaci\u00f3n econ\u00f3mica y social integrada al modelo del Estado Social y Democr\u00e1tico de Derecho. Su fundamento no se agota en la legislaci\u00f3n especial que lo regula, sino que encuentra sustento en principios constitucionales como la dignidad humana, la solidaridad, la [&hellip;]<\/p>\n","protected":false},"author":1,"featured_media":439656,"comment_status":"open","ping_status":"open","sticky":false,"template":"","format":"standard","meta":{"_bbp_topic_count":0,"_bbp_reply_count":0,"_bbp_total_topic_count":0,"_bbp_total_reply_count":0,"_bbp_voice_count":0,"_bbp_anonymous_reply_count":0,"_bbp_topic_count_hidden":0,"_bbp_reply_count_hidden":0,"_bbp_forum_subforum_count":0,"footnotes":""},"categories":[33],"tags":[],"class_list":{"0":"post-459146","1":"post","2":"type-post","3":"status-publish","4":"format-standard","5":"has-post-thumbnail","7":"category-opinion"},"_links":{"self":[{"href":"https:\/\/primermomento.com\/index.php?rest_route=\/wp\/v2\/posts\/459146","targetHints":{"allow":["GET"]}}],"collection":[{"href":"https:\/\/primermomento.com\/index.php?rest_route=\/wp\/v2\/posts"}],"about":[{"href":"https:\/\/primermomento.com\/index.php?rest_route=\/wp\/v2\/types\/post"}],"author":[{"embeddable":true,"href":"https:\/\/primermomento.com\/index.php?rest_route=\/wp\/v2\/users\/1"}],"replies":[{"embeddable":true,"href":"https:\/\/primermomento.com\/index.php?rest_route=%2Fwp%2Fv2%2Fcomments&post=459146"}],"version-history":[{"count":1,"href":"https:\/\/primermomento.com\/index.php?rest_route=\/wp\/v2\/posts\/459146\/revisions"}],"predecessor-version":[{"id":459148,"href":"https:\/\/primermomento.com\/index.php?rest_route=\/wp\/v2\/posts\/459146\/revisions\/459148"}],"wp:featuredmedia":[{"embeddable":true,"href":"https:\/\/primermomento.com\/index.php?rest_route=\/wp\/v2\/media\/439656"}],"wp:attachment":[{"href":"https:\/\/primermomento.com\/index.php?rest_route=%2Fwp%2Fv2%2Fmedia&parent=459146"}],"wp:term":[{"taxonomy":"category","embeddable":true,"href":"https:\/\/primermomento.com\/index.php?rest_route=%2Fwp%2Fv2%2Fcategories&post=459146"},{"taxonomy":"post_tag","embeddable":true,"href":"https:\/\/primermomento.com\/index.php?rest_route=%2Fwp%2Fv2%2Ftags&post=459146"}],"curies":[{"name":"wp","href":"https:\/\/api.w.org\/{rel}","templated":true}]}}