{"id":459175,"date":"2026-01-13T05:05:24","date_gmt":"2026-01-13T10:05:24","guid":{"rendered":"https:\/\/primermomento.com\/?p=459175"},"modified":"2026-01-13T16:52:36","modified_gmt":"2026-01-13T21:52:36","slug":"psicosis-y-salud-mental-en-la-republica-dominicana-entre-la-crisis-y-el-abandono","status":"publish","type":"post","link":"https:\/\/primermomento.com\/?p=459175","title":{"rendered":"Psicosis y salud mental en la Rep\u00fablica Dominicana: entre la crisis y el abandono"},"content":{"rendered":"<div>\n<p><strong><em><span lang=\"ES-DO\">Por <span style=\"color: #ff0000;\">Ram\u00f3n Ceballo<\/span><\/span><\/em><\/strong><\/p>\n<p><span lang=\"ES-DO\">En la Rep\u00fablica Dominicana, la psicosis constituye uno de los trastornos mentales m\u00e1s graves y, al mismo tiempo, uno de los m\u00e1s invisibilizado. Lejos de ser \u00fanicamente un problema individual o familiar, la psicosis pone en evidencia una profunda deuda estructural del sistema de salud p\u00fablica dominicano en materia de salud mental.<\/span><\/p>\n<figure id=\"attachment_458434\" aria-describedby=\"caption-attachment-458434\" style=\"width: 231px\" class=\"wp-caption alignleft\"><img loading=\"lazy\" decoding=\"async\" class=\"size-full wp-image-458434\" src=\"https:\/\/primermomento.com\/wp-content\/uploads\/2025\/12\/Ramon-Ceballo1.jpg\" alt=\"\" width=\"231\" height=\"273\" \/><figcaption id=\"caption-attachment-458434\" class=\"wp-caption-text\">Ram\u00f3n Ceballo<br \/>sic\u00f3logo y psiquiatra.<\/figcaption><\/figure>\n<p><span lang=\"ES-DO\">A pesar de que sus manifestaciones cl\u00ednicas, delirios, alucinaciones, pensamiento desorganizado y conductas extra\u00f1as, impactan de manera severa la vida de quienes la padecen y de su entorno, el abordaje institucional contin\u00faa siendo tard\u00edo, fragmentado y excesivamente centralizado.<\/span><\/p>\n<p><span lang=\"ES-DO\">Desde el punto de vista cl\u00ednico, la psicosis implica una ruptura con la realidad que deteriora gravemente la capacidad de la persona para estudiar, trabajar y sostener v\u00ednculos sociales estables, profundizando as\u00ed su exclusi\u00f3n y vulnerabilidad social.<\/span><\/p>\n<p><span lang=\"ES-DO\">A los s\u00edntomas m\u00e1s visibles se suman los llamados s\u00edntomas negativos, tales como,\u00a0\u00a0aislamiento, apat\u00eda, p\u00e9rdida de motivaci\u00f3n y empobrecimiento emocional.\u00a0Estos \u00faltimos son los que m\u00e1s deterioran la funcionalidad a largo plazo y se consolidan cuando no existe atenci\u00f3n temprana ni seguimiento cont\u00ednuo.<\/span><\/p>\n<p><span lang=\"ES-DO\">En la Rep\u00fablica Dominicana, las estad\u00edsticas disponibles, aunque limitadas, revelan la magnitud del problema, aproximadamente el\u00a023 % de las personas que solicitan servicios de salud mental en el sistema p\u00fablico lo hacen por esquizofrenia, uno de los principales trastornos psic\u00f3ticos.\u00a0<\/span><\/p>\n<p><span lang=\"ES-DO\">Esta cifra no representa la prevalencia poblacional, sino la\u00a0carga asistencial\u00a0que generan los trastornos psic\u00f3ticos dentro del sistema sanitario. Esta estad\u00edstica alta de la esquizofrenia en las consultas se explica por la naturaleza de la psicosis. Estos trastornos tienden a manifestarse en forma de crisis recurrentes.\u00a0<\/span><\/p>\n<p><span lang=\"ES-DO\">Las personas con psicosis requieren atenci\u00f3n especializada, pues presentan reca\u00eddas frecuentes, por lo tanto, necesitan hospitalizaciones repetidas y son resistentes al tratamiento.\u00a0Aunque menor en n\u00famero poblacional, utilizan de manera intensiva los servicios psiqui\u00e1tricos p\u00fablicos.<\/span><\/p>\n<p><span lang=\"ES-DO\">No es casual, entonces, que la esquizofrenia sea una de las principales causas de hospitalizaci\u00f3n de salud mental en el pa\u00eds.\u00a0Esto evidencia un modelo de atenci\u00f3n reactivo, centrado en la crisis, m\u00e1s que en la prevenci\u00f3n y el acompa\u00f1amiento comunitario.<\/span><\/p>\n<p><span lang=\"ES-DO\">\u00a0La falta de detecci\u00f3n temprana y continuidad terap\u00e9utica empuja a las personas a ciclos repetidos de descompensaci\u00f3n, internamiento y abandono del tratamiento. La evidencia cient\u00edfica indica que la psicosis afecta a hombres y mujeres en proporciones similares, pero no de la misma forma ni en el mismo momento de la vida.\u00a0<\/span><\/p>\n<p><span lang=\"ES-DO\">En los hombres, el inicio suele producirse entre los quince y veinticinco a\u00f1os, con mayor deterioro funcional y mayor asociaci\u00f3n al consumo de sustancias. En las mujeres, el debut suele ser m\u00e1s tard\u00edo y con mejor respuesta inicial al tratamiento.<\/span><\/p>\n<p><span lang=\"ES-DO\">A este panorama se suma el componente hereditario. La psicosis no se hereda de forma directa, pero existe una vulnerabilidad gen\u00e9tica que, combinada con factores sociales como pobreza, violencia, desempleo y consumo de drogas, incrementa el riesgo.\u00a0<\/span><\/p>\n<p><span lang=\"ES-DO\">En la Rep\u00fablica Dominicana, estas condiciones estructurales act\u00faan como detonantes del trastorno. El estigma social sigue siendo una barrera decisiva. En muchas comunidades, la psicosis se asocia a peligrosidad o castigo, retrasando la b\u00fasqueda de ayuda y profundizando el aislamiento.\u00a0<\/span><\/p>\n<p><span lang=\"ES-DO\">La enfermedad termina siendo gestionada por las familias o por la coerci\u00f3n institucional, debido a la ausencia de pol\u00edticas p\u00fablicas eficaces. Por lo tanto, abordar la psicosis como problema de salud p\u00fablica exige un cambio de enfoque que fortalezca la atenci\u00f3n primaria, desarrollando servicios comunitarios y garantizando continuidad terap\u00e9utica son opciones, de urgencias.\u00a0<\/span><\/p>\n<p><span lang=\"ES-DO\">Mientras la salud mental siga siendo marginal en la agenda p\u00fablica dominicana, el sistema seguir\u00e1 llegando tarde, y llegar tarde siempre significa m\u00e1s crisis, m\u00e1s hospitalizaciones y m\u00e1s vidas quebradas.\u00a0Invertir en prevenci\u00f3n, educaci\u00f3n y acompa\u00f1amiento temprano permitir\u00eda reducir costos, sufrimiento y exclusi\u00f3n social.\u00a0<\/span><\/p>\n<p><span lang=\"ES-DO\">La psicosis, tratada a tiempo, no condena a la marginalidad. Ignorarla, en cambio, perpet\u00faa un modelo sanitario ineficiente que castiga a los m\u00e1s vulnerables y normaliza la emergencia como \u00fanica respuesta institucional del sistema p\u00fablico.<\/span><\/p>\n<\/div>\n","protected":false},"excerpt":{"rendered":"<p>Por Ram\u00f3n Ceballo En la Rep\u00fablica Dominicana, la psicosis constituye uno de los trastornos mentales m\u00e1s graves y, al mismo tiempo, uno de los m\u00e1s invisibilizado. Lejos de ser \u00fanicamente un problema individual o familiar, la psicosis pone en evidencia una profunda deuda estructural del sistema de salud p\u00fablica dominicano en materia de salud mental. [&hellip;]<\/p>\n","protected":false},"author":1,"featured_media":459177,"comment_status":"open","ping_status":"open","sticky":false,"template":"","format":"standard","meta":{"_bbp_topic_count":0,"_bbp_reply_count":0,"_bbp_total_topic_count":0,"_bbp_total_reply_count":0,"_bbp_voice_count":0,"_bbp_anonymous_reply_count":0,"_bbp_topic_count_hidden":0,"_bbp_reply_count_hidden":0,"_bbp_forum_subforum_count":0,"footnotes":""},"categories":[33],"tags":[],"class_list":{"0":"post-459175","1":"post","2":"type-post","3":"status-publish","4":"format-standard","5":"has-post-thumbnail","7":"category-opinion"},"_links":{"self":[{"href":"https:\/\/primermomento.com\/index.php?rest_route=\/wp\/v2\/posts\/459175","targetHints":{"allow":["GET"]}}],"collection":[{"href":"https:\/\/primermomento.com\/index.php?rest_route=\/wp\/v2\/posts"}],"about":[{"href":"https:\/\/primermomento.com\/index.php?rest_route=\/wp\/v2\/types\/post"}],"author":[{"embeddable":true,"href":"https:\/\/primermomento.com\/index.php?rest_route=\/wp\/v2\/users\/1"}],"replies":[{"embeddable":true,"href":"https:\/\/primermomento.com\/index.php?rest_route=%2Fwp%2Fv2%2Fcomments&post=459175"}],"version-history":[{"count":1,"href":"https:\/\/primermomento.com\/index.php?rest_route=\/wp\/v2\/posts\/459175\/revisions"}],"predecessor-version":[{"id":459178,"href":"https:\/\/primermomento.com\/index.php?rest_route=\/wp\/v2\/posts\/459175\/revisions\/459178"}],"wp:featuredmedia":[{"embeddable":true,"href":"https:\/\/primermomento.com\/index.php?rest_route=\/wp\/v2\/media\/459177"}],"wp:attachment":[{"href":"https:\/\/primermomento.com\/index.php?rest_route=%2Fwp%2Fv2%2Fmedia&parent=459175"}],"wp:term":[{"taxonomy":"category","embeddable":true,"href":"https:\/\/primermomento.com\/index.php?rest_route=%2Fwp%2Fv2%2Fcategories&post=459175"},{"taxonomy":"post_tag","embeddable":true,"href":"https:\/\/primermomento.com\/index.php?rest_route=%2Fwp%2Fv2%2Ftags&post=459175"}],"curies":[{"name":"wp","href":"https:\/\/api.w.org\/{rel}","templated":true}]}}