{"id":459217,"date":"2026-01-14T07:47:23","date_gmt":"2026-01-14T12:47:23","guid":{"rendered":"https:\/\/primermomento.com\/?p=459217"},"modified":"2026-01-14T13:50:53","modified_gmt":"2026-01-14T18:50:53","slug":"testigo-del-tiempo-la-ola-de-trump","status":"publish","type":"post","link":"https:\/\/primermomento.com\/?p=459217","title":{"rendered":"Testigo del Tiempo | La Ola de Trump"},"content":{"rendered":"<div dir=\"ltr\">\n<div>\n<p><strong><em>Por <span style=\"color: #ff0000;\">J.C. Malone<\/span><\/em><\/strong><\/p>\n<p>El presidente Donald Trump parece montar una tablita de surf, con los brazos<br \/>\nextendidos, balance\u00e1ndose sobre una ola turbulenta. \u00bfCu\u00e1nto tiempo permanecer\u00e1 montada, c\u00f3mo y cu\u00e1ndo terminar\u00e1 esa ola?<\/p>\n<p>Lo sabremos llegado el momento, pero por ahora, el viento y el mar est\u00e1n en su favor.<br \/>\nTrump est\u00e1 viviendo el sue\u00f1o h\u00famedo de todos sus antecesores; terminar los reg\u00edmenes de Venezuela, Cuba e Ir\u00e1n solo era alucinaci\u00f3n en las fantas\u00edas pol\u00edticas del pasado.<\/p>\n<figure id=\"attachment_442110\" aria-describedby=\"caption-attachment-442110\" style=\"width: 196px\" class=\"wp-caption alignleft\"><img loading=\"lazy\" decoding=\"async\" class=\"size-full wp-image-442110\" src=\"https:\/\/primermomento.com\/wp-content\/uploads\/2025\/05\/J.C.-Malone_Testigo-del-Tiempo.jpg\" alt=\"\" width=\"196\" height=\"244\" \/><figcaption id=\"caption-attachment-442110\" class=\"wp-caption-text\">J.C. Malone<br \/>Analista pol\u00edtico<\/figcaption><\/figure>\n<p>Tras capturar al presidente Nicol\u00e1s Maduro y controlar el petr\u00f3leo de Venezuela, Trump suspendi\u00f3 todas las exportaciones petroleras a Cuba.<\/p>\n<p>Sin energ\u00eda, ninguna naci\u00f3n permanece; ning\u00fan gobierno sobrevive; en Cuba ya no queda \u201cideolog\u00eda\u201d. Hay una \u00e9lite gobernante que somete y oprime a las mayor\u00edas; eso puede estallar en cualquier momento.<\/p>\n<p>Durante 66 a\u00f1os, la Agencia Central de Inteligencia (CIA) intent\u00f3 infructuosamente asesinar a Fidel Castro 638 veces y gast\u00f3 cientos de millones de d\u00f3lares para desestabilizar el r\u00e9gimen cubano. Trump est\u00e1 cerca de lograr lo que sus 10 antecesores so\u00f1aron.<\/p>\n<p>M\u00e9xico est\u00e1 supli\u00e9ndole petr\u00f3leo a Cuba, veamos cu\u00e1nto durar\u00e1.<\/p>\n<p>En 1979, la Revoluci\u00f3n Isl\u00e1mica de Ir\u00e1n fue la primera \u201crevoluci\u00f3n apoyada en<br \/>\ntecnolog\u00eda\u201d.<\/p>\n<p>Desde Par\u00eds, el ayatol\u00e1 Khomeini grababa sermones, introducidos de contrabando a Ir\u00e1n; su discurso incendiario estimul\u00f3 un levantamiento popular; tumbaron el gobierno; triunf\u00f3 la Revoluci\u00f3n Isl\u00e1mica.<\/p>\n<p>Hoy, Ir\u00e1n se cuida de los medios, bloque\u00f3 las se\u00f1ales de los proveedores de internet y tel\u00e9fono celular. Las protestas nacionales demandan el fin de la teocracia y libertades p\u00fablicas. Ir\u00e1n atraviesa una seria crisis econ\u00f3mica. Seg\u00fan el gobierno, van 500 muertos, eso hace suponer que pasan de 2.000.<\/p>\n<p>En Teher\u00e1n, capital iran\u00ed, pelea la inteligencia mundial. Compiten la CIA<br \/>\nestadounidense, el Mossad israel\u00ed, la KGB rusa, el MI6 brit\u00e1nico y casi todos<br \/>\nlos servicios de inteligencia del planeta, intentando dirigir las protestas<br \/>\npopulares.<\/p>\n<p>Nadie sabe c\u00f3mo terminar\u00e1n Venezuela, Cuba ni Ir\u00e1n, solo podemos esperar, pero hasta ahora, Trump sigue montando su ola<\/p>\n<\/div>\n<\/div>\n<div>S\u00edgueme en Youtube&#8230;<\/p>\n<div><a href=\"https:\/\/www.youtube.com\/channel\/UCC_JSYrYV93iklTEhAjiBqQ?view_as=subscriber\" target=\"_blank\" rel=\"noopener\" data-saferedirecturl=\"https:\/\/www.google.com\/url?q=https:\/\/www.youtube.com\/channel\/UCC_JSYrYV93iklTEhAjiBqQ?view_as%3Dsubscriber&amp;source=gmail&amp;ust=1768502559352000&amp;usg=AOvVaw1Sfft56jHwSc4RGGZgzJHd\">https:\/\/www.youtube.com\/<wbr \/>channel\/UCC_<wbr \/>JSYrYV93iklTEhAjiBqQ?view_as=<wbr \/>subscriber<\/a><\/p>\n<div class=\"yj6qo\"><\/div>\n<div class=\"adL\"><\/div>\n<\/div>\n<\/div>\n","protected":false},"excerpt":{"rendered":"<p>Por J.C. Malone El presidente Donald Trump parece montar una tablita de surf, con los brazos extendidos, balance\u00e1ndose sobre una ola turbulenta. \u00bfCu\u00e1nto tiempo permanecer\u00e1 montada, c\u00f3mo y cu\u00e1ndo terminar\u00e1 esa ola? Lo sabremos llegado el momento, pero por ahora, el viento y el mar est\u00e1n en su favor. Trump est\u00e1 viviendo el sue\u00f1o h\u00famedo [&hellip;]<\/p>\n","protected":false},"author":1,"featured_media":458098,"comment_status":"open","ping_status":"open","sticky":false,"template":"","format":"standard","meta":{"_bbp_topic_count":0,"_bbp_reply_count":0,"_bbp_total_topic_count":0,"_bbp_total_reply_count":0,"_bbp_voice_count":0,"_bbp_anonymous_reply_count":0,"_bbp_topic_count_hidden":0,"_bbp_reply_count_hidden":0,"_bbp_forum_subforum_count":0,"footnotes":""},"categories":[33],"tags":[],"class_list":{"0":"post-459217","1":"post","2":"type-post","3":"status-publish","4":"format-standard","5":"has-post-thumbnail","7":"category-opinion"},"_links":{"self":[{"href":"https:\/\/primermomento.com\/index.php?rest_route=\/wp\/v2\/posts\/459217","targetHints":{"allow":["GET"]}}],"collection":[{"href":"https:\/\/primermomento.com\/index.php?rest_route=\/wp\/v2\/posts"}],"about":[{"href":"https:\/\/primermomento.com\/index.php?rest_route=\/wp\/v2\/types\/post"}],"author":[{"embeddable":true,"href":"https:\/\/primermomento.com\/index.php?rest_route=\/wp\/v2\/users\/1"}],"replies":[{"embeddable":true,"href":"https:\/\/primermomento.com\/index.php?rest_route=%2Fwp%2Fv2%2Fcomments&post=459217"}],"version-history":[{"count":1,"href":"https:\/\/primermomento.com\/index.php?rest_route=\/wp\/v2\/posts\/459217\/revisions"}],"predecessor-version":[{"id":459218,"href":"https:\/\/primermomento.com\/index.php?rest_route=\/wp\/v2\/posts\/459217\/revisions\/459218"}],"wp:featuredmedia":[{"embeddable":true,"href":"https:\/\/primermomento.com\/index.php?rest_route=\/wp\/v2\/media\/458098"}],"wp:attachment":[{"href":"https:\/\/primermomento.com\/index.php?rest_route=%2Fwp%2Fv2%2Fmedia&parent=459217"}],"wp:term":[{"taxonomy":"category","embeddable":true,"href":"https:\/\/primermomento.com\/index.php?rest_route=%2Fwp%2Fv2%2Fcategories&post=459217"},{"taxonomy":"post_tag","embeddable":true,"href":"https:\/\/primermomento.com\/index.php?rest_route=%2Fwp%2Fv2%2Ftags&post=459217"}],"curies":[{"name":"wp","href":"https:\/\/api.w.org\/{rel}","templated":true}]}}