{"id":459226,"date":"2026-01-14T07:30:31","date_gmt":"2026-01-14T12:30:31","guid":{"rendered":"https:\/\/primermomento.com\/?p=459226"},"modified":"2026-01-14T15:23:43","modified_gmt":"2026-01-14T20:23:43","slug":"la-democracia-languidece","status":"publish","type":"post","link":"https:\/\/primermomento.com\/?p=459226","title":{"rendered":"La democracia languidece"},"content":{"rendered":"<p><strong><em>Por <span style=\"color: #ff0000;\">Rosario Espinal<\/span><\/em><\/strong><\/p>\n<p>Bajo ataques desde la derecha y la izquierda, la democracia en muchos pa\u00edses languidece. La izquierda radical siempre ha estado inconforme con la oferta democr\u00e1tica: es un enga\u00f1o de la burgues\u00eda, dicen. La derecha radical siempre ha visto con recelos la democracia porque se opone a la garant\u00eda de derechos civiles y sociales.<\/p>\n<p>Que la democracia es imperfecta, no hay dudas. Que es mejor que todos los otros reg\u00edmenes pol\u00edticos, lo dijo Churchill. Por ser imperfecta y nunca poder otorgar todo lo que promete, la democracia con frecuencia colapsa, a pesar de tantas luchas por tenerla.<\/p>\n<figure id=\"attachment_308326\" aria-describedby=\"caption-attachment-308326\" style=\"width: 145px\" class=\"wp-caption alignleft\"><img loading=\"lazy\" decoding=\"async\" class=\"size-full wp-image-308326\" src=\"https:\/\/primermomento.com\/wp-content\/uploads\/2018\/08\/rosario-espinal1.jpg\" alt=\"\" width=\"145\" height=\"145\" srcset=\"https:\/\/primermomento.com\/wp-content\/uploads\/2018\/08\/rosario-espinal1.jpg 145w, https:\/\/primermomento.com\/wp-content\/uploads\/2018\/08\/rosario-espinal1-50x50.jpg 50w, https:\/\/primermomento.com\/wp-content\/uploads\/2018\/08\/rosario-espinal1-118x118.jpg 118w, https:\/\/primermomento.com\/wp-content\/uploads\/2018\/08\/rosario-espinal1-30x30.jpg 30w\" sizes=\"auto, (max-width: 145px) 100vw, 145px\" \/><figcaption id=\"caption-attachment-308326\" class=\"wp-caption-text\">Rosario Espinal<br \/>Polit\u00f3loga<\/figcaption><\/figure>\n<p>En los pa\u00edses de econom\u00edas mercantilistas, con mucha desigualdad y limitados beneficios sociales (como en Am\u00e9rica Latina y el Caribe), la inconformidad con la democracia se aloja en mucha gente. Los derechos civiles se trivializan frente a la precariedad de los derechos sociales y econ\u00f3micos.<\/p>\n<p>En los pa\u00edses de econom\u00edas capitalistas desarrolladas la democracia se afianz\u00f3, pero a\u00fan en esas languidece porque las fuerzas de ultraderecha libran actualmente una batalla feroz contra los derechos alcanzados por grupos hist\u00f3ricamente marginados.<\/p>\n<p>Por ejemplo, un blanco de ataque de la ultraderecha en los pa\u00edses del capitalismo desarrollado son los inmigrantes. Los definen como destructores de la civilizaci\u00f3n occidental que no merecen derechos ni protecci\u00f3n. La expulsi\u00f3n es un decreto.<\/p>\n<p>Los inmigrantes indocumentados reciben la mayor deshonra y persecuci\u00f3n, pero la campa\u00f1a antiinmigrante afecta a todos, independientemente del estatus migratorio.<\/p>\n<div class=\"banner-box\">\n<div id=\"div-gpt-ad-1732723518537-6-1\" data-google-query-id=\"CL3Zj4Dti5IDFTYJigMdll0lVg\">\n<div id=\"google_ads_iframe_\/5168668\/News_Middle_02_0__container__\">Sin la conquista de derechos ni la protecci\u00f3n de derechos adquiridos, estamos ante un Estado autoritario, aunque conserve algunos ribetes democr\u00e1ticos. Y vivimos en la sociedad de la crueldad, donde hay que aplastar para ganar.<\/div>\n<div><\/div>\n<\/div>\n<\/div>\n<p>La democracia es utop\u00eda, un norte para guiar la sociedad hacia un estadio mejor. La dificultad para seguir ese norte es la esencia del descontento y del fracaso.<\/p>\n<p>En la d\u00e9cada de 1930, el mundo presenci\u00f3 el colapso de la mayor\u00eda de las democracias existentes en Europa. Surgi\u00f3 el fascismo, un sistema que promovi\u00f3 el genocidio para quienes consider\u00f3 no merec\u00edan ning\u00fan derecho.<\/p>\n<p>Actualmente caminamos en una direcci\u00f3n similar; y no se ha presentado todav\u00eda una crisis econ\u00f3mica de la magnitud de la Gran Depresi\u00f3n, preludio para el surgimiento del fascismo.<\/p>\n<p>La garant\u00eda de derechos se derrumba dentro de las naciones y a nivel internacional. El uso de la fuerza brutal y vulgar se afirma ante el asombro de muchos que no hacen nada para defender la democracia porque han dejado de creer en ella, si alguna vez creyeron<\/p>\n<p>El ataque a la democracia a\u00fan de manera silenciosa es el signo m\u00e1s evidente de que caminamos hacia el colapso del mundo que conocimos en las \u00faltimas d\u00e9cadas. No fue perfecto ni cercano a ello, pero se avanz\u00f3 en establecer derechos a favor de diversos grupos sociales y mejorar el nivel de vida de mucha gente.<\/p>\n<p>La democracia languidece sin defenderse porque ya fue desacreditada por sus opositores. La ultraderecha avanza en todas las democracias liberales para enterrarlas.<\/p>\n<p>La mentira ha aplastado la verdad y surgen falsos salvadores con sermones de grandeza hueca. Identificarlos es vital para cambiar el rumbo de la humanidad.<\/p>\n","protected":false},"excerpt":{"rendered":"<p>Por Rosario Espinal Bajo ataques desde la derecha y la izquierda, la democracia en muchos pa\u00edses languidece. La izquierda radical siempre ha estado inconforme con la oferta democr\u00e1tica: es un enga\u00f1o de la burgues\u00eda, dicen. La derecha radical siempre ha visto con recelos la democracia porque se opone a la garant\u00eda de derechos civiles y [&hellip;]<\/p>\n","protected":false},"author":1,"featured_media":459227,"comment_status":"open","ping_status":"open","sticky":false,"template":"","format":"standard","meta":{"_bbp_topic_count":0,"_bbp_reply_count":0,"_bbp_total_topic_count":0,"_bbp_total_reply_count":0,"_bbp_voice_count":0,"_bbp_anonymous_reply_count":0,"_bbp_topic_count_hidden":0,"_bbp_reply_count_hidden":0,"_bbp_forum_subforum_count":0,"footnotes":""},"categories":[33],"tags":[],"class_list":{"0":"post-459226","1":"post","2":"type-post","3":"status-publish","4":"format-standard","5":"has-post-thumbnail","7":"category-opinion"},"_links":{"self":[{"href":"https:\/\/primermomento.com\/index.php?rest_route=\/wp\/v2\/posts\/459226","targetHints":{"allow":["GET"]}}],"collection":[{"href":"https:\/\/primermomento.com\/index.php?rest_route=\/wp\/v2\/posts"}],"about":[{"href":"https:\/\/primermomento.com\/index.php?rest_route=\/wp\/v2\/types\/post"}],"author":[{"embeddable":true,"href":"https:\/\/primermomento.com\/index.php?rest_route=\/wp\/v2\/users\/1"}],"replies":[{"embeddable":true,"href":"https:\/\/primermomento.com\/index.php?rest_route=%2Fwp%2Fv2%2Fcomments&post=459226"}],"version-history":[{"count":1,"href":"https:\/\/primermomento.com\/index.php?rest_route=\/wp\/v2\/posts\/459226\/revisions"}],"predecessor-version":[{"id":459228,"href":"https:\/\/primermomento.com\/index.php?rest_route=\/wp\/v2\/posts\/459226\/revisions\/459228"}],"wp:featuredmedia":[{"embeddable":true,"href":"https:\/\/primermomento.com\/index.php?rest_route=\/wp\/v2\/media\/459227"}],"wp:attachment":[{"href":"https:\/\/primermomento.com\/index.php?rest_route=%2Fwp%2Fv2%2Fmedia&parent=459226"}],"wp:term":[{"taxonomy":"category","embeddable":true,"href":"https:\/\/primermomento.com\/index.php?rest_route=%2Fwp%2Fv2%2Fcategories&post=459226"},{"taxonomy":"post_tag","embeddable":true,"href":"https:\/\/primermomento.com\/index.php?rest_route=%2Fwp%2Fv2%2Ftags&post=459226"}],"curies":[{"name":"wp","href":"https:\/\/api.w.org\/{rel}","templated":true}]}}