{"id":459317,"date":"2026-01-15T06:36:15","date_gmt":"2026-01-15T11:36:15","guid":{"rendered":"https:\/\/primermomento.com\/?p=459317"},"modified":"2026-01-15T16:41:24","modified_gmt":"2026-01-15T21:41:24","slug":"impuesto-a-remesas-de-eeuu-bajara-260-millones-de-dolares-a-guatemala","status":"publish","type":"post","link":"https:\/\/primermomento.com\/?p=459317","title":{"rendered":"Impuesto a remesas de EEUU bajar\u00e1 260 millones de d\u00f3lares a Guatemala"},"content":{"rendered":"<p><strong><em>Por <span style=\"color: #ff0000;\">Prensa Latina<\/span><\/em><\/strong><\/p>\n<p>Ciudad de Guatemala, GUATEMALA.- El impuesto a las remesas, aplicado por Estados Unidos desde el 1 de este mes, significar\u00e1 una baja para Guatemala de 260 millones de d\u00f3lares, advirti\u00f3 hoy un medio period\u00edstico local.<\/p>\n<div class=\"elementor-element elementor-element-0aea3a0 elementor-widget elementor-widget-theme-post-content\" data-id=\"0aea3a0\" data-element_type=\"widget\" data-widget_type=\"theme-post-content.default\">\n<div class=\"elementor-widget-container\">\n<p>Esa disposici\u00f3n no tendr\u00e1 un impacto significativo, sin embargo, podr\u00eda llevar a que residentes en aquella naci\u00f3n busquen otros mecanismos, afirm\u00f3 acorde el presidente del Banco Central, Alvaro Gonz\u00e1lez, citado por el estatal Diario de Centroam\u00e9rica.<\/p>\n<p>La autoridad financiera mencion\u00f3 entre las formas para trasladar los fondos las remesas de bolsillo, criptomonedas u otras, de acuerdo con las proyecciones.<\/p>\n<p>Record\u00f3 que el a\u00f1o pasado el pa\u00eds capt\u00f3 25 mil 530 millones de d\u00f3lares (r\u00e9cord hist\u00f3rico), un crecimiento del 18,7 por ciento, y el estimado para 2026 es 26 mil 800 millones, sobre el cinco respecto a 2025.<\/p>\n<p>El gravamen aprobado por Estados Unidos, seg\u00fan el medio, aplica a todos los env\u00edos de dinero, que en el caso chap\u00edn equivalen al 24 por ciento del producto interno bruto y el 20,7 en el \u00e1mbito centroamericano.<\/p>\n<p>El Banco Central expuso aqu\u00ed antes que m\u00e1s de seis millones de personas reciben estos ingresos en divisas, sobre todo en el \u00e1rea rural, y tambi\u00e9n se canaliza una parte hacia inversi\u00f3n.<\/p>\n<p>Adem\u00e1s, acot\u00f3, durante el 2025 por primera vez las remesas alcanzaron en la tierra del quetzal un ingreso diario promedio de 100 millones de d\u00f3lares, mientras mensual fue de dos mil 127,5 millones, superior a los mil 792 millones del 2024.<\/p>\n<p>Subray\u00f3 que la naci\u00f3n duplic\u00f3 en cinco a\u00f1os, desde 2019, la cantidad de env\u00edos recibidos de remesas, con 10 mil 508,3 millones en ese a\u00f1o.<\/p>\n<p>Este pa\u00eds lleva la delantera en la regi\u00f3n y es el segundo de Latinoam\u00e9rica, despu\u00e9s de M\u00e9xico, con Rep\u00fablica Dominicana en tercero y cuarto Colombia.<\/p>\n<p>Estad\u00edsticas de migraci\u00f3n expusieron que en Estados Unidos resid\u00edan aproximadamente 2,8 millones de chapines, quienes conformaban un 92,3 por ciento de los residentes en el extranjero.<\/p>\n<\/div>\n<\/div>\n<div class=\"elementor-element elementor-element-4f75016 elementor-widget elementor-widget-post-info\" data-id=\"4f75016\" data-element_type=\"widget\" data-widget_type=\"post-info.default\">\n<div class=\"elementor-widget-container\">\n<ul class=\"elementor-inline-items elementor-icon-list-items elementor-post-info\">\n<li class=\"elementor-icon-list-item elementor-repeater-item-17dda3e elementor-inline-item\"><em><span class=\"elementor-icon-list-text elementor-post-info__item elementor-post-info__item--type-custom\">#<a href=\"https:\/\/primermomento.com\/?p=459317\" rel=\"tag\">Guatemala<\/a>\u00a0#<a href=\"https:\/\/primermomento.com\/?p=459317\" rel=\"tag\">remesas<\/a><\/span><\/em><\/li>\n<\/ul>\n<\/div>\n<\/div>\n","protected":false},"excerpt":{"rendered":"<p>Por Prensa Latina Ciudad de Guatemala, GUATEMALA.- El impuesto a las remesas, aplicado por Estados Unidos desde el 1 de este mes, significar\u00e1 una baja para Guatemala de 260 millones de d\u00f3lares, advirti\u00f3 hoy un medio period\u00edstico local. Esa disposici\u00f3n no tendr\u00e1 un impacto significativo, sin embargo, podr\u00eda llevar a que residentes en aquella naci\u00f3n [&hellip;]<\/p>\n","protected":false},"author":1,"featured_media":442161,"comment_status":"open","ping_status":"open","sticky":false,"template":"","format":"standard","meta":{"_bbp_topic_count":0,"_bbp_reply_count":0,"_bbp_total_topic_count":0,"_bbp_total_reply_count":0,"_bbp_voice_count":0,"_bbp_anonymous_reply_count":0,"_bbp_topic_count_hidden":0,"_bbp_reply_count_hidden":0,"_bbp_forum_subforum_count":0,"footnotes":""},"categories":[35],"tags":[],"class_list":["post-459317","post","type-post","status-publish","format-standard","has-post-thumbnail","category-economia"],"_links":{"self":[{"href":"https:\/\/primermomento.com\/index.php?rest_route=\/wp\/v2\/posts\/459317","targetHints":{"allow":["GET"]}}],"collection":[{"href":"https:\/\/primermomento.com\/index.php?rest_route=\/wp\/v2\/posts"}],"about":[{"href":"https:\/\/primermomento.com\/index.php?rest_route=\/wp\/v2\/types\/post"}],"author":[{"embeddable":true,"href":"https:\/\/primermomento.com\/index.php?rest_route=\/wp\/v2\/users\/1"}],"replies":[{"embeddable":true,"href":"https:\/\/primermomento.com\/index.php?rest_route=%2Fwp%2Fv2%2Fcomments&post=459317"}],"version-history":[{"count":1,"href":"https:\/\/primermomento.com\/index.php?rest_route=\/wp\/v2\/posts\/459317\/revisions"}],"predecessor-version":[{"id":459318,"href":"https:\/\/primermomento.com\/index.php?rest_route=\/wp\/v2\/posts\/459317\/revisions\/459318"}],"wp:featuredmedia":[{"embeddable":true,"href":"https:\/\/primermomento.com\/index.php?rest_route=\/wp\/v2\/media\/442161"}],"wp:attachment":[{"href":"https:\/\/primermomento.com\/index.php?rest_route=%2Fwp%2Fv2%2Fmedia&parent=459317"}],"wp:term":[{"taxonomy":"category","embeddable":true,"href":"https:\/\/primermomento.com\/index.php?rest_route=%2Fwp%2Fv2%2Fcategories&post=459317"},{"taxonomy":"post_tag","embeddable":true,"href":"https:\/\/primermomento.com\/index.php?rest_route=%2Fwp%2Fv2%2Ftags&post=459317"}],"curies":[{"name":"wp","href":"https:\/\/api.w.org\/{rel}","templated":true}]}}