{"id":459405,"date":"2026-01-16T04:30:10","date_gmt":"2026-01-16T09:30:10","guid":{"rendered":"https:\/\/primermomento.com\/?p=459405"},"modified":"2026-01-16T17:01:21","modified_gmt":"2026-01-16T22:01:21","slug":"la-medalla-que-nunca-debio-ser-entregada-cuando-el-nobel-de-la-paz-se-convierte-en-instrumento-de-vanidad-politica","status":"publish","type":"post","link":"https:\/\/primermomento.com\/?p=459405","title":{"rendered":"La medalla que nunca debi\u00f3 ser entregada: cuando el Nobel de la Paz se convierte en instrumento de vanidad pol\u00edtica"},"content":{"rendered":"<p><strong><em><span lang=\"ES-DO\">Por <span style=\"color: #ff0000;\">Dr. Ram\u00f3n Ceballo<\/span><\/span><\/em><\/strong><\/p>\n<p><span lang=\"ES-DO\">M\u00e1s all\u00e1 del acto simb\u00f3lico de entregar la medalla y los recursos econ\u00f3micos asociados al Premio Nobel de la Paz, el episodio protagonizado por Mar\u00eda Corina Machado y Donald Trump ha abierto un debate m\u00e1s profundo, el uso de s\u00edmbolos universales para alimentar proyectos personales de poder y narrativas pol\u00edticas marcadas por el personalismo y la grandilocuencia.<\/span><\/p>\n<figure id=\"attachment_435960\" aria-describedby=\"caption-attachment-435960\" style=\"width: 268px\" class=\"wp-caption alignright\"><img loading=\"lazy\" decoding=\"async\" class=\"size-full wp-image-435960\" src=\"https:\/\/primermomento.com\/wp-content\/uploads\/2025\/02\/Ramon-Ceballo-ultima-1.jpg\" alt=\"\" width=\"268\" height=\"243\" \/><figcaption id=\"caption-attachment-435960\" class=\"wp-caption-text\">Ram\u00f3n Ceballo<br \/>Sic\u00f3logo y psiquiatra<\/figcaption><\/figure>\n<p><span lang=\"ES-DO\">Especialistas en derecho internacional y gobernanza global han sido categ\u00f3ricos, el Premio Nobel es estrictamente personal e intransferible, no solo en t\u00e9rminos legales, sino tambi\u00e9n \u00e9ticos. Para el polit\u00f3logo noruego Henrik Syse, estudioso del legado del Nobel, \u201ccuando un laureado intenta ceder su premio, se genera una confusi\u00f3n deliberada entre el reconocimiento individual y la propaganda pol\u00edtica, lo que erosiona la credibilidad del galard\u00f3n\u201d.<\/span><\/p>\n<p><span lang=\"ES-DO\">En la misma l\u00ednea, acad\u00e9micos vinculados al Instituto Nobel han recordado que el premio no es una franquicia ni un capital pol\u00edtico reutilizable, sino un reconocimiento hist\u00f3rico asociado a una trayectoria concreta. La medalla puede cambiar de manos; el significado moral del Nobel, no.<\/span><\/p>\n<p><span lang=\"ES-DO\">La gravedad del gesto aumenta cuando se analiza su destinatario. Donald Trump ha construido su liderazgo sobre una narrativa de excepcional\u00edsimo personal, culto a la figura del \u201csalvador\u201d y una permanente b\u00fasqueda de validaci\u00f3n simb\u00f3lica. Desde esta perspectiva, la entrega del Nobel no parece un acto de desprendimiento altruista, sino una maniobra destinada a reforzar su mitolog\u00eda pol\u00edtica y su relato de l\u00edder indispensable frente a las \u00e9lites globales.<\/span><\/p>\n<p><span lang=\"ES-DO\">Trump no necesitaba la medalla para ejercer poder, pero s\u00ed para alimentar su narrativa de grandeza. Y Machado, consciente de que el Nobel no es transferible, opt\u00f3 por un gesto carente de valor jur\u00eddico, pero altamente funcional en t\u00e9rminos propagand\u00edsticos.<\/span><\/p>\n<p><span lang=\"ES-DO\">Incluso sectores opositores al gobierno venezolano han manifestado incomodidad. Para dirigentes y analistas latinoamericanos, el episodio proyecta una imagen de dependencia pol\u00edtica y subordinaci\u00f3n simb\u00f3lica que debilita la narrativa de autonom\u00eda democr\u00e1tica que Machado dice representar.<\/span><\/p>\n<p><span lang=\"ES-DO\">En Europa, parlamentarios y organizaciones defensoras de derechos humanos han advertido que este tipo de acciones banaliza los premios internacionales, convirti\u00e9ndolos en simples objetos de exhibici\u00f3n medi\u00e1tica. La cr\u00edtica es clara, cuando los s\u00edmbolos pierden solemnidad, tambi\u00e9n pierden su capacidad de inspirar.<\/span><\/p>\n<p><span lang=\"ES-DO\">Parad\u00f3jicamente, el mayor da\u00f1o no recae sobre el Nobel ni siquiera sobre Trump, sino sobre la propia causa democr\u00e1tica venezolana. El mensaje que se transmite es peligroso, la lucha por la democracia se subordina a la necesidad de agradar a un l\u00edder extranjero, aun cuando este tenga un historial ampliamente cuestionado en materia de derechos humanos, institucionalidad democr\u00e1tica y respeto al Estado de derecho.<\/span><\/p>\n<p><span lang=\"ES-DO\">La estrategia puede generar titulares moment\u00e1neos, pero a largo plazo erosiona la legitimidad moral del liderazgo opositor, al mostrarlo dispuesto a sacrificar principios simb\u00f3licos en nombre de alianzas coyunturales.<\/span><\/p>\n<p><span lang=\"ES-DO\">Este episodio no es aislado. Forma parte de una tendencia global en la que s\u00edmbolos universales son instrumentalizados para alimentar egos pol\u00edticos y narrativas autorreferenciales. As\u00ed, el Nobel de la Paz, concebido como un reconocimiento a la cooperaci\u00f3n entre pueblos, termina reducido a un trofeo m\u00e1s del personalismo contempor\u00e1neo.<\/span><\/p>\n<p><span lang=\"ES-DO\">Cuando esto ocurre, no solo se degrada el premio, se empobrece la pol\u00edtica y se trivializa la \u00e9tica p\u00fablica.<\/span><\/p>\n<p><span lang=\"ES-DO\">La decisi\u00f3n de Mar\u00eda Corina Machado de entregar la medalla y los recursos del Nobel a Donald Trump, sabiendo que el galard\u00f3n es intransferible, no tiene efectos legales ni hist\u00f3ricos, pero s\u00ed un profundo impacto simb\u00f3lico. Su principal resultado es reforzar la narrativa de grandeza personal de Trump, al tiempo que debilita la seriedad de la causa que dice defender.<\/span><\/p>\n<p><span lang=\"ES-DO\">M\u00e1s que un acto de desprendimiento, fue un gesto de c\u00e1lculo pol\u00edtico; m\u00e1s que una estrategia diplom\u00e1tica, una concesi\u00f3n simb\u00f3lica. Y en pol\u00edtica, cuando los s\u00edmbolos se entregan sin principios, el costo suele pagarse en credibilidad.<\/span><\/p>\n","protected":false},"excerpt":{"rendered":"<p>Por Dr. Ram\u00f3n Ceballo M\u00e1s all\u00e1 del acto simb\u00f3lico de entregar la medalla y los recursos econ\u00f3micos asociados al Premio Nobel de la Paz, el episodio protagonizado por Mar\u00eda Corina Machado y Donald Trump ha abierto un debate m\u00e1s profundo, el uso de s\u00edmbolos universales para alimentar proyectos personales de poder y narrativas pol\u00edticas marcadas [&hellip;]<\/p>\n","protected":false},"author":1,"featured_media":459407,"comment_status":"open","ping_status":"open","sticky":false,"template":"","format":"standard","meta":{"_bbp_topic_count":0,"_bbp_reply_count":0,"_bbp_total_topic_count":0,"_bbp_total_reply_count":0,"_bbp_voice_count":0,"_bbp_anonymous_reply_count":0,"_bbp_topic_count_hidden":0,"_bbp_reply_count_hidden":0,"_bbp_forum_subforum_count":0,"footnotes":""},"categories":[33],"tags":[],"class_list":{"0":"post-459405","1":"post","2":"type-post","3":"status-publish","4":"format-standard","5":"has-post-thumbnail","7":"category-opinion"},"_links":{"self":[{"href":"https:\/\/primermomento.com\/index.php?rest_route=\/wp\/v2\/posts\/459405","targetHints":{"allow":["GET"]}}],"collection":[{"href":"https:\/\/primermomento.com\/index.php?rest_route=\/wp\/v2\/posts"}],"about":[{"href":"https:\/\/primermomento.com\/index.php?rest_route=\/wp\/v2\/types\/post"}],"author":[{"embeddable":true,"href":"https:\/\/primermomento.com\/index.php?rest_route=\/wp\/v2\/users\/1"}],"replies":[{"embeddable":true,"href":"https:\/\/primermomento.com\/index.php?rest_route=%2Fwp%2Fv2%2Fcomments&post=459405"}],"version-history":[{"count":2,"href":"https:\/\/primermomento.com\/index.php?rest_route=\/wp\/v2\/posts\/459405\/revisions"}],"predecessor-version":[{"id":459409,"href":"https:\/\/primermomento.com\/index.php?rest_route=\/wp\/v2\/posts\/459405\/revisions\/459409"}],"wp:featuredmedia":[{"embeddable":true,"href":"https:\/\/primermomento.com\/index.php?rest_route=\/wp\/v2\/media\/459407"}],"wp:attachment":[{"href":"https:\/\/primermomento.com\/index.php?rest_route=%2Fwp%2Fv2%2Fmedia&parent=459405"}],"wp:term":[{"taxonomy":"category","embeddable":true,"href":"https:\/\/primermomento.com\/index.php?rest_route=%2Fwp%2Fv2%2Fcategories&post=459405"},{"taxonomy":"post_tag","embeddable":true,"href":"https:\/\/primermomento.com\/index.php?rest_route=%2Fwp%2Fv2%2Ftags&post=459405"}],"curies":[{"name":"wp","href":"https:\/\/api.w.org\/{rel}","templated":true}]}}