{"id":459412,"date":"2026-01-17T13:38:48","date_gmt":"2026-01-17T18:38:48","guid":{"rendered":"https:\/\/primermomento.com\/?p=459412"},"modified":"2026-01-19T09:22:01","modified_gmt":"2026-01-19T14:22:01","slug":"trump-reparte-aranceles-en-europa-por-oponerse-a-plan-con-groenlandia","status":"publish","type":"post","link":"https:\/\/primermomento.com\/?p=459412","title":{"rendered":"Trump reparte aranceles en Europa por oponerse a plan con Groenlandia"},"content":{"rendered":"<div class=\"elementor-element elementor-element-0aea3a0 elementor-widget elementor-widget-theme-post-content\" data-id=\"0aea3a0\" data-element_type=\"widget\" data-widget_type=\"theme-post-content.default\">\n<div class=\"elementor-widget-container\">\n<p><iframe loading=\"lazy\" title=\"Trump amenaza con aranceles a los pa\u00edses que no apoyen el control de Groenlandia por EE.UU.\" width=\"696\" height=\"392\" src=\"https:\/\/www.youtube.com\/embed\/3vyjkTXVrKY?start=2&#038;feature=oembed\" frameborder=\"0\" allow=\"accelerometer; autoplay; clipboard-write; encrypted-media; gyroscope; picture-in-picture; web-share\" referrerpolicy=\"strict-origin-when-cross-origin\" allowfullscreen><\/iframe><\/p>\n<p><strong><em>Por<span style=\"color: #ff0000;\"> Prensa Latina<\/span><\/em><\/strong><\/p>\n<p>Washington, EEUU.- El presidente Donald Trump anunci\u00f3 hoy un arancel del 10 por ciento desde el 1 de febrero a las importaciones de ocho naciones europeas por oponerse a su objetivo de control de Estados Unidos sobre Groenlandia.<\/p>\n<p>Trump anunci\u00f3 en su habitual tribuna, Truth Social, que la medida afectar\u00e1 a Dinamarca, Noruega, Suecia, Francia, Alemania, el Reino Unido, los Pa\u00edses Bajos y Finlandia, a los que elevar\u00eda a\u00fan m\u00e1s esas tarifas al 25 por ciento el 1 de junio, si no hab\u00eda para la fecha acuerdo para la \u00abcompra completa y total de Groenlandia\u00bb por Estados Unidos.<\/p>\n<p><img loading=\"lazy\" decoding=\"async\" class=\"size-medium wp-image-459413 alignleft\" src=\"https:\/\/primermomento.com\/wp-content\/uploads\/2026\/01\/Trump-y-aranceles-a-UE-300x225.jpg\" alt=\"\" width=\"300\" height=\"225\" srcset=\"https:\/\/primermomento.com\/wp-content\/uploads\/2026\/01\/Trump-y-aranceles-a-UE-300x225.jpg 300w, https:\/\/primermomento.com\/wp-content\/uploads\/2026\/01\/Trump-y-aranceles-a-UE-1024x768.jpg 1024w, https:\/\/primermomento.com\/wp-content\/uploads\/2026\/01\/Trump-y-aranceles-a-UE-768x576.jpg 768w, https:\/\/primermomento.com\/wp-content\/uploads\/2026\/01\/Trump-y-aranceles-a-UE.jpg 1280w\" sizes=\"auto, (max-width: 300px) 100vw, 300px\" \/>La v\u00edspera cientos de personas en Nuuk, capital de Groenlandia, desafiaron las temperaturas bajo cero y la lluvia para marchar por sus calles en apoyo a su autogobierno ante las actuales amenazas de Trump.<\/p>\n<p>Seg\u00fan reportes de prensa, los lugare\u00f1os ondearon sus banderas nacionales rojas y blancas y escucharon canciones al tiempo que se le\u00edan pancartas con mensajes como \u00abGroenlandia no est\u00e1 en venta\u00bb y \u00abGroenlandia ya es GRANDE\u00bb.<\/p>\n<p>Miles de personas se unieron por su parte a una marcha en Copenhague, la capital danesa, portando tambi\u00e9n la bandera de Groenlandia y llevaron carteles con visibles advertencias: \u201cHagamos que Estados Unidos vuelva a ser inteligente\u201d y \u201cManos fuera\u201d.<\/p>\n<p>Una delegaci\u00f3n bipartidista del Congreso de Estados Unidos viaj\u00f3 a Copenhague para bajar tensiones.<\/p>\n<p>Al frente de la comitiva, el senador dem\u00f3crata Chris Coons dijo que la ret\u00f3rica actual en torno a Groenlandia causa preocupaci\u00f3n y expres\u00f3 que espera \u00abque el pueblo del Reino de Dinamarca no pierda la fe en el pueblo estadounidense\u00bb.<\/p>\n<p>Trump ha insistido en que tomar\u00e1 Groenlandia por las buenas o por las malas, de una forma u otra, de s\u00ed o s\u00ed, y que cualquier opci\u00f3n diferente ser\u00eda inaceptable.<\/p>\n<p>Esta semana Groenlandia y Dinamarca plantaron cara en Washington al reiterar que la isla \u00e1rtica no est\u00e1 a la venta.<\/p>\n<p>El ministro de Exteriores de Dinamarca, Lars Lokke Rasmussen, afirm\u00f3 tras conversaciones en esta capital que las ideas que no respeten la integridad territorial de su pa\u00eds y el derecho a la autodeterminaci\u00f3n del pueblo groenland\u00e9s son, por supuesto, totalmente inaceptables.<\/p>\n<p>\u00abEst\u00e1 claro que el presidente (Trump) tiene el deseo de conquistar Groenlandia. Dejamos muy, muy en claro que eso no redunda en inter\u00e9s del Reino\u00bb, recalc\u00f3 Rasmussen.<\/p>\n<p>Su hom\u00f3loga de Groenlandia, Vivian Motzfeldt, indic\u00f3 por su parte que estaban dispuesto a profundizar la cooperaci\u00f3n con Estados Unidos, pero no a costo de su soberan\u00eda.<\/p>\n<p>Rasmussen y Motzfeldt sostuvieron conversaciones en la Casa Blanca con el vicepresidente JD Vance y el secretario de Estado Marco Rubio.<\/p>\n<p>La ret\u00f3rica en torno a la isla \u00e1rtica, rica en reservas de petr\u00f3leo y tierras raras, entre otros codiciados recursos, se increment\u00f3 por parte de Trump en los \u00faltimos d\u00edas.<\/p>\n<p>Para \u00e9l dominar Groenlandia es \u201cvital para la C\u00fapula Dorada que estamos construyendo\u201d, al referirse al sistema de defensa antimisiles que desarrolla el Pent\u00e1gono.<\/p>\n<\/div>\n<\/div>\n<div class=\"elementor-element elementor-element-4f75016 elementor-widget elementor-widget-post-info\" data-id=\"4f75016\" data-element_type=\"widget\" data-widget_type=\"post-info.default\">\n<div class=\"elementor-widget-container\">\n<ul class=\"elementor-inline-items elementor-icon-list-items elementor-post-info\">\n<li class=\"elementor-icon-list-item elementor-repeater-item-17dda3e elementor-inline-item\"><em><span class=\"elementor-icon-list-text elementor-post-info__item elementor-post-info__item--type-custom\">#<a href=\"https:\/\/primermomento.com\/?p=459412\" rel=\"tag\">Dinamarca<\/a>\u00a0#<a href=\"https:\/\/primermomento.com\/?p=459412\" rel=\"tag\">Groenlandia<\/a><\/span><\/em><\/li>\n<\/ul>\n<\/div>\n<\/div>\n","protected":false},"excerpt":{"rendered":"<p>Por Prensa Latina Washington, EEUU.- El presidente Donald Trump anunci\u00f3 hoy un arancel del 10 por ciento desde el 1 de febrero a las importaciones de ocho naciones europeas por oponerse a su objetivo de control de Estados Unidos sobre Groenlandia. Trump anunci\u00f3 en su habitual tribuna, Truth Social, que la medida afectar\u00e1 a Dinamarca, [&hellip;]<\/p>\n","protected":false},"author":1,"featured_media":459413,"comment_status":"open","ping_status":"open","sticky":false,"template":"","format":"video","meta":{"_bbp_topic_count":0,"_bbp_reply_count":0,"_bbp_total_topic_count":0,"_bbp_total_reply_count":0,"_bbp_voice_count":0,"_bbp_anonymous_reply_count":0,"_bbp_topic_count_hidden":0,"_bbp_reply_count_hidden":0,"_bbp_forum_subforum_count":0,"footnotes":""},"categories":[35,106],"tags":[],"class_list":{"0":"post-459412","1":"post","2":"type-post","3":"status-publish","4":"format-video","5":"has-post-thumbnail","7":"category-economia","8":"category-video-news","9":"post_format-post-format-video"},"_links":{"self":[{"href":"https:\/\/primermomento.com\/index.php?rest_route=\/wp\/v2\/posts\/459412","targetHints":{"allow":["GET"]}}],"collection":[{"href":"https:\/\/primermomento.com\/index.php?rest_route=\/wp\/v2\/posts"}],"about":[{"href":"https:\/\/primermomento.com\/index.php?rest_route=\/wp\/v2\/types\/post"}],"author":[{"embeddable":true,"href":"https:\/\/primermomento.com\/index.php?rest_route=\/wp\/v2\/users\/1"}],"replies":[{"embeddable":true,"href":"https:\/\/primermomento.com\/index.php?rest_route=%2Fwp%2Fv2%2Fcomments&post=459412"}],"version-history":[{"count":2,"href":"https:\/\/primermomento.com\/index.php?rest_route=\/wp\/v2\/posts\/459412\/revisions"}],"predecessor-version":[{"id":459416,"href":"https:\/\/primermomento.com\/index.php?rest_route=\/wp\/v2\/posts\/459412\/revisions\/459416"}],"wp:featuredmedia":[{"embeddable":true,"href":"https:\/\/primermomento.com\/index.php?rest_route=\/wp\/v2\/media\/459413"}],"wp:attachment":[{"href":"https:\/\/primermomento.com\/index.php?rest_route=%2Fwp%2Fv2%2Fmedia&parent=459412"}],"wp:term":[{"taxonomy":"category","embeddable":true,"href":"https:\/\/primermomento.com\/index.php?rest_route=%2Fwp%2Fv2%2Fcategories&post=459412"},{"taxonomy":"post_tag","embeddable":true,"href":"https:\/\/primermomento.com\/index.php?rest_route=%2Fwp%2Fv2%2Ftags&post=459412"}],"curies":[{"name":"wp","href":"https:\/\/api.w.org\/{rel}","templated":true}]}}