{"id":459417,"date":"2026-01-17T15:02:44","date_gmt":"2026-01-17T20:02:44","guid":{"rendered":"https:\/\/primermomento.com\/?p=459417"},"modified":"2026-01-19T09:22:24","modified_gmt":"2026-01-19T14:22:24","slug":"macron-responde-a-anuncio-arancelario-de-trump-no-nos-intimida","status":"publish","type":"post","link":"https:\/\/primermomento.com\/?p=459417","title":{"rendered":"Macron responde a anuncio arancelario de Trump: no nos intimida"},"content":{"rendered":"<p><strong><em>Por <span style=\"color: #ff0000;\">Prensa Latina<\/span><\/em><\/strong><\/p>\n<p>Par\u00eds, FRANCIA.- El presidente Emmanuel Macron afirm\u00f3 hoy que Francia no se intimida ante las amenazas de su par estadounidense, Donald Trump, de imponer aranceles a pa\u00edses europeos que enfrenten sus pretensiones de apoderarse de Groenlandia.<\/p>\n<div class=\"elementor-element elementor-element-0aea3a0 elementor-widget elementor-widget-theme-post-content\" data-id=\"0aea3a0\" data-element_type=\"widget\" data-widget_type=\"theme-post-content.default\">\n<div class=\"elementor-widget-container\">\n<p>En su cuenta en X, el jefe de Estado galo consider\u00f3 inaceptables y fuera de contexto los recientes prop\u00f3sitos de Trump, quien anunci\u00f3 derechos de aduana del 10 y del 25 por ciento para ocho pa\u00edses europeos hasta que Washington materialice la compra de la enorme isla que pertenece a Dinamarca.<\/p>\n<p>Seg\u00fan el mandatario estadounidense, las naciones en cuesti\u00f3n, Alemania, Dinamarca, Finlandia, Francia, Noruega, Pa\u00edses Bajos, Suecia y Reino Unido, participan en \u201cun juego peligroso\u201d, en alusi\u00f3n a una misi\u00f3n militar desplegada en Groenlandia en los \u00faltimos tres d\u00edas para apoyar a Copenhague frente a las presiones de la Casa Blanca.<\/p>\n<p>\u201cFrancia est\u00e1 ligada a la soberan\u00eda y la independencia de las naciones, en Europa y m\u00e1s all\u00e1. Esto preside nuestras decisiones. Esto representa nuestro compromiso con la ONU y su Carta\u201d, subray\u00f3 Macron en la red social.<\/p>\n<p>De acuerdo con el l\u00edder franc\u00e9s, a partir de dicha postura Par\u00eds respald\u00f3 y seguir\u00e1 haci\u00e9ndolo con Ucrania y ahora hace lo mismo con Groenlandia.<\/p>\n<p>Decidimos sumarnos al ejercicio organizado por Dinamarca y lo asumimos, porque se trata de la seguridad del \u00c1rtico y de la nuestra en Europa, advirti\u00f3.<\/p>\n<p>Al respecto, insisti\u00f3 en que ninguna intimidaci\u00f3n ni amenaza podr\u00e1 influenciar la conducta de Francia en Ucrania, en Groenlandia o en cualquier otro lugar del mundo donde se presenten tales situaciones.<\/p>\n<p>Macron asegur\u00f3 en X que los europeos responder\u00e1n a las amenazas arancelarias y lo har\u00e1n unidos y coordinados.<\/p>\n<p>\u201cSabremos hacer respetar la soberan\u00eda europea y en ese esp\u00edritu me entrevistar\u00e9 con nuestros socios europeos\u201d, anticip\u00f3.<\/p>\n<p>Trump reiter\u00f3 al anunciar las tarifas aduaneras su tesis de que China y Rusia pretenden a Groenlandia y que Dinamarca no puede defenderla, de ah\u00ed el inter\u00e9s vital de Estados Unidos.<\/p>\n<p>Tanto Beijing como Mosc\u00fa han desmentido las alegadas pretensiones que Trump esgrime.<\/p>\n<\/div>\n<\/div>\n<div class=\"elementor-element elementor-element-4f75016 elementor-widget elementor-widget-post-info\" data-id=\"4f75016\" data-element_type=\"widget\" data-widget_type=\"post-info.default\">\n<div class=\"elementor-widget-container\">\n<ul class=\"elementor-inline-items elementor-icon-list-items elementor-post-info\">\n<li class=\"elementor-icon-list-item elementor-repeater-item-17dda3e elementor-inline-item\"><em><span class=\"elementor-icon-list-text elementor-post-info__item elementor-post-info__item--type-custom\">#<a href=\"https:\/\/primermomento.com\/?p=459417\" rel=\"tag\">Francia<\/a>\u00a0#<a href=\"https:\/\/primermomento.com\/?p=459417\" rel=\"tag\">Groenlandia<\/a>\u00a0#<a href=\"https:\/\/primermomento.com\/?p=459417\" rel=\"tag\">Macron<\/a>\u00a0#<a href=\"https:\/\/primermomento.com\/?p=459417\" rel=\"tag\">trump<\/a><\/span><\/em><\/li>\n<\/ul>\n<\/div>\n<\/div>\n","protected":false},"excerpt":{"rendered":"<p>Por Prensa Latina Par\u00eds, FRANCIA.- El presidente Emmanuel Macron afirm\u00f3 hoy que Francia no se intimida ante las amenazas de su par estadounidense, Donald Trump, de imponer aranceles a pa\u00edses europeos que enfrenten sus pretensiones de apoderarse de Groenlandia. En su cuenta en X, el jefe de Estado galo consider\u00f3 inaceptables y fuera de contexto [&hellip;]<\/p>\n","protected":false},"author":1,"featured_media":459420,"comment_status":"open","ping_status":"open","sticky":false,"template":"","format":"standard","meta":{"_bbp_topic_count":0,"_bbp_reply_count":0,"_bbp_total_topic_count":0,"_bbp_total_reply_count":0,"_bbp_voice_count":0,"_bbp_anonymous_reply_count":0,"_bbp_topic_count_hidden":0,"_bbp_reply_count_hidden":0,"_bbp_forum_subforum_count":0,"footnotes":""},"categories":[35],"tags":[],"class_list":{"0":"post-459417","1":"post","2":"type-post","3":"status-publish","4":"format-standard","5":"has-post-thumbnail","7":"category-economia"},"_links":{"self":[{"href":"https:\/\/primermomento.com\/index.php?rest_route=\/wp\/v2\/posts\/459417","targetHints":{"allow":["GET"]}}],"collection":[{"href":"https:\/\/primermomento.com\/index.php?rest_route=\/wp\/v2\/posts"}],"about":[{"href":"https:\/\/primermomento.com\/index.php?rest_route=\/wp\/v2\/types\/post"}],"author":[{"embeddable":true,"href":"https:\/\/primermomento.com\/index.php?rest_route=\/wp\/v2\/users\/1"}],"replies":[{"embeddable":true,"href":"https:\/\/primermomento.com\/index.php?rest_route=%2Fwp%2Fv2%2Fcomments&post=459417"}],"version-history":[{"count":1,"href":"https:\/\/primermomento.com\/index.php?rest_route=\/wp\/v2\/posts\/459417\/revisions"}],"predecessor-version":[{"id":459419,"href":"https:\/\/primermomento.com\/index.php?rest_route=\/wp\/v2\/posts\/459417\/revisions\/459419"}],"wp:featuredmedia":[{"embeddable":true,"href":"https:\/\/primermomento.com\/index.php?rest_route=\/wp\/v2\/media\/459420"}],"wp:attachment":[{"href":"https:\/\/primermomento.com\/index.php?rest_route=%2Fwp%2Fv2%2Fmedia&parent=459417"}],"wp:term":[{"taxonomy":"category","embeddable":true,"href":"https:\/\/primermomento.com\/index.php?rest_route=%2Fwp%2Fv2%2Fcategories&post=459417"},{"taxonomy":"post_tag","embeddable":true,"href":"https:\/\/primermomento.com\/index.php?rest_route=%2Fwp%2Fv2%2Ftags&post=459417"}],"curies":[{"name":"wp","href":"https:\/\/api.w.org\/{rel}","templated":true}]}}