{"id":459462,"date":"2026-01-19T07:00:35","date_gmt":"2026-01-19T12:00:35","guid":{"rendered":"https:\/\/primermomento.com\/?p=459462"},"modified":"2026-01-19T16:13:15","modified_gmt":"2026-01-19T21:13:15","slug":"testigo-del-tiempo-balance-del-primer-ano","status":"publish","type":"post","link":"https:\/\/primermomento.com\/?p=459462","title":{"rendered":"Testigo del tiempo | Balance del primer a\u00f1o"},"content":{"rendered":"<div dir=\"ltr\">\n<div>\n<p><strong><em>Por <span style=\"color: #ff0000;\">J.C. Malone<\/span><\/em><\/strong><\/p>\n<p>El primer a\u00f1o del segundo gobierno de Donald Trump, presenta un balance positivo. Trump hace cumplir las leyes que escogi\u00f3 cumplir, pese a la obstrucci\u00f3n callejera de la oposici\u00f3n.<\/p>\n<p>A nivel interno, Trump tiene serios problemas con el aumento en el costo de la vida; y sus diferencias de criterios con el jefe de la Junta de la Reserva Federal, Jerome Powell, sobre tasas de inter\u00e9s.<\/p>\n<figure id=\"attachment_442110\" aria-describedby=\"caption-attachment-442110\" style=\"width: 196px\" class=\"wp-caption alignleft\"><img loading=\"lazy\" decoding=\"async\" class=\"size-full wp-image-442110\" src=\"https:\/\/primermomento.com\/wp-content\/uploads\/2025\/05\/J.C.-Malone_Testigo-del-Tiempo.jpg\" alt=\"\" width=\"196\" height=\"244\" \/><figcaption id=\"caption-attachment-442110\" class=\"wp-caption-text\">J.C. Malone<br \/>Analista pol\u00edtico<\/figcaption><\/figure>\n<p>Con un equilibrio precario, Trump termin\u00f3 la guerra entre Israel y Ham\u00e1s, tambi\u00e9n se retir\u00f3 del conflicto de Ucrania. Venezuela mantiene un precario equilibrio, menos sangriento que el de Irak, Siria, Libia y de todo el Medio Oriente.<\/p>\n<p>Acept\u00f3 el mundo multipolar, y busca controlar el continente americano, incluyendo a Groenlandia y el Canal de Panam\u00e1.<\/p>\n<p>Trump sac\u00f3 el pa\u00eds de 66 tratados y organismos internacionales controlados por los globalistas. Esta semana hablar\u00e1 ante ellos en Davos, Suiza, ojo con eso.<\/p>\n<p>Trump no ha podido controlar la inflaci\u00f3n como \u00e9l y sus seguidores esperaban. Ha tenido fuerte oposici\u00f3n al cumplimiento de su principal promesa de campa\u00f1a: remover a los indocumentados del pa\u00eds.<\/p>\n<p>Ese escollo, absolutamente pol\u00edtico, es, si se quiere, el m\u00e1s preocupante que enfrenta su administraci\u00f3n, porque es un movimiento muy bien articulado y financiado.<\/p>\n<p>Y llega a extremos en los que ciertos ciudadanos se sienten con derecho a interferir en las actividades policiales impidi\u00e9ndoles a los polic\u00edas migratorios federales cumplir sus misiones.<\/p>\n<p>Tenemos un enfrentamiento directo entre el Gobierno Federal y el gobierno estatal de Minnesota, que apoya todas las protestas. El gobernador, Tim Walz, fue candidato vicepresidencial dem\u00f3crata. El movimiento ya tiene una v\u00edctima, una activista que un polic\u00eda mat\u00f3, es su primera \u201cm\u00e1rtir\u201d y va creciendo.<\/p>\n<p>Minnesota, para quienes llevan anotaciones, es el lugar donde asesinaron a George Floyd en medio de la campa\u00f1a presidencial y la pandemia de COVID-19 en el 2020; su asesinato desat\u00f3 protestas y saqueos a nivel nacional.<\/p>\n<p>El tira y aloja de Minnesota debe ser monitoreado, porque puede ser el inicio de un movimiento que amenace la unidad nacional estadounidense.<\/p>\n<\/div>\n<\/div>\n<div>S\u00edgueme en Youtube&#8230;<\/p>\n<div><a href=\"https:\/\/www.youtube.com\/channel\/UCC_JSYrYV93iklTEhAjiBqQ?view_as=subscriber\" target=\"_blank\" rel=\"noopener\" data-saferedirecturl=\"https:\/\/www.google.com\/url?q=https:\/\/www.youtube.com\/channel\/UCC_JSYrYV93iklTEhAjiBqQ?view_as%3Dsubscriber&amp;source=gmail&amp;ust=1768943369353000&amp;usg=AOvVaw1ifU87V_nxgWfvmQxx3jIC\">https:\/\/www.youtube.com\/<wbr \/>channel\/UCC_<wbr \/>JSYrYV93iklTEhAjiBqQ?view_as=<wbr \/>subscriber<\/a><\/div>\n<\/div>\n","protected":false},"excerpt":{"rendered":"<p>Por J.C. Malone El primer a\u00f1o del segundo gobierno de Donald Trump, presenta un balance positivo. Trump hace cumplir las leyes que escogi\u00f3 cumplir, pese a la obstrucci\u00f3n callejera de la oposici\u00f3n. A nivel interno, Trump tiene serios problemas con el aumento en el costo de la vida; y sus diferencias de criterios con el [&hellip;]<\/p>\n","protected":false},"author":1,"featured_media":459140,"comment_status":"open","ping_status":"open","sticky":false,"template":"","format":"standard","meta":{"_bbp_topic_count":0,"_bbp_reply_count":0,"_bbp_total_topic_count":0,"_bbp_total_reply_count":0,"_bbp_voice_count":0,"_bbp_anonymous_reply_count":0,"_bbp_topic_count_hidden":0,"_bbp_reply_count_hidden":0,"_bbp_forum_subforum_count":0,"footnotes":""},"categories":[33],"tags":[],"class_list":{"0":"post-459462","1":"post","2":"type-post","3":"status-publish","4":"format-standard","5":"has-post-thumbnail","7":"category-opinion"},"_links":{"self":[{"href":"https:\/\/primermomento.com\/index.php?rest_route=\/wp\/v2\/posts\/459462","targetHints":{"allow":["GET"]}}],"collection":[{"href":"https:\/\/primermomento.com\/index.php?rest_route=\/wp\/v2\/posts"}],"about":[{"href":"https:\/\/primermomento.com\/index.php?rest_route=\/wp\/v2\/types\/post"}],"author":[{"embeddable":true,"href":"https:\/\/primermomento.com\/index.php?rest_route=\/wp\/v2\/users\/1"}],"replies":[{"embeddable":true,"href":"https:\/\/primermomento.com\/index.php?rest_route=%2Fwp%2Fv2%2Fcomments&post=459462"}],"version-history":[{"count":1,"href":"https:\/\/primermomento.com\/index.php?rest_route=\/wp\/v2\/posts\/459462\/revisions"}],"predecessor-version":[{"id":459463,"href":"https:\/\/primermomento.com\/index.php?rest_route=\/wp\/v2\/posts\/459462\/revisions\/459463"}],"wp:featuredmedia":[{"embeddable":true,"href":"https:\/\/primermomento.com\/index.php?rest_route=\/wp\/v2\/media\/459140"}],"wp:attachment":[{"href":"https:\/\/primermomento.com\/index.php?rest_route=%2Fwp%2Fv2%2Fmedia&parent=459462"}],"wp:term":[{"taxonomy":"category","embeddable":true,"href":"https:\/\/primermomento.com\/index.php?rest_route=%2Fwp%2Fv2%2Fcategories&post=459462"},{"taxonomy":"post_tag","embeddable":true,"href":"https:\/\/primermomento.com\/index.php?rest_route=%2Fwp%2Fv2%2Ftags&post=459462"}],"curies":[{"name":"wp","href":"https:\/\/api.w.org\/{rel}","templated":true}]}}