{"id":459494,"date":"2026-01-20T07:26:59","date_gmt":"2026-01-20T12:26:59","guid":{"rendered":"https:\/\/primermomento.com\/?p=459494"},"modified":"2026-01-20T14:43:14","modified_gmt":"2026-01-20T19:43:14","slug":"fitur-madrid-despliega-alas-del-turismo-mundial","status":"publish","type":"post","link":"https:\/\/primermomento.com\/?p=459494","title":{"rendered":"Fitur Madrid despliega alas del turismo mundial"},"content":{"rendered":"<p><strong><em>Por <span style=\"color: #ff0000;\">Prensa Latina<\/span><\/em><\/strong><\/p>\n<p>Madrid, ESPA\u00d1A.- Aunque con cierto pesar en su entorno por el accidente de trenes en Espa\u00f1a, la Feria Internacional de Turismo (Fitur) en IFEMA-Madrid despliega alas desde ma\u00f1ana con M\u00e9xico de Pa\u00eds Socio.<\/p>\n<div class=\"elementor-element elementor-element-0aea3a0 elementor-widget elementor-widget-theme-post-content\" data-id=\"0aea3a0\" data-element_type=\"widget\" data-widget_type=\"theme-post-content.default\">\n<div class=\"elementor-widget-container\">\n<p>Si bien prevalece desde anoche el luto oficial en Espa\u00f1a, hoy siguen su curso los preparativos para la cita que reunir\u00e1 a 161 pa\u00edses, 10 mil empresas, 967 expositores y un volumen de ingresos para Madrid calculado en 487 millones de euros.<\/p>\n<p>La 46 edici\u00f3n de una de las mayores vitrinas de la industria sin humo, se desarrollar\u00e1 del 21 al 25 de enero en el mayor recinto ferial espa\u00f1ol, IFEMA, y M\u00e9xico, como Pa\u00eds Socio Invitado, ya desarrolla numerosas actividades de regiones como Quer\u00e9taro, Quintana Roo, Michoac\u00e1n, Morelos y Metepec.<\/p>\n<p>Niurka P\u00e9rez Denis, consejera de Turismo de Cuba para Espa\u00f1a y Portugal, coment\u00f3 a Prensa Latina el aliciente especial de contar como invitado y promotor del estand cubano con el cinco veces campe\u00f3n ol\u00edmpico de lucha grecorromana y uno de los astros del deporte mundial de todos los tiempos, Mija\u00edn L\u00f3pez.<\/p>\n<p>Asimismo, el popular m\u00fasico Isaac Delgado con su orquesta, y una delegaci\u00f3n que represente a las principales firmas, turoperadores y aerol\u00edneas afincadas en la isla caribe\u00f1a.<\/p>\n<p>La especialista detall\u00f3 que entre los objetivos de la mayor de las Antillas en Fitur est\u00e1n identificar oportunidades de mercado, continuar con el posicionamiento de Cuba como destino de algo m\u00e1s que sol y playa, con la cultura, ecoturismo, na\u00fatica, agroturismo, ciudades patrimonio y salud.<\/p>\n<p>Adem\u00e1s, se propone fortalecer los nexos con los socios espa\u00f1oles; difundir los principales eventos del a\u00f1o en la isla; nuevas oportunidades de negocios y un intercambio con cubanos residentes en Espa\u00f1a vinculados al sector, apunt\u00f3 P\u00e9rez Denis a Prensa Latina.<\/p>\n<p>Cuba contar\u00e1 con un estand de 247 metros cuadrados, con un dise\u00f1o novedoso, interactivo y mayor uso de las tecnolog\u00edas, con acceso a la plataforma Liveconnect donde se podr\u00e1 interactuar con los interesados.<\/p>\n<p>La alianza hist\u00f3rica, m\u00e1s all\u00e1 de la competitividad, servir\u00e1 tanto con M\u00e9xico como con Rep\u00fablica Dominicana y otros pa\u00edses latinoamericanos, en la promoci\u00f3n de multidestinos.<\/p>\n<p>El estand cubano ser\u00e1 inaugurado este mi\u00e9rcoles con el corte de cinta a cargo del ministro de Turismo de Cuba, Juan Carlos Garc\u00eda Granda.<\/p>\n<p>Brasil, otro de los protagonistas importantes en Fitur, promueve sus destinos con eventos paralelos en Madrid, especialmente focalizados en atractivos menos conocidos como Cear\u00e1, en el noreste del gigante sudamericano.<\/p>\n<\/div>\n<\/div>\n<div class=\"elementor-element elementor-element-4f75016 elementor-widget elementor-widget-post-info\" data-id=\"4f75016\" data-element_type=\"widget\" data-widget_type=\"post-info.default\">\n<div class=\"elementor-widget-container\">\n<ul class=\"elementor-inline-items elementor-icon-list-items elementor-post-info\">\n<li class=\"elementor-icon-list-item elementor-repeater-item-17dda3e elementor-inline-item\"><em><span class=\"elementor-icon-list-text elementor-post-info__item elementor-post-info__item--type-custom\">#<a href=\"https:\/\/primermomento.com\/?p=459494\" rel=\"tag\">brasil<\/a>\u00a0#<a href=\"https:\/\/primermomento.com\/?p=459494\" rel=\"tag\">cuba<\/a>\u00a0#<a href=\"https:\/\/primermomento.com\/?p=459494\" rel=\"tag\">fitur<\/a>\u00a0#<a href=\"https:\/\/primermomento.com\/?p=459494\" rel=\"tag\">turismo<\/a><\/span><\/em><\/li>\n<\/ul>\n<\/div>\n<\/div>\n","protected":false},"excerpt":{"rendered":"<p>Por Prensa Latina Madrid, ESPA\u00d1A.- Aunque con cierto pesar en su entorno por el accidente de trenes en Espa\u00f1a, la Feria Internacional de Turismo (Fitur) en IFEMA-Madrid despliega alas desde ma\u00f1ana con M\u00e9xico de Pa\u00eds Socio. Si bien prevalece desde anoche el luto oficial en Espa\u00f1a, hoy siguen su curso los preparativos para la cita [&hellip;]<\/p>\n","protected":false},"author":1,"featured_media":459495,"comment_status":"open","ping_status":"open","sticky":false,"template":"","format":"standard","meta":{"_bbp_topic_count":0,"_bbp_reply_count":0,"_bbp_total_topic_count":0,"_bbp_total_reply_count":0,"_bbp_voice_count":0,"_bbp_anonymous_reply_count":0,"_bbp_topic_count_hidden":0,"_bbp_reply_count_hidden":0,"_bbp_forum_subforum_count":0,"footnotes":""},"categories":[30,35],"tags":[],"class_list":{"0":"post-459494","1":"post","2":"type-post","3":"status-publish","4":"format-standard","5":"has-post-thumbnail","7":"category-actualidad","8":"category-economia"},"_links":{"self":[{"href":"https:\/\/primermomento.com\/index.php?rest_route=\/wp\/v2\/posts\/459494","targetHints":{"allow":["GET"]}}],"collection":[{"href":"https:\/\/primermomento.com\/index.php?rest_route=\/wp\/v2\/posts"}],"about":[{"href":"https:\/\/primermomento.com\/index.php?rest_route=\/wp\/v2\/types\/post"}],"author":[{"embeddable":true,"href":"https:\/\/primermomento.com\/index.php?rest_route=\/wp\/v2\/users\/1"}],"replies":[{"embeddable":true,"href":"https:\/\/primermomento.com\/index.php?rest_route=%2Fwp%2Fv2%2Fcomments&post=459494"}],"version-history":[{"count":2,"href":"https:\/\/primermomento.com\/index.php?rest_route=\/wp\/v2\/posts\/459494\/revisions"}],"predecessor-version":[{"id":459498,"href":"https:\/\/primermomento.com\/index.php?rest_route=\/wp\/v2\/posts\/459494\/revisions\/459498"}],"wp:featuredmedia":[{"embeddable":true,"href":"https:\/\/primermomento.com\/index.php?rest_route=\/wp\/v2\/media\/459495"}],"wp:attachment":[{"href":"https:\/\/primermomento.com\/index.php?rest_route=%2Fwp%2Fv2%2Fmedia&parent=459494"}],"wp:term":[{"taxonomy":"category","embeddable":true,"href":"https:\/\/primermomento.com\/index.php?rest_route=%2Fwp%2Fv2%2Fcategories&post=459494"},{"taxonomy":"post_tag","embeddable":true,"href":"https:\/\/primermomento.com\/index.php?rest_route=%2Fwp%2Fv2%2Ftags&post=459494"}],"curies":[{"name":"wp","href":"https:\/\/api.w.org\/{rel}","templated":true}]}}