{"id":459502,"date":"2026-01-20T07:23:26","date_gmt":"2026-01-20T12:23:26","guid":{"rendered":"https:\/\/primermomento.com\/?p=459502"},"modified":"2026-01-20T10:03:11","modified_gmt":"2026-01-20T15:03:11","slug":"francia-rechaza-amenazas-de-trump-con-aranceles-a-su-vino","status":"publish","type":"post","link":"https:\/\/primermomento.com\/?p=459502","title":{"rendered":"Francia rechaza amenazas de Trump con aranceles a su vino"},"content":{"rendered":"<p><em><strong>Por<span style=\"color: #ff0000;\"> Prensa Latina<\/span><\/strong><\/em><\/p>\n<p>Par\u00eds, FRANCIA.- El presidente franc\u00e9s, Emmanuel Macron, y figuras del Gobierno rechazaron hoy con calificativos de inaceptables las amenazas de Donald Trump de imponer aranceles al vino y al champ\u00e1n si Par\u00eds descarta unirse a su Consejo de la Paz.<\/p>\n<div class=\"elementor-element elementor-element-0aea3a0 elementor-widget elementor-widget-theme-post-content\" data-id=\"0aea3a0\" data-element_type=\"widget\" data-widget_type=\"theme-post-content.default\">\n<div class=\"elementor-widget-container\">\n<p>Seg\u00fan la cadena BFM TV, el entorno del l\u00edder galo tild\u00f3 de inaceptables e ineficaces las nuevas amenazas del mandatario estadounidense, quien la v\u00edspera advirti\u00f3 que las tarifas aduaneras ser\u00edan del 200 por ciento para bebidas francesas bandera, que tienen en el pa\u00eds norte\u00f1o a su principal mercado.<\/p>\n<p>\u201cComo siempre hemos subrayado, las amenazas de aranceles para influenciar en nuestra pol\u00edtica exterior son inaceptables e ineficaces\u201d, se\u00f1ala en concreto el mensaje atribuido al El\u00edseo.<\/p>\n<p>Trump mostr\u00f3 su malestar por los cuestionamientos de Macron y de la Canciller\u00eda ante la invitaci\u00f3n de la Casa Blanca a Francia a integrar el Consejo de la Paz, iniciativa que parece trascender su prop\u00f3sito original de ser parte del Plan del presidente republicano para la palestina Franja de Gaza.<\/p>\n<p>En Par\u00eds y en otras partes del mundo surgen interrogantes que llevan a asumir la propuesta como un intento de suplantar a la ONU y a su Consejo de Seguridad.<\/p>\n<p>Al respecto, desde suelo galo reiteraron ayer el compromiso con el multilateralismo, la Carta de las Naciones Unidas, el Derecho Internacional y la soluci\u00f3n pac\u00edfica de las diferencias.<\/p>\n<p>Tambi\u00e9n la ministra de la Agricultura de Francia, Annie Genevard, denunci\u00f3 las nuevas amenazas de Trump, consider\u00e1ndolas inadmisibles y de una brutalidad in\u00e9dita.<\/p>\n<p>Para la titular, los prop\u00f3sitos de Washington no deber\u00edan quedar sin respuesta, no solo de Francia, de toda la Uni\u00f3n Europea.<\/p>\n<p>En 2024, las exportaciones francesas de vinos, champ\u00e1n y espirituosos en general a Estados Unidos rondaron los cuatro mil millones de euros.<\/p>\n<p>Trump ya hab\u00eda incluido a Francia en una lista de ocho pa\u00edses europeos con tarifas aduaneras del 10 por ciento a partir del 1 de febrero, y del 25 en junio, por oponerse a sus pretensiones de apoderarse de Groenlandia.<\/p>\n<\/div>\n<\/div>\n<div class=\"elementor-element elementor-element-4f75016 elementor-widget elementor-widget-post-info\" data-id=\"4f75016\" data-element_type=\"widget\" data-widget_type=\"post-info.default\">\n<div class=\"elementor-widget-container\">\n<ul class=\"elementor-inline-items elementor-icon-list-items elementor-post-info\">\n<li class=\"elementor-icon-list-item elementor-repeater-item-17dda3e elementor-inline-item\"><em><span class=\"elementor-icon-list-text elementor-post-info__item elementor-post-info__item--type-custom\">#<a href=\"https:\/\/primermomento.com\/?p=459502\" rel=\"tag\">aranceles<\/a>\u00a0#<a href=\"https:\/\/primermomento.com\/?p=459502\" rel=\"tag\">Francia<\/a>\u00a0#<a href=\"https:\/\/primermomento.com\/?p=459502\" rel=\"tag\">Macron<\/a>\u00a0#<a href=\"https:\/\/primermomento.com\/?p=459502\" rel=\"tag\">trump<\/a><\/span><\/em><\/li>\n<\/ul>\n<\/div>\n<\/div>\n","protected":false},"excerpt":{"rendered":"<p>Por Prensa Latina Par\u00eds, FRANCIA.- El presidente franc\u00e9s, Emmanuel Macron, y figuras del Gobierno rechazaron hoy con calificativos de inaceptables las amenazas de Donald Trump de imponer aranceles al vino y al champ\u00e1n si Par\u00eds descarta unirse a su Consejo de la Paz. Seg\u00fan la cadena BFM TV, el entorno del l\u00edder galo tild\u00f3 de [&hellip;]<\/p>\n","protected":false},"author":1,"featured_media":459503,"comment_status":"open","ping_status":"open","sticky":false,"template":"","format":"standard","meta":{"_bbp_topic_count":0,"_bbp_reply_count":0,"_bbp_total_topic_count":0,"_bbp_total_reply_count":0,"_bbp_voice_count":0,"_bbp_anonymous_reply_count":0,"_bbp_topic_count_hidden":0,"_bbp_reply_count_hidden":0,"_bbp_forum_subforum_count":0,"footnotes":""},"categories":[35],"tags":[],"class_list":{"0":"post-459502","1":"post","2":"type-post","3":"status-publish","4":"format-standard","5":"has-post-thumbnail","7":"category-economia"},"_links":{"self":[{"href":"https:\/\/primermomento.com\/index.php?rest_route=\/wp\/v2\/posts\/459502","targetHints":{"allow":["GET"]}}],"collection":[{"href":"https:\/\/primermomento.com\/index.php?rest_route=\/wp\/v2\/posts"}],"about":[{"href":"https:\/\/primermomento.com\/index.php?rest_route=\/wp\/v2\/types\/post"}],"author":[{"embeddable":true,"href":"https:\/\/primermomento.com\/index.php?rest_route=\/wp\/v2\/users\/1"}],"replies":[{"embeddable":true,"href":"https:\/\/primermomento.com\/index.php?rest_route=%2Fwp%2Fv2%2Fcomments&post=459502"}],"version-history":[{"count":1,"href":"https:\/\/primermomento.com\/index.php?rest_route=\/wp\/v2\/posts\/459502\/revisions"}],"predecessor-version":[{"id":459504,"href":"https:\/\/primermomento.com\/index.php?rest_route=\/wp\/v2\/posts\/459502\/revisions\/459504"}],"wp:featuredmedia":[{"embeddable":true,"href":"https:\/\/primermomento.com\/index.php?rest_route=\/wp\/v2\/media\/459503"}],"wp:attachment":[{"href":"https:\/\/primermomento.com\/index.php?rest_route=%2Fwp%2Fv2%2Fmedia&parent=459502"}],"wp:term":[{"taxonomy":"category","embeddable":true,"href":"https:\/\/primermomento.com\/index.php?rest_route=%2Fwp%2Fv2%2Fcategories&post=459502"},{"taxonomy":"post_tag","embeddable":true,"href":"https:\/\/primermomento.com\/index.php?rest_route=%2Fwp%2Fv2%2Ftags&post=459502"}],"curies":[{"name":"wp","href":"https:\/\/api.w.org\/{rel}","templated":true}]}}