{"id":459551,"date":"2026-01-21T11:57:56","date_gmt":"2026-01-21T16:57:56","guid":{"rendered":"https:\/\/primermomento.com\/?p=459551"},"modified":"2026-01-22T06:31:06","modified_gmt":"2026-01-22T11:31:06","slug":"resaltan-en-dominicana-presencia-en-feria-de-turismo-en-madrid","status":"publish","type":"post","link":"https:\/\/primermomento.com\/?p=459551","title":{"rendered":"Resaltan en Dominicana presencia en Feria de Turismo en Madrid"},"content":{"rendered":"<p><strong><em>Por <span style=\"color: #ff0000;\">Prensa Latina<\/span><\/em><\/strong><\/p>\n<p>SANTO DOMINGO, Rep\u00fablica Dominicana.- El ministro dominicano de Turismo, David Collado, inaugur\u00f3 hoy el stand de este pa\u00eds en la 46 edici\u00f3n de la Feria Internacional de Turismo (Fitur), que transcurrir\u00e1 hasta el pr\u00f3ximo domingo en Espa\u00f1a, inform\u00f3 esa cartera.<\/p>\n<p>Acompa\u00f1ado de empresarios y otros actores del sector, Collado realiz\u00f3 el corte de cinta y augur\u00f3 una exitosa participaci\u00f3n del pa\u00eds en este importante evento, que marca el comienzo de grandes negociaciones dentro de la industria tur\u00edstica, apunt\u00f3.<\/p>\n<div class=\"elementor-element elementor-element-0aea3a0 elementor-widget elementor-widget-theme-post-content\" data-id=\"0aea3a0\" data-element_type=\"widget\" data-widget_type=\"theme-post-content.default\">\n<div class=\"elementor-widget-container\">\n<p>Manifest\u00f3 su confianza en que, en esta nueva edici\u00f3n de FITUR se superen los logros alcanzados en a\u00f1os anteriores.<\/p>\n<p>Quisqueya exhibe a trav\u00e9s de una creativa iniciativa audiovisual sus distintos destinos, resaltando su diversidad y atractivo, de acuerdo con la informaci\u00f3n publicada en el portal del Ministerio.<\/p>\n<p>La v\u00edspera el titular present\u00f3 a 700 de agentes de viajes, turoperadores y otros actores del sector la oferta tur\u00edstica de la naci\u00f3n caribe\u00f1a.<\/p>\n<p>En la ocasi\u00f3n, manifest\u00f3 que la estrategia es recuperar el mercado europeo, que el a\u00f1o pasado aport\u00f3 un mill\u00f3n 25 mil visitantes a este territorio.<\/p>\n<p>El pa\u00eds participa en el evento con una representaci\u00f3n de m\u00e1s 60 coexpositores y la presencia de los principales bancos comerciales.<\/p>\n<p>El ministerio de Turismo destac\u00f3 que Fitur se considera, desde hace varios a\u00f1os, como una de las principales plataformas para la promoci\u00f3n global de la industria tur\u00edstica y para la captaci\u00f3n de nuevas inversiones.<\/p>\n<p>La Rep\u00fablica Dominicana alcanz\u00f3 r\u00e9cord hist\u00f3rico en llegadas el a\u00f1o pasado: 1.4 millones de visitantes en diciembre y 11 millones 676 mil 901 en todo el 2025, seg\u00fan cifras oficiales.<\/p>\n<\/div>\n<\/div>\n<div class=\"elementor-element elementor-element-4f75016 elementor-widget elementor-widget-post-info\" data-id=\"4f75016\" data-element_type=\"widget\" data-widget_type=\"post-info.default\">\n<div class=\"elementor-widget-container\">\n<ul class=\"elementor-inline-items elementor-icon-list-items elementor-post-info\">\n<li class=\"elementor-icon-list-item elementor-repeater-item-17dda3e elementor-inline-item\"><span class=\"elementor-icon-list-text elementor-post-info__item elementor-post-info__item--type-custom\">#<em><a href=\"https:\/\/primermomento.com\/?p=459551\" rel=\"tag\">Madrid<\/a><\/em><\/span><\/li>\n<\/ul>\n<\/div>\n<\/div>\n","protected":false},"excerpt":{"rendered":"<p>Por Prensa Latina SANTO DOMINGO, Rep\u00fablica Dominicana.- El ministro dominicano de Turismo, David Collado, inaugur\u00f3 hoy el stand de este pa\u00eds en la 46 edici\u00f3n de la Feria Internacional de Turismo (Fitur), que transcurrir\u00e1 hasta el pr\u00f3ximo domingo en Espa\u00f1a, inform\u00f3 esa cartera. Acompa\u00f1ado de empresarios y otros actores del sector, Collado realiz\u00f3 el corte [&hellip;]<\/p>\n","protected":false},"author":1,"featured_media":459552,"comment_status":"open","ping_status":"open","sticky":false,"template":"","format":"standard","meta":{"_bbp_topic_count":0,"_bbp_reply_count":0,"_bbp_total_topic_count":0,"_bbp_total_reply_count":0,"_bbp_voice_count":0,"_bbp_anonymous_reply_count":0,"_bbp_topic_count_hidden":0,"_bbp_reply_count_hidden":0,"_bbp_forum_subforum_count":0,"footnotes":""},"categories":[35],"tags":[],"class_list":{"0":"post-459551","1":"post","2":"type-post","3":"status-publish","4":"format-standard","5":"has-post-thumbnail","7":"category-economia"},"_links":{"self":[{"href":"https:\/\/primermomento.com\/index.php?rest_route=\/wp\/v2\/posts\/459551","targetHints":{"allow":["GET"]}}],"collection":[{"href":"https:\/\/primermomento.com\/index.php?rest_route=\/wp\/v2\/posts"}],"about":[{"href":"https:\/\/primermomento.com\/index.php?rest_route=\/wp\/v2\/types\/post"}],"author":[{"embeddable":true,"href":"https:\/\/primermomento.com\/index.php?rest_route=\/wp\/v2\/users\/1"}],"replies":[{"embeddable":true,"href":"https:\/\/primermomento.com\/index.php?rest_route=%2Fwp%2Fv2%2Fcomments&post=459551"}],"version-history":[{"count":2,"href":"https:\/\/primermomento.com\/index.php?rest_route=\/wp\/v2\/posts\/459551\/revisions"}],"predecessor-version":[{"id":459588,"href":"https:\/\/primermomento.com\/index.php?rest_route=\/wp\/v2\/posts\/459551\/revisions\/459588"}],"wp:featuredmedia":[{"embeddable":true,"href":"https:\/\/primermomento.com\/index.php?rest_route=\/wp\/v2\/media\/459552"}],"wp:attachment":[{"href":"https:\/\/primermomento.com\/index.php?rest_route=%2Fwp%2Fv2%2Fmedia&parent=459551"}],"wp:term":[{"taxonomy":"category","embeddable":true,"href":"https:\/\/primermomento.com\/index.php?rest_route=%2Fwp%2Fv2%2Fcategories&post=459551"},{"taxonomy":"post_tag","embeddable":true,"href":"https:\/\/primermomento.com\/index.php?rest_route=%2Fwp%2Fv2%2Ftags&post=459551"}],"curies":[{"name":"wp","href":"https:\/\/api.w.org\/{rel}","templated":true}]}}