{"id":459559,"date":"2026-01-21T07:30:09","date_gmt":"2026-01-21T12:30:09","guid":{"rendered":"https:\/\/primermomento.com\/?p=459559"},"modified":"2026-01-21T15:11:46","modified_gmt":"2026-01-21T20:11:46","slug":"testigo-del-tiempo-vendran-dias-bastante-dificiles","status":"publish","type":"post","link":"https:\/\/primermomento.com\/?p=459559","title":{"rendered":"Testigo del tiempo | Vendr\u00e1n d\u00edas bastante dif\u00edciles"},"content":{"rendered":"<p><strong><em>Por <span style=\"color: #ff0000;\">J.C. Malone<\/span><\/em><\/strong><\/p>\n<div dir=\"ltr\">\n<div>\n<p>La agenda de los globalistas, que planean \u201creiniciar el mundo\u201d en el 2030, sufrir\u00e1 una seria derrota este mi\u00e9rcoles.<\/p>\n<p>El presidente Donald Trump hablar\u00e1 ante el Foro Econ\u00f3mico Mundial (FEM) en Davos, Suiza, se espera que lea el acta de defunci\u00f3n de las pol\u00edticas globalistas.<\/p>\n<p>\u00bfCu\u00e1les son esas pol\u00edticas?<\/p>\n<figure id=\"attachment_442110\" aria-describedby=\"caption-attachment-442110\" style=\"width: 196px\" class=\"wp-caption alignleft\"><img loading=\"lazy\" decoding=\"async\" class=\"size-full wp-image-442110\" src=\"https:\/\/primermomento.com\/wp-content\/uploads\/2025\/05\/J.C.-Malone_Testigo-del-Tiempo.jpg\" alt=\"\" width=\"196\" height=\"244\" \/><figcaption id=\"caption-attachment-442110\" class=\"wp-caption-text\">J.C. Malone<br \/>Analista pol\u00edtico<\/figcaption><\/figure>\n<p>Recordemos al embajador estadounidense gay, y su esposo, visitando escuelas dominicanas promoviendo su \u201cagenda gay\u201d entre los ni\u00f1os. Tambi\u00e9n los afanes de salir del petr\u00f3leo y el carb\u00f3n para traer energ\u00eda removable, autos el\u00e9ctricos; y aquello de sustituir la carne de res por insectos.<\/p>\n<p>Por favor, recuerden las \u201cfronteras abiertas\u201d o el \u201cPacto Migratorio\u201d y las campa\u00f1as masivas de vacunaci\u00f3n, todo esto sali\u00f3 del FEM. Ese organismo, fundado en 1971, agrup\u00f3 a las figuras m\u00e1s acaudaladas del planeta, que intentaron formar un\u00a0 \u201cgobierno mundial\u201d electo por nadie.<\/p>\n<p>Lo que ellos decid\u00edan, era ley en nuestros pa\u00edses. Recuerden aquella infame ley dominicana 1-24 para \u201ccombatir las noticias falsas y la desinformaci\u00f3n\u201d.<\/p>\n<p>Trump terminar\u00e1 esa \u201cdictadura de los globalistas\u201d.<\/p>\n<p>\u00bfPor qu\u00e9 les llamo \u201cglobalistas\u201d?<\/p>\n<p>Sencillo, esta gente us\u00f3 su dinero, don\u00e1ndoselo a organismos como la Organizaci\u00f3n Mundial de la Salud (OMS) para controlarlos. Bill Gates, por ejemplo, controla la OMS despu\u00e9s donar millones.\u00a0 El fabrica vacunas, la OMS las \u201crecomienda\u201d nosotros pagamos.<\/p>\n<p>Europa fue devastada por ellos, est\u00e1 llena de indocumentados succionando sus recursos, y la guerra de Ucrania.<\/p>\n<p>Seg\u00fan los globalistas, \u201cno tendr\u00e1s posesiones, y ser\u00e1s feliz\u201d. Porque ellos compran todas las casas y apartamentos, seremos sus inquilinos. Trump ya propuso prohibirles competir con nosotros comprando viviendas.<\/p>\n<p>Los globalistas no se rendir\u00e1n pura y simplemente, Trump enfrentar\u00e1 serios desaf\u00edos internos. Ellos financiaron las caravanas que trajeron los indocumentados, ahora financian las manifestaciones contra ICE, \u201cdefendiendo sus inversiones\u201d, habr\u00e1 grandes disturbios y enfrentamientos a gran escala.<\/p>\n<p>Ellos invirtieron mucho dinero para llegar hasta aqu\u00ed, luchar\u00e1n defendiendo sus inversiones.<\/p>\n<p>No permanecer\u00e1n cruzados de brazos mientras Trump los aplaste. El enfrentamiento entre el nacionalismo trumpista y los globalistas traer\u00e1 d\u00edas dif\u00edciles a los Estados Unidos y al mundo.<\/p>\n<p>S\u00edgueme en Youtube&#8230;<\/p>\n<\/div>\n<\/div>\n<div>\n<div><a href=\"https:\/\/www.youtube.com\/channel\/UCC_JSYrYV93iklTEhAjiBqQ?view_as=subscriber\" target=\"_blank\" rel=\"noopener\" data-saferedirecturl=\"https:\/\/www.google.com\/url?q=https:\/\/www.youtube.com\/channel\/UCC_JSYrYV93iklTEhAjiBqQ?view_as%3Dsubscriber&amp;source=gmail&amp;ust=1769112413452000&amp;usg=AOvVaw1GCVkv-BUZWn3QrtEE0isH\">https:\/\/www.youtube.com\/<wbr \/>channel\/UCC_<wbr \/>JSYrYV93iklTEhAjiBqQ?view_as=<wbr \/>subscriber<\/a><\/div>\n<\/div>\n","protected":false},"excerpt":{"rendered":"<p>Por J.C. Malone La agenda de los globalistas, que planean \u201creiniciar el mundo\u201d en el 2030, sufrir\u00e1 una seria derrota este mi\u00e9rcoles. El presidente Donald Trump hablar\u00e1 ante el Foro Econ\u00f3mico Mundial (FEM) en Davos, Suiza, se espera que lea el acta de defunci\u00f3n de las pol\u00edticas globalistas. \u00bfCu\u00e1les son esas pol\u00edticas? Recordemos al embajador [&hellip;]<\/p>\n","protected":false},"author":1,"featured_media":459560,"comment_status":"open","ping_status":"open","sticky":false,"template":"","format":"standard","meta":{"_bbp_topic_count":0,"_bbp_reply_count":0,"_bbp_total_topic_count":0,"_bbp_total_reply_count":0,"_bbp_voice_count":0,"_bbp_anonymous_reply_count":0,"_bbp_topic_count_hidden":0,"_bbp_reply_count_hidden":0,"_bbp_forum_subforum_count":0,"footnotes":""},"categories":[33],"tags":[],"class_list":{"0":"post-459559","1":"post","2":"type-post","3":"status-publish","4":"format-standard","5":"has-post-thumbnail","7":"category-opinion"},"_links":{"self":[{"href":"https:\/\/primermomento.com\/index.php?rest_route=\/wp\/v2\/posts\/459559","targetHints":{"allow":["GET"]}}],"collection":[{"href":"https:\/\/primermomento.com\/index.php?rest_route=\/wp\/v2\/posts"}],"about":[{"href":"https:\/\/primermomento.com\/index.php?rest_route=\/wp\/v2\/types\/post"}],"author":[{"embeddable":true,"href":"https:\/\/primermomento.com\/index.php?rest_route=\/wp\/v2\/users\/1"}],"replies":[{"embeddable":true,"href":"https:\/\/primermomento.com\/index.php?rest_route=%2Fwp%2Fv2%2Fcomments&post=459559"}],"version-history":[{"count":1,"href":"https:\/\/primermomento.com\/index.php?rest_route=\/wp\/v2\/posts\/459559\/revisions"}],"predecessor-version":[{"id":459561,"href":"https:\/\/primermomento.com\/index.php?rest_route=\/wp\/v2\/posts\/459559\/revisions\/459561"}],"wp:featuredmedia":[{"embeddable":true,"href":"https:\/\/primermomento.com\/index.php?rest_route=\/wp\/v2\/media\/459560"}],"wp:attachment":[{"href":"https:\/\/primermomento.com\/index.php?rest_route=%2Fwp%2Fv2%2Fmedia&parent=459559"}],"wp:term":[{"taxonomy":"category","embeddable":true,"href":"https:\/\/primermomento.com\/index.php?rest_route=%2Fwp%2Fv2%2Fcategories&post=459559"},{"taxonomy":"post_tag","embeddable":true,"href":"https:\/\/primermomento.com\/index.php?rest_route=%2Fwp%2Fv2%2Ftags&post=459559"}],"curies":[{"name":"wp","href":"https:\/\/api.w.org\/{rel}","templated":true}]}}