{"id":459562,"date":"2026-01-21T07:15:03","date_gmt":"2026-01-21T12:15:03","guid":{"rendered":"https:\/\/primermomento.com\/?p=459562"},"modified":"2026-01-21T15:17:59","modified_gmt":"2026-01-21T20:17:59","slug":"justicia-sin-privilegios-y-dignidad-para-el-pueblo-dominicano","status":"publish","type":"post","link":"https:\/\/primermomento.com\/?p=459562","title":{"rendered":"Justicia sin privilegios y dignidad para el pueblo dominicano"},"content":{"rendered":"<p><strong><em>Por <span style=\"color: #ff0000;\">Gustavo Guzm\u00e1n<\/span><\/em><\/strong><\/p>\n<p>En el marco de las festividades de Nuestra Se\u00f1ora de la Altagracia, los obispos de la Iglesia Cat\u00f3lica, a trav\u00e9s de su carta pastoral, han dado en el punto al referirse con claridad a temas fundamentales que hoy afectan profundamente a la sociedad dominicana: la impunidad, el debilitamiento de los valores familiares y la falta de justicia, especialmente cuando esta se ve distorsionada por los privilegios.<\/p>\n<p>Como Secretar\u00eda de Cultos del Partido de la Liberaci\u00f3n Dominicana (PLD), nos unimos a esta importante fiesta nacional en la advocaci\u00f3n altagraciana, venerada como protectora del pueblo dominicano, y expresamos nuestro respaldo a los planteamientos realizados por la Iglesia Cat\u00f3lica, particularmente en lo relativo a los casos de corrupci\u00f3n, la crisis del sistema de salud, la desprotecci\u00f3n de la ni\u00f1ez y la violencia intrafamiliar que hoy golpean al pa\u00eds.<\/p>\n<figure id=\"attachment_457915\" aria-describedby=\"caption-attachment-457915\" style=\"width: 300px\" class=\"wp-caption alignleft\"><img loading=\"lazy\" decoding=\"async\" class=\"size-medium wp-image-457915\" src=\"https:\/\/primermomento.com\/wp-content\/uploads\/2025\/12\/Gustavo-Guzman-periodista-300x300.jpg\" alt=\"\" width=\"300\" height=\"300\" srcset=\"https:\/\/primermomento.com\/wp-content\/uploads\/2025\/12\/Gustavo-Guzman-periodista-300x300.jpg 300w, https:\/\/primermomento.com\/wp-content\/uploads\/2025\/12\/Gustavo-Guzman-periodista-150x150.jpg 150w, https:\/\/primermomento.com\/wp-content\/uploads\/2025\/12\/Gustavo-Guzman-periodista.jpg 309w\" sizes=\"auto, (max-width: 300px) 100vw, 300px\" \/><figcaption id=\"caption-attachment-457915\" class=\"wp-caption-text\">Periodista<\/figcaption><\/figure>\n<p>Desde la Secretar\u00eda de Cultos nos preocupan profundamente estos temas y nos hacemos eco de varios de los se\u00f1alamientos contenidos en la carta pastoral. Entre ellos, destacan situaciones que est\u00e1n afectando gravemente las arcas del Estado dominicano, debilitando la confianza ciudadana y generando un impacto directo en la calidad de vida del pueblo.<\/p>\n<p>En ese sentido, se\u00f1alamos como Secretar\u00eda los casos vinculados a Seguros Banreservas, en lo que respecta a sus p\u00e9rdidas operativas, as\u00ed como SENASA y el INABIE, instituciones donde se han denunciado hechos de corrupci\u00f3n que, lejos de servir al bienestar colectivo, han generado p\u00e9rdidas millonarias al Estado.<\/p>\n<p>En el caso espec\u00edfico de SENASA, los expedientes hasta ahora sometidos permiten prever un desfalco que rondar\u00eda los 16 mil millones de pesos, recursos que no fueron destinados al sistema de salud, afectando directamente a los sectores m\u00e1s vulnerables. Tal como expresa la carta pastoral: (\u201cLa mano manchada por la corrupci\u00f3n ha negado medicina y derechos a familiares gravemente enfermos, afectando la dignidad humana\u201d).<\/p>\n<p>De igual manera, el INABIE, instituci\u00f3n directamente vinculada a la educaci\u00f3n y a la alimentaci\u00f3n escolar \u2014especialmente al desayuno de miles de ni\u00f1os\u2014, enfrenta serias denuncias de corrupci\u00f3n que comprometen el derecho de la ni\u00f1ez dominicana a una educaci\u00f3n digna. A esto se suma el Banco Agr\u00edcola, donde tambi\u00e9n se han identificado situaciones preocupantes que inciden negativamente en la estabilidad econ\u00f3mica y social del pa\u00eds. La falta de transparencia y el otorgamiento de pr\u00e9stamos a tasa cero de forma clientelar han impedido el acceso al cr\u00e9dito a productores agr\u00edcolas que hoy se encuentran en quiebra o en condiciones econ\u00f3micas cr\u00edticas.<\/p>\n<p>Otro aspecto se\u00f1alado por la carta pastoral y que compartimos plenamente es la violencia intrafamiliar, una realidad que rompe el n\u00facleo familiar, da\u00f1a el tejido social y genera consecuencias profundas y complejas. Resulta inaceptable que, con un presupuesto de apenas 1,258 millones de pesos, se pretenda desarrollar una pol\u00edtica p\u00fablica efectiva en esta materia, mientras la corrupci\u00f3n rampante contin\u00faa llev\u00e1ndose miles de millones de pesos del Estado dominicano.<\/p>\n<p>Asimismo, nos sumamos a la preocupaci\u00f3n por la seguridad ciudadana. Aunque desde el discurso oficial se insiste en que esta ha mejorado, la realidad que vive el pueblo dominicano d\u00eda tras d\u00eda demuestra lo contrario: la inseguridad persiste y afecta de manera directa a las comunidades m\u00e1s vulnerables.<\/p>\n<p>El crecimiento de los sectores empobrecidos contin\u00faa en aumento, empujando a miles de familias hacia la pobreza extrema, mientras son desatendidas por un Estado que deber\u00eda protegerlas. Casos como el de SENASA evidencian que estamos frente a un gobierno indolente, desconectado de las verdaderas necesidades del pueblo.<\/p>\n<p>En su documento \u201cRenovaci\u00f3n y compromiso bautismal desde una perspectiva sinodal\u201d, la Iglesia Cat\u00f3lica enfatiza que la corrupci\u00f3n trae consecuencias nefastas, entre ellas la falta de servicios esenciales. Y cuando hablamos de servicios esenciales, hablamos de educaci\u00f3n, salud y electricidad, esta \u00faltima marcada por los apagones constantes que afectaron al pa\u00eds durante todo el a\u00f1o 2025.<\/p>\n<p>Como Secretar\u00eda de Cultos, reiteramos que estos temas son prioritarios y que la Rep\u00fablica Dominicana necesita un cambio profundo y urgente. Nos unimos plenamente al llamado contenido en esta carta pastoral y exhortamos al pueblo dominicano a observar con atenci\u00f3n lo que est\u00e1 ocurriendo y a no permanecer indiferente.<\/p>\n<p>Finalmente, como Secretar\u00eda de Cultos, estaremos desde este espacio escuchando y dando voz a quienes procuran el bien com\u00fan, un principio que lamentablemente hoy no est\u00e1 presente en la gesti\u00f3n del gobierno que dirige el PRM.<\/p>\n","protected":false},"excerpt":{"rendered":"<p>Por Gustavo Guzm\u00e1n En el marco de las festividades de Nuestra Se\u00f1ora de la Altagracia, los obispos de la Iglesia Cat\u00f3lica, a trav\u00e9s de su carta pastoral, han dado en el punto al referirse con claridad a temas fundamentales que hoy afectan profundamente a la sociedad dominicana: la impunidad, el debilitamiento de los valores familiares [&hellip;]<\/p>\n","protected":false},"author":1,"featured_media":457650,"comment_status":"open","ping_status":"open","sticky":false,"template":"","format":"standard","meta":{"_bbp_topic_count":0,"_bbp_reply_count":0,"_bbp_total_topic_count":0,"_bbp_total_reply_count":0,"_bbp_voice_count":0,"_bbp_anonymous_reply_count":0,"_bbp_topic_count_hidden":0,"_bbp_reply_count_hidden":0,"_bbp_forum_subforum_count":0,"footnotes":""},"categories":[33],"tags":[],"class_list":{"0":"post-459562","1":"post","2":"type-post","3":"status-publish","4":"format-standard","5":"has-post-thumbnail","7":"category-opinion"},"_links":{"self":[{"href":"https:\/\/primermomento.com\/index.php?rest_route=\/wp\/v2\/posts\/459562","targetHints":{"allow":["GET"]}}],"collection":[{"href":"https:\/\/primermomento.com\/index.php?rest_route=\/wp\/v2\/posts"}],"about":[{"href":"https:\/\/primermomento.com\/index.php?rest_route=\/wp\/v2\/types\/post"}],"author":[{"embeddable":true,"href":"https:\/\/primermomento.com\/index.php?rest_route=\/wp\/v2\/users\/1"}],"replies":[{"embeddable":true,"href":"https:\/\/primermomento.com\/index.php?rest_route=%2Fwp%2Fv2%2Fcomments&post=459562"}],"version-history":[{"count":1,"href":"https:\/\/primermomento.com\/index.php?rest_route=\/wp\/v2\/posts\/459562\/revisions"}],"predecessor-version":[{"id":459563,"href":"https:\/\/primermomento.com\/index.php?rest_route=\/wp\/v2\/posts\/459562\/revisions\/459563"}],"wp:featuredmedia":[{"embeddable":true,"href":"https:\/\/primermomento.com\/index.php?rest_route=\/wp\/v2\/media\/457650"}],"wp:attachment":[{"href":"https:\/\/primermomento.com\/index.php?rest_route=%2Fwp%2Fv2%2Fmedia&parent=459562"}],"wp:term":[{"taxonomy":"category","embeddable":true,"href":"https:\/\/primermomento.com\/index.php?rest_route=%2Fwp%2Fv2%2Fcategories&post=459562"},{"taxonomy":"post_tag","embeddable":true,"href":"https:\/\/primermomento.com\/index.php?rest_route=%2Fwp%2Fv2%2Ftags&post=459562"}],"curies":[{"name":"wp","href":"https:\/\/api.w.org\/{rel}","templated":true}]}}