{"id":459610,"date":"2026-01-22T10:12:59","date_gmt":"2026-01-22T15:12:59","guid":{"rendered":"https:\/\/primermomento.com\/?p=459610"},"modified":"2026-01-22T12:16:04","modified_gmt":"2026-01-22T17:16:04","slug":"consorcio-cabo-rojo-toma-control-de-plan-turistico-en-sur-dominicano","status":"publish","type":"post","link":"https:\/\/primermomento.com\/?p=459610","title":{"rendered":"Consorcio Cabo Rojo toma control de plan tur\u00edstico en Sur dominicano"},"content":{"rendered":"<p><strong><em>Por <span style=\"color: #ff0000;\">Prensa Latina<\/span><\/em><\/strong><\/p>\n<p>SANTO DOMINGO, Rep\u00fablica Dominicana.- Rep\u00fablica Dominicana anunci\u00f3 hoy la entrada en operaci\u00f3n del Consorcio Cabo Rojo, que tendr\u00e1 a su cargo la direcci\u00f3n y gesti\u00f3n del proyecto de desarrollo tur\u00edstico que implementa el Gobierno en el Sur del pa\u00eds.<\/p>\n<div class=\"elementor-element elementor-element-0aea3a0 elementor-widget elementor-widget-theme-post-content\" data-id=\"0aea3a0\" data-element_type=\"widget\" data-widget_type=\"theme-post-content.default\">\n<div class=\"elementor-widget-container\">\n<p>Dicha asociaci\u00f3n la lideran el Grupo Puntacana, AFI Reservas y AFI Popular, precis\u00f3 el ministro de Administraci\u00f3n P\u00fablica, Sigmund Freund, en su condici\u00f3n de director ejecutivo honor\u00edfico del Fideicomiso Pro-Pedernales, en el contexto de la Feria Internacional de Turismo, que se celebra en el recinto Ifema en Madrid.<\/p>\n<p>Freund destac\u00f3 que en esta nueva etapa del proyecto se pondr\u00e1n en marcha el plan de inversi\u00f3n del capital privado y las acciones para consolidar, promover y posicionar el destino en los mercados internacionales, inform\u00f3 el ministerio de Turismo.<\/p>\n<p>\u00abCon las obras de infraestructura ya concluidas, algunas de ellas en operaci\u00f3n, y con la entrada del Consorcio Cabo Rojo, cerramos el ciclo de lo que deb\u00eda ser la responsabilidad del Estado dominicano: establecer las condiciones para que el proyecto se desarrolle y cree oportunidades para el capital privado\u201d, indic\u00f3 Freund durante una rueda de prensa.<\/p>\n<p>Agreg\u00f3 que este proceso est\u00e1 orientado, sobre todo, a impulsar un crecimiento socioecon\u00f3mico que beneficie a la poblaci\u00f3n, mediante la generaci\u00f3n de empleos, el surgimiento de emprendimientos y el fortalecimiento de la formaci\u00f3n t\u00e9cnica y profesional, junto a las m\u00faltiples oportunidades que promueve la actividad tur\u00edstica.<\/p>\n<p>A\u00f1adi\u00f3 que esta alianza con el capital privado busca aportar un mayor valor a esas tierras que durante a\u00f1os permanecieron desoladas, seg\u00fan la misma fuente.<\/p>\n<p>Trascendi\u00f3 que la entrada del socio estrat\u00e9gico sella el inicio de una nueva fase en el proceso de ejecuci\u00f3n del destino Cabo Rojo\u2013Pedernales, enmarcado dentro de una visi\u00f3n de desarrollo inclusivo, ordenado y respetuoso del entorno natural.<\/p>\n<p>Esta sociedad entre el sector p\u00fablico y el privado tiene como objetivo dinamizar la econom\u00eda regional, atraer inversiones, generar empleos formales y posicionar a Cabo Rojo como un referente tur\u00edstico en el Caribe, indic\u00f3 el Ministerio.<\/p>\n<\/div>\n<\/div>\n<div class=\"elementor-element elementor-element-4f75016 elementor-widget elementor-widget-post-info\" data-id=\"4f75016\" data-element_type=\"widget\" data-widget_type=\"post-info.default\">\n<div class=\"elementor-widget-container\">\n<ul class=\"elementor-inline-items elementor-icon-list-items elementor-post-info\">\n<li class=\"elementor-icon-list-item elementor-repeater-item-17dda3e elementor-inline-item\"><span class=\"elementor-icon-list-text elementor-post-info__item elementor-post-info__item--type-custom\">#<em><a href=\"https:\/\/primermomento.com\/?p=459610\" rel=\"tag\">consorcio Cabo Rojo<\/a><\/em><\/span><\/li>\n<\/ul>\n<\/div>\n<\/div>\n","protected":false},"excerpt":{"rendered":"<p>Por Prensa Latina SANTO DOMINGO, Rep\u00fablica Dominicana.- Rep\u00fablica Dominicana anunci\u00f3 hoy la entrada en operaci\u00f3n del Consorcio Cabo Rojo, que tendr\u00e1 a su cargo la direcci\u00f3n y gesti\u00f3n del proyecto de desarrollo tur\u00edstico que implementa el Gobierno en el Sur del pa\u00eds. Dicha asociaci\u00f3n la lideran el Grupo Puntacana, AFI Reservas y AFI Popular, precis\u00f3 [&hellip;]<\/p>\n","protected":false},"author":1,"featured_media":459611,"comment_status":"open","ping_status":"open","sticky":false,"template":"","format":"standard","meta":{"_bbp_topic_count":0,"_bbp_reply_count":0,"_bbp_total_topic_count":0,"_bbp_total_reply_count":0,"_bbp_voice_count":0,"_bbp_anonymous_reply_count":0,"_bbp_topic_count_hidden":0,"_bbp_reply_count_hidden":0,"_bbp_forum_subforum_count":0,"footnotes":""},"categories":[35],"tags":[],"class_list":{"0":"post-459610","1":"post","2":"type-post","3":"status-publish","4":"format-standard","5":"has-post-thumbnail","7":"category-economia"},"_links":{"self":[{"href":"https:\/\/primermomento.com\/index.php?rest_route=\/wp\/v2\/posts\/459610","targetHints":{"allow":["GET"]}}],"collection":[{"href":"https:\/\/primermomento.com\/index.php?rest_route=\/wp\/v2\/posts"}],"about":[{"href":"https:\/\/primermomento.com\/index.php?rest_route=\/wp\/v2\/types\/post"}],"author":[{"embeddable":true,"href":"https:\/\/primermomento.com\/index.php?rest_route=\/wp\/v2\/users\/1"}],"replies":[{"embeddable":true,"href":"https:\/\/primermomento.com\/index.php?rest_route=%2Fwp%2Fv2%2Fcomments&post=459610"}],"version-history":[{"count":1,"href":"https:\/\/primermomento.com\/index.php?rest_route=\/wp\/v2\/posts\/459610\/revisions"}],"predecessor-version":[{"id":459612,"href":"https:\/\/primermomento.com\/index.php?rest_route=\/wp\/v2\/posts\/459610\/revisions\/459612"}],"wp:featuredmedia":[{"embeddable":true,"href":"https:\/\/primermomento.com\/index.php?rest_route=\/wp\/v2\/media\/459611"}],"wp:attachment":[{"href":"https:\/\/primermomento.com\/index.php?rest_route=%2Fwp%2Fv2%2Fmedia&parent=459610"}],"wp:term":[{"taxonomy":"category","embeddable":true,"href":"https:\/\/primermomento.com\/index.php?rest_route=%2Fwp%2Fv2%2Fcategories&post=459610"},{"taxonomy":"post_tag","embeddable":true,"href":"https:\/\/primermomento.com\/index.php?rest_route=%2Fwp%2Fv2%2Ftags&post=459610"}],"curies":[{"name":"wp","href":"https:\/\/api.w.org\/{rel}","templated":true}]}}