{"id":459613,"date":"2026-01-22T08:45:18","date_gmt":"2026-01-22T13:45:18","guid":{"rendered":"https:\/\/primermomento.com\/?p=459613"},"modified":"2026-01-22T12:19:27","modified_gmt":"2026-01-22T17:19:27","slug":"reyes-de-espana-inauguran-oficialmente-fitur","status":"publish","type":"post","link":"https:\/\/primermomento.com\/?p=459613","title":{"rendered":"Reyes de Espa\u00f1a inauguran oficialmente Fitur"},"content":{"rendered":"<p><strong><em>Por <span style=\"color: #ff0000;\">Prensa Latina<\/span><\/em><\/strong><\/p>\n<p>Madrid, M\u00c9XICO.- Los reyes de Espa\u00f1a, Felipe VI y Letizia inauguraron oficialmente hoy la Feria Internacional de Turismo (Fitur), con un recorrido que dedic\u00f3 tiempo al stand de Andalucia, M\u00e9xico y Latinoam\u00e9rica.<\/p>\n<div class=\"elementor-element elementor-element-0aea3a0 elementor-widget elementor-widget-theme-post-content\" data-id=\"0aea3a0\" data-element_type=\"widget\" data-widget_type=\"theme-post-content.default\">\n<div class=\"elementor-widget-container\">\n<p>Con cierta solemnidad, los soberanos se acercaron al espacio de Andaluc\u00eda, habitualmente lleno de alegr\u00eda, pero muy sobrio este a\u00f1o debido al luto oficial decretado por las v\u00edctimas del accidente ferroviario en Adamuz, C\u00f3rdoba, con un saldo parcial de 43 fallecidos.<\/p>\n<p>El ambiente sobrio, sin embargo, no impidi\u00f3 a Felipe VI y Letizia acercarse al pabell\u00f3n de Am\u00e9rica Lstina y el Caribe, y en particular a M\u00e9xico, Pa\u00eds Socio Invitado de una de las mayores vitrinas de la industria sin chimeneas a nivel mundial.<\/p>\n<p>Este jueves, la marca de Avoris Corporaci\u00f3n Empresarial y la Real Federaci\u00f3n Espa\u00f1ola de F\u00fatbol (RFEF), confirmaron bajo la sombrilla de Fitur su alianza hacia la Copa Mundial FIFA de este a\u00f1o, programada de junio a julio con sede en M\u00e9xico, Estados Unidos y Canad\u00e1.<\/p>\n<p>El presidente de la RFEF, Rafael Louz\u00e1n, y el titular presidente ejecutivo de \u00c1voris, Vicente Fenollar, formalizaron la continuidad de su cooperaci\u00f3n hasta 2031, con acento significativo en la cita universal y el enfoque en la actuaci\u00f3n de Espa\u00f1a.<\/p>\n<p>Otra noticia de la fecha constituye el anuncio de Meli\u00e1 Hotels International, en alianza con Grupo Puntacana, de levantar un resort de lujo de nueva construcci\u00f3n en Rep\u00fablica Dominicana bajo el nombre Paradius Miches.<\/p>\n<p>Ser\u00e1 el und\u00e9cimo establecimiento de la cadena mallorquina en la isla caribe\u00f1a y se ubicar\u00e1 en la zona Miches. Contar\u00e1 con 600 habitaciones de diversas categor\u00edas, dise\u00f1adas para cubrir tanto el segmento de turismo familiar como el de adultos.<\/p>\n<p>En un comunicado, el presidente y consejero delegado de la cadena hotelera, Gabriel Escarrer, destac\u00f3 el deseo de la firma de ampliar su presencia en Rep\u00fablica Dominicana. En este sentido, la mejor muestra es el nuevo complejo que abarcar\u00e1 \u00e1reas gastron\u00f3micas, m\u00faltiples piscinas, gimnasio y spa, y espacios dedicados a reuniones y eventos.<\/p>\n<p>Fitur 2026 cuenta con la participaci\u00f3n de 161 pa\u00edses y m\u00e1s de 10 mil empresas, aprovechando el boom de Espa\u00f1a como segunda potencia mundial del turismo, con un registro de 97 millones de visitantes extranjeros el pasado a\u00f1o.<\/p>\n<\/div>\n<\/div>\n<div class=\"elementor-element elementor-element-4f75016 elementor-widget elementor-widget-post-info\" data-id=\"4f75016\" data-element_type=\"widget\" data-widget_type=\"post-info.default\">\n<div class=\"elementor-widget-container\">\n<ul class=\"elementor-inline-items elementor-icon-list-items elementor-post-info\">\n<li class=\"elementor-icon-list-item elementor-repeater-item-17dda3e elementor-inline-item\"><em><span class=\"elementor-icon-list-text elementor-post-info__item elementor-post-info__item--type-custom\">#<a href=\"https:\/\/primermomento.com\/?p=459613\" rel=\"tag\">dominicana<\/a>\u00a0#<a href=\"https:\/\/primermomento.com\/?p=459613\" rel=\"tag\">fitur<\/a>\u00a0#<a href=\"https:\/\/primermomento.com\/?p=459613\" rel=\"tag\">reyes<\/a>\u00a0#<a href=\"https:\/\/primermomento.com\/?p=459613\" rel=\"tag\">turismo<\/a><\/span><\/em><\/li>\n<\/ul>\n<\/div>\n<\/div>\n","protected":false},"excerpt":{"rendered":"<p>Por Prensa Latina Madrid, M\u00c9XICO.- Los reyes de Espa\u00f1a, Felipe VI y Letizia inauguraron oficialmente hoy la Feria Internacional de Turismo (Fitur), con un recorrido que dedic\u00f3 tiempo al stand de Andalucia, M\u00e9xico y Latinoam\u00e9rica. Con cierta solemnidad, los soberanos se acercaron al espacio de Andaluc\u00eda, habitualmente lleno de alegr\u00eda, pero muy sobrio este a\u00f1o [&hellip;]<\/p>\n","protected":false},"author":1,"featured_media":459614,"comment_status":"open","ping_status":"open","sticky":false,"template":"","format":"standard","meta":{"_bbp_topic_count":0,"_bbp_reply_count":0,"_bbp_total_topic_count":0,"_bbp_total_reply_count":0,"_bbp_voice_count":0,"_bbp_anonymous_reply_count":0,"_bbp_topic_count_hidden":0,"_bbp_reply_count_hidden":0,"_bbp_forum_subforum_count":0,"footnotes":""},"categories":[35],"tags":[],"class_list":{"0":"post-459613","1":"post","2":"type-post","3":"status-publish","4":"format-standard","5":"has-post-thumbnail","7":"category-economia"},"_links":{"self":[{"href":"https:\/\/primermomento.com\/index.php?rest_route=\/wp\/v2\/posts\/459613","targetHints":{"allow":["GET"]}}],"collection":[{"href":"https:\/\/primermomento.com\/index.php?rest_route=\/wp\/v2\/posts"}],"about":[{"href":"https:\/\/primermomento.com\/index.php?rest_route=\/wp\/v2\/types\/post"}],"author":[{"embeddable":true,"href":"https:\/\/primermomento.com\/index.php?rest_route=\/wp\/v2\/users\/1"}],"replies":[{"embeddable":true,"href":"https:\/\/primermomento.com\/index.php?rest_route=%2Fwp%2Fv2%2Fcomments&post=459613"}],"version-history":[{"count":1,"href":"https:\/\/primermomento.com\/index.php?rest_route=\/wp\/v2\/posts\/459613\/revisions"}],"predecessor-version":[{"id":459615,"href":"https:\/\/primermomento.com\/index.php?rest_route=\/wp\/v2\/posts\/459613\/revisions\/459615"}],"wp:featuredmedia":[{"embeddable":true,"href":"https:\/\/primermomento.com\/index.php?rest_route=\/wp\/v2\/media\/459614"}],"wp:attachment":[{"href":"https:\/\/primermomento.com\/index.php?rest_route=%2Fwp%2Fv2%2Fmedia&parent=459613"}],"wp:term":[{"taxonomy":"category","embeddable":true,"href":"https:\/\/primermomento.com\/index.php?rest_route=%2Fwp%2Fv2%2Fcategories&post=459613"},{"taxonomy":"post_tag","embeddable":true,"href":"https:\/\/primermomento.com\/index.php?rest_route=%2Fwp%2Fv2%2Ftags&post=459613"}],"curies":[{"name":"wp","href":"https:\/\/api.w.org\/{rel}","templated":true}]}}