{"id":459774,"date":"2026-01-25T06:25:44","date_gmt":"2026-01-25T11:25:44","guid":{"rendered":"https:\/\/primermomento.com\/?p=459774"},"modified":"2026-01-25T13:25:55","modified_gmt":"2026-01-25T18:25:55","slug":"la-relacion-entre-embarazo-adolescente-y-salud-mental-una-emergencia-en-republica-dominicana","status":"publish","type":"post","link":"https:\/\/primermomento.com\/?p=459774","title":{"rendered":"La relaci\u00f3n entre embarazo adolescente y salud mental: una emergencia en Rep\u00fablica Dominicana"},"content":{"rendered":"<p><em><strong><span lang=\"ES-DO\">Por Dr. <span style=\"color: #ff0000;\">Ram\u00f3n Ceballo<\/span><\/span><\/strong><\/em><\/p>\n<p><span lang=\"ES-DO\">En la Rep\u00fablica Dominicana, el alto n\u00famero de embarazos en adolescentes revela m\u00faltiples problem\u00e1ticas sociales, educativas y de salud p\u00fablica que se encuentran profundamente interconectadas y que requieren atenci\u00f3n urgente.<\/span><\/p>\n<p><span lang=\"ES-DO\">El pa\u00eds enfrenta una combinaci\u00f3n particularmente alarmante, elevadas tasas de embarazo adolescente y una prevalencia de problemas de salud mental en una poblaci\u00f3n que supera el 20 %, seg\u00fan estimaciones nacionales e internacionales. Esta doble realidad no puede seguir analiz\u00e1ndose por separado.<\/span><\/p>\n<figure id=\"attachment_458434\" aria-describedby=\"caption-attachment-458434\" style=\"width: 231px\" class=\"wp-caption alignleft\"><img loading=\"lazy\" decoding=\"async\" class=\"size-full wp-image-458434\" src=\"https:\/\/primermomento.com\/wp-content\/uploads\/2025\/12\/Ramon-Ceballo1.jpg\" alt=\"\" width=\"231\" height=\"273\" \/><figcaption id=\"caption-attachment-458434\" class=\"wp-caption-text\">Ram\u00f3n Ceballo<br \/>sic\u00f3logo y psiquiatra.<\/figcaption><\/figure>\n<p><span lang=\"ES-DO\">El embarazo en adolescentes no ocurre en un vac\u00edo emocional; se desarrolla en una sociedad donde la salud mental contin\u00faa siendo una deuda hist\u00f3rica del sistema p\u00fablico.<\/span><\/p>\n<p><span lang=\"ES-DO\">Una parte significativa de estos embarazos se concentra en zonas fronterizas y en provincias con altos \u00edndices de pobreza y desigualdad, lo que evidencia una relaci\u00f3n directa entre precariedad social, falta de oportunidades y maternidad temprana.<\/span><\/p>\n<p><span lang=\"ES-DO\">A ello se suman que provienen de familias disfuncionales que trae como resultados limitaciones econ\u00f3micas, baja escolaridad de las familias y escaso acceso a servicios de salud sexual y reproductiva, factores que dificultan seriamente la prevenci\u00f3n y el acompa\u00f1amiento adecuado de las adolescentes.<\/span><\/p>\n<p><span lang=\"ES-DO\">La adolescencia es una etapa cr\u00edtica del desarrollo psicol\u00f3gico y neurol\u00f3gico. La regulaci\u00f3n emocional, el control de los impulsos y la toma de decisiones a\u00fan se encuentran en proceso de maduraci\u00f3n. Precipitar la maternidad en este per\u00edodo incrementa de manera significativa el riesgo de trastornos mentales.<\/span><\/p>\n<p><span lang=\"ES-DO\">Estudios internacionales estiman que una de cada cinco mujeres experimenta alg\u00fan trastorno de salud mental durante el per\u00edodo perinatal, pero m\u00e1s del 50 % no recibe diagn\u00f3stico ni tratamiento oportuno. Cuando se trata de adolescentes, este subregistro y abandono son a\u00fan mayores.<\/span><\/p>\n<p><span lang=\"ES-DO\">La realidad es que la adolescente embarazada enfrenta m\u00e1s que una mujer adulta depresi\u00f3n perinatal, trastornos de ansiedad, p\u00e1nico y trastorno obsesivo-compulsivo, condiciones para las cuales no est\u00e1n emocional ni socialmente preparadas, adem\u00e1s, <\/span><span lang=\"ES-DO\">riesgos f\u00edsicos (<\/span><a href=\"https:\/\/www.google.com\/search?q=eclampsia&amp;sca_esv=eafcec971676a922&amp;sxsrf=ANbL-n6odhI_M1R0zhTQXaM1POxQyXyrSA%3A1769267019382&amp;source=hp&amp;ei=S990aZS8FffIp84P54-o4A8&amp;iflsig=AFdpzrgAAAAAaXTtW5nZIbfSVFdgdwVIgYm8niudEa6Q&amp;ved=2ahUKEwitj4GxuaSSAxVq8MkDHRCoEsgQgK4QegYIAQgAEAQ&amp;uact=5&amp;oq=adolescente+embarazada&amp;gs_lp=Egdnd3Mtd2l6IhZhZG9sZXNjZW50ZSBlbWJhcmF6YWRhMgUQABiABDIFEAAYgAQyBRAAGIAEMgUQABiABDIFEAAYgAQyBRAuGIAEMgUQABiABDIFEAAYgAQyBRAAGIAEMgUQABiABEjNugFQ6ghYlHFwAXgAkAEAmAHuBqAB7CCqAQ40LjEyLjIuMS4xLjAuMbgBA8gBAPgBAZgCFqACxyGoAgrCAgoQABgDGOoCGI8BwgIKEC4YAxjqAhiPAcICERAuGIAEGLEDGNEDGIMBGMcBwgILEAAYgAQYsQMYgwHCAg4QABiABBixAxiDARiKBcICCBAAGIAEGLEDwgIOEC4YgAQYsQMY0QMYxwHCAggQLhiABBixA8ICBxAAGIAEGA3CAgcQLhiABBgNmAMN8QUJU5HA951gA5IHDjUuMTIuMi4xLjEuMC4xoAe34AGyBw40LjEyLjIuMS4xLjAuMbgHuSHCBwgwLjE4LjMuMcgHPoAIAA&amp;sclient=gws-wiz\" target=\"_blank\" rel=\"nofollow noopener\" data-saferedirecturl=\"https:\/\/www.google.com\/url?q=https:\/\/www.google.com\/search?q%3Declampsia%26sca_esv%3Deafcec971676a922%26sxsrf%3DANbL-n6odhI_M1R0zhTQXaM1POxQyXyrSA%253A1769267019382%26source%3Dhp%26ei%3DS990aZS8FffIp84P54-o4A8%26iflsig%3DAFdpzrgAAAAAaXTtW5nZIbfSVFdgdwVIgYm8niudEa6Q%26ved%3D2ahUKEwitj4GxuaSSAxVq8MkDHRCoEsgQgK4QegYIAQgAEAQ%26uact%3D5%26oq%3Dadolescente%2Bembarazada%26gs_lp%3DEgdnd3Mtd2l6IhZhZG9sZXNjZW50ZSBlbWJhcmF6YWRhMgUQABiABDIFEAAYgAQyBRAAGIAEMgUQABiABDIFEAAYgAQyBRAuGIAEMgUQABiABDIFEAAYgAQyBRAAGIAEMgUQABiABEjNugFQ6ghYlHFwAXgAkAEAmAHuBqAB7CCqAQ40LjEyLjIuMS4xLjAuMbgBA8gBAPgBAZgCFqACxyGoAgrCAgoQABgDGOoCGI8BwgIKEC4YAxjqAhiPAcICERAuGIAEGLEDGNEDGIMBGMcBwgILEAAYgAQYsQMYgwHCAg4QABiABBixAxiDARiKBcICCBAAGIAEGLEDwgIOEC4YgAQYsQMY0QMYxwHCAggQLhiABBixA8ICBxAAGIAEGA3CAgcQLhiABBgNmAMN8QUJU5HA951gA5IHDjUuMTIuMi4xLjEuMC4xoAe34AGyBw40LjEyLjIuMS4xLjAuMbgHuSHCBwgwLjE4LjMuMcgHPoAIAA%26sclient%3Dgws-wiz&amp;source=gmail&amp;ust=1769451722347000&amp;usg=AOvVaw1kknu2Bp-GN-la6oXZoQE9\"><span lang=\"ES-DO\">eclampsia<\/span><\/a><span lang=\"ES-DO\">, parto prematuro) beb\u00e9 (<\/span><a href=\"https:\/\/www.google.com\/search?q=bajo+peso&amp;sca_esv=eafcec971676a922&amp;sxsrf=ANbL-n6odhI_M1R0zhTQXaM1POxQyXyrSA%3A1769267019382&amp;source=hp&amp;ei=S990aZS8FffIp84P54-o4A8&amp;iflsig=AFdpzrgAAAAAaXTtW5nZIbfSVFdgdwVIgYm8niudEa6Q&amp;ved=2ahUKEwitj4GxuaSSAxVq8MkDHRCoEsgQgK4QegYIAQgAEAU&amp;uact=5&amp;oq=adolescente+embarazada&amp;gs_lp=Egdnd3Mtd2l6IhZhZG9sZXNjZW50ZSBlbWJhcmF6YWRhMgUQABiABDIFEAAYgAQyBRAAGIAEMgUQABiABDIFEAAYgAQyBRAuGIAEMgUQABiABDIFEAAYgAQyBRAAGIAEMgUQABiABEjNugFQ6ghYlHFwAXgAkAEAmAHuBqAB7CCqAQ40LjEyLjIuMS4xLjAuMbgBA8gBAPgBAZgCFqACxyGoAgrCAgoQABgDGOoCGI8BwgIKEC4YAxjqAhiPAcICERAuGIAEGLEDGNEDGIMBGMcBwgILEAAYgAQYsQMYgwHCAg4QABiABBixAxiDARiKBcICCBAAGIAEGLEDwgIOEC4YgAQYsQMY0QMYxwHCAggQLhiABBixA8ICBxAAGIAEGA3CAgcQLhiABBgNmAMN8QUJU5HA951gA5IHDjUuMTIuMi4xLjEuMC4xoAe34AGyBw40LjEyLjIuMS4xLjAuMbgHuSHCBwgwLjE4LjMuMcgHPoAIAA&amp;sclient=gws-wiz\" target=\"_blank\" rel=\"nofollow noopener\" data-saferedirecturl=\"https:\/\/www.google.com\/url?q=https:\/\/www.google.com\/search?q%3Dbajo%2Bpeso%26sca_esv%3Deafcec971676a922%26sxsrf%3DANbL-n6odhI_M1R0zhTQXaM1POxQyXyrSA%253A1769267019382%26source%3Dhp%26ei%3DS990aZS8FffIp84P54-o4A8%26iflsig%3DAFdpzrgAAAAAaXTtW5nZIbfSVFdgdwVIgYm8niudEa6Q%26ved%3D2ahUKEwitj4GxuaSSAxVq8MkDHRCoEsgQgK4QegYIAQgAEAU%26uact%3D5%26oq%3Dadolescente%2Bembarazada%26gs_lp%3DEgdnd3Mtd2l6IhZhZG9sZXNjZW50ZSBlbWJhcmF6YWRhMgUQABiABDIFEAAYgAQyBRAAGIAEMgUQABiABDIFEAAYgAQyBRAuGIAEMgUQABiABDIFEAAYgAQyBRAAGIAEMgUQABiABEjNugFQ6ghYlHFwAXgAkAEAmAHuBqAB7CCqAQ40LjEyLjIuMS4xLjAuMbgBA8gBAPgBAZgCFqACxyGoAgrCAgoQABgDGOoCGI8BwgIKEC4YAxjqAhiPAcICERAuGIAEGLEDGNEDGIMBGMcBwgILEAAYgAQYsQMYgwHCAg4QABiABBixAxiDARiKBcICCBAAGIAEGLEDwgIOEC4YgAQYsQMY0QMYxwHCAggQLhiABBixA8ICBxAAGIAEGA3CAgcQLhiABBgNmAMN8QUJU5HA951gA5IHDjUuMTIuMi4xLjEuMC4xoAe34AGyBw40LjEyLjIuMS4xLjAuMbgHuSHCBwgwLjE4LjMuMcgHPoAIAA%26sclient%3Dgws-wiz&amp;source=gmail&amp;ust=1769451722348000&amp;usg=AOvVaw3QIq3qNOs5RGOFzxDCybDH\"><span lang=\"ES-DO\">bajo peso<\/span><\/a><span lang=\"ES-DO\">),\u00a0no cuenta con una red de apoyo formal y suficientemente robusta dirigida espec\u00edficamente a las adolescentes embarazadas.<\/span><\/p>\n<p><span lang=\"ES-DO\">En casos menos frecuentes, pero de extrema gravedad, aparece la psicosis posparto, una condici\u00f3n que puede poner en riesgo la vida de la madre y del reci\u00e9n nacido. En un pa\u00eds con servicios de salud mental limitados, centralizados y con bajo presupuesto,<\/span><\/p>\n<p><span lang=\"ES-DO\">Durante los primeros nueve meses de 2025 se registraron 11,961 embarazos en adolescentes, incluyendo m\u00e1s de 600 casos en ni\u00f1as menores de 15 a\u00f1os. Estas cifras, aunque muestren reducciones marginales, siguen siendo inaceptablemente altas.<\/span><\/p>\n<p><span lang=\"ES-DO\">Detr\u00e1s de cada n\u00famero hay historias marcadas por vulnerabilidad emocional, pobreza, violencia intrafamiliar, abuso sexual, abandono escolar y ausencia de redes de apoyo. En un contexto donde uno de cada cinco dominicanos presenta s\u00edntomas de ansiedad, depresi\u00f3n u otros trastornos mentales, las adolescentes parten en clara desventaja.<\/span><\/p>\n<p><span lang=\"ES-DO\">El problema se profundiza porque la respuesta institucional sigue siendo parcial y tard\u00eda. El sistema de salud dominicano contin\u00faa abordando el embarazo adolescente casi exclusivamente desde una perspectiva biom\u00e9dica, centrada en el control prenatal, mientras la salud mental perinatal no forma parte estructural del acompa\u00f1amiento.<\/span><\/p>\n<p><span lang=\"ES-DO\">No existe un seguimiento psicol\u00f3gico sistem\u00e1tico antes, durante ni despu\u00e9s del embarazo, a pesar de la elevada carga de trastornos mentales no atendidos en la poblaci\u00f3n general.<\/span><\/p>\n<p><span lang=\"ES-DO\">A esto se suma la exclusi\u00f3n educativa. Una proporci\u00f3n significativa de la deserci\u00f3n escolar femenina est\u00e1 directamente vinculada a la maternidad temprana. Al abandonar la escuela, muchas adolescentes quedan atrapadas en un ciclo de dependencia econ\u00f3mica, informalidad laboral y relaciones de pareja desiguales o violentas, factores que deterioran a\u00fan m\u00e1s su salud mental y limitan cualquier posibilidad real de movilidad social.<\/span><\/p>\n<p><span lang=\"ES-DO\">Hablar de embarazo adolescente en la Rep\u00fablica Dominicana exige reconocer que estamos ante una emergencia de salud mental dentro de otra emergencia mayor. No basta con reducir cifras reproductivas, se requieren pol\u00edticas p\u00fablicas integrales, sostenidas y basadas en evidencia que articulen educaci\u00f3n sexual, prevenci\u00f3n de la violencia, permanencia escolar y atenci\u00f3n psicol\u00f3gica oportuna.<\/span><\/p>\n<p><span lang=\"ES-DO\">Ignorar esta realidad no es neutral, porque la ausencia de pol\u00edticas p\u00fablicas tambi\u00e9n enferma.<\/span><\/p>\n","protected":false},"excerpt":{"rendered":"<p>Por Dr. Ram\u00f3n Ceballo En la Rep\u00fablica Dominicana, el alto n\u00famero de embarazos en adolescentes revela m\u00faltiples problem\u00e1ticas sociales, educativas y de salud p\u00fablica que se encuentran profundamente interconectadas y que requieren atenci\u00f3n urgente. El pa\u00eds enfrenta una combinaci\u00f3n particularmente alarmante, elevadas tasas de embarazo adolescente y una prevalencia de problemas de salud mental en [&hellip;]<\/p>\n","protected":false},"author":1,"featured_media":427975,"comment_status":"open","ping_status":"open","sticky":false,"template":"","format":"standard","meta":{"_bbp_topic_count":0,"_bbp_reply_count":0,"_bbp_total_topic_count":0,"_bbp_total_reply_count":0,"_bbp_voice_count":0,"_bbp_anonymous_reply_count":0,"_bbp_topic_count_hidden":0,"_bbp_reply_count_hidden":0,"_bbp_forum_subforum_count":0,"footnotes":""},"categories":[33],"tags":[],"class_list":{"0":"post-459774","1":"post","2":"type-post","3":"status-publish","4":"format-standard","5":"has-post-thumbnail","7":"category-opinion"},"_links":{"self":[{"href":"https:\/\/primermomento.com\/index.php?rest_route=\/wp\/v2\/posts\/459774","targetHints":{"allow":["GET"]}}],"collection":[{"href":"https:\/\/primermomento.com\/index.php?rest_route=\/wp\/v2\/posts"}],"about":[{"href":"https:\/\/primermomento.com\/index.php?rest_route=\/wp\/v2\/types\/post"}],"author":[{"embeddable":true,"href":"https:\/\/primermomento.com\/index.php?rest_route=\/wp\/v2\/users\/1"}],"replies":[{"embeddable":true,"href":"https:\/\/primermomento.com\/index.php?rest_route=%2Fwp%2Fv2%2Fcomments&post=459774"}],"version-history":[{"count":1,"href":"https:\/\/primermomento.com\/index.php?rest_route=\/wp\/v2\/posts\/459774\/revisions"}],"predecessor-version":[{"id":459775,"href":"https:\/\/primermomento.com\/index.php?rest_route=\/wp\/v2\/posts\/459774\/revisions\/459775"}],"wp:featuredmedia":[{"embeddable":true,"href":"https:\/\/primermomento.com\/index.php?rest_route=\/wp\/v2\/media\/427975"}],"wp:attachment":[{"href":"https:\/\/primermomento.com\/index.php?rest_route=%2Fwp%2Fv2%2Fmedia&parent=459774"}],"wp:term":[{"taxonomy":"category","embeddable":true,"href":"https:\/\/primermomento.com\/index.php?rest_route=%2Fwp%2Fv2%2Fcategories&post=459774"},{"taxonomy":"post_tag","embeddable":true,"href":"https:\/\/primermomento.com\/index.php?rest_route=%2Fwp%2Fv2%2Ftags&post=459774"}],"curies":[{"name":"wp","href":"https:\/\/api.w.org\/{rel}","templated":true}]}}