{"id":459794,"date":"2026-01-27T07:52:01","date_gmt":"2026-01-27T12:52:01","guid":{"rendered":"https:\/\/primermomento.com\/?p=459794"},"modified":"2026-01-27T07:52:15","modified_gmt":"2026-01-27T12:52:15","slug":"vicepresidente-pld-dice-que-procuradora-debe-investigar-afiliaciones-de-senasa-en-consulados-de-eeuu","status":"publish","type":"post","link":"https:\/\/primermomento.com\/?p=459794","title":{"rendered":"Vicepresidente del PLD dice que procuradora debe investigar afiliaciones de SeNaSa en consulados de EEUU"},"content":{"rendered":"<p><iframe loading=\"lazy\" title=\"Vicepresidente PLD califica fraude SeNaSa de internacional; procuradora general RD debe investigar\" width=\"696\" height=\"392\" src=\"https:\/\/www.youtube.com\/embed\/xn8EoeQu9z0?start=2&#038;feature=oembed\" frameborder=\"0\" allow=\"accelerometer; autoplay; clipboard-write; encrypted-media; gyroscope; picture-in-picture; web-share\" referrerpolicy=\"strict-origin-when-cross-origin\" allowfullscreen><\/iframe><\/p>\n<p><em><b>Por<span style=\"color: #ff0000;\"> Ram\u00f3n Mercedes<\/span><\/b><\/em><\/p>\n<p>SANTO DOMINGO, Rep\u00fablica Dominicana.- El vicepresidente del Partido de la Liberaci\u00f3n Dominicana (PLD), Yv\u00e1n Lorenzo, expres\u00f3 que las autoridades gubernamentales utilizaron de manera inconsulta los datos de dominicanos residentes en el exterior para afiliarlos sin su conocimiento en el Seguro Nacional de Salud (SeNaSa) en Estados Unidos.<\/p>\n<p>\u201cEstamos demandando de la Honorable Magistrada Procurador General de la Rep\u00fablica, Jenny Berenice, que solicite la intervenci\u00f3n del Departamento de Estado para que se pueda esclarecer todo lo que ocurri\u00f3 en USA con el fraude SeNaSa\u201d asegur\u00f3 Lorenzo al tiempo de calificar lo ocurrido como un fraude internacional.<\/p>\n<p><img loading=\"lazy\" decoding=\"async\" class=\"size-medium wp-image-459795 alignleft\" src=\"https:\/\/primermomento.com\/wp-content\/uploads\/2026\/01\/Vicepresidente-PLD-califica-fraude-SeNaSa-de-internacional-300x298.jpg\" alt=\"\" width=\"300\" height=\"298\" srcset=\"https:\/\/primermomento.com\/wp-content\/uploads\/2026\/01\/Vicepresidente-PLD-califica-fraude-SeNaSa-de-internacional-300x298.jpg 300w, https:\/\/primermomento.com\/wp-content\/uploads\/2026\/01\/Vicepresidente-PLD-califica-fraude-SeNaSa-de-internacional-150x150.jpg 150w, https:\/\/primermomento.com\/wp-content\/uploads\/2026\/01\/Vicepresidente-PLD-califica-fraude-SeNaSa-de-internacional.jpg 578w\" sizes=\"auto, (max-width: 300px) 100vw, 300px\" \/>El alto dirigente pelede\u00edsta subray\u00f3 que permanece en contacto con los dominicanos en el exterior, principalmente con nuestra diaspora\u00a0\u00a0en EE. UU., \u201cporque impulsamos una iniciativa que busca modificar las leyes consulares y, permanentemente, queremos escuchar qu\u00e9 est\u00e1 pasando con los connacionales que viven en ultramar\u201d.<\/p>\n<p>El tambi\u00e9n exsenador del PLD, al insistir en que el caso SeNaSa tiene ribete internacional, asegura que, durante su reciente estad\u00eda en la Gran Manzana, pudo escuchar a muchos dominicanos quejarse de que sus datos personales fueron utilizados tanto en las sedes de nuestros consulados como en las oficinas sat\u00e9lites, que sostienen las han convertido en un verdadero desorden.<\/p>\n<p>Al ser entrevistado en su bufete de abogados se le inquiri\u00f3 identificar a esos consulados dominicanos en USA que se prestaron al uso no autorizado de los datos personales de quisqueyanos que requieren los servicios consulares, dijo que \u201cpidi\u00e9ramos decir son los aperturados en siete jurisdicciones del territorio estadounidense.<\/p>\n<p>Lorenzo hizo hincapi\u00e9 en que \u201cen esos consulados, deliberadamente se quer\u00eda afiliar a personas que no lo estaban y\u00a0\u00a0por eso reitero el pedimiento a la Procuradora General de la Rep\u00fablica para que solicite la colaboraci\u00f3n del Departamento de Estado y de las autoridades norteamericanas para que se pueda esclarecer el caso\u201d.<\/p>\n<p>El ex-legislador del PLD de manera reiterada plante\u00f3 que deben hacerse las indagatorias de lugar principalmente en el consulado dominicano de NY (actual c\u00f3nsul Jes\u00fas V\u00e1squez -Chu-), el de Nueva Jersey (actual c\u00f3nsul, Jos\u00e9 Santana -Bertico-) el de Massachusetts, Puerto Rico y en las dem\u00e1s sedes en territorio de EUA.<\/p>\n<p>Finalmente, Lorenzo declar\u00f3 que se hace necesario que los dominicanos sepan qu\u00e9 ocurri\u00f3 con las informaciones que tienen los consulados en el fraude internacional de SENASA y aprovech\u00f3 la oportunidad para que tambi\u00e9n se investigue el desorden con la proliferaci\u00f3n de oficinas sat\u00e9lites sin la autorizaci\u00f3n del gobierno norteamericano.<\/p>\n","protected":false},"excerpt":{"rendered":"<p>Por Ram\u00f3n Mercedes SANTO DOMINGO, Rep\u00fablica Dominicana.- El vicepresidente del Partido de la Liberaci\u00f3n Dominicana (PLD), Yv\u00e1n Lorenzo, expres\u00f3 que las autoridades gubernamentales utilizaron de manera inconsulta los datos de dominicanos residentes en el exterior para afiliarlos sin su conocimiento en el Seguro Nacional de Salud (SeNaSa) en Estados Unidos. \u201cEstamos demandando de la Honorable [&hellip;]<\/p>\n","protected":false},"author":1,"featured_media":459795,"comment_status":"open","ping_status":"open","sticky":false,"template":"","format":"video","meta":{"_bbp_topic_count":0,"_bbp_reply_count":0,"_bbp_total_topic_count":0,"_bbp_total_reply_count":0,"_bbp_voice_count":0,"_bbp_anonymous_reply_count":0,"_bbp_topic_count_hidden":0,"_bbp_reply_count_hidden":0,"_bbp_forum_subforum_count":0,"footnotes":""},"categories":[31,106],"tags":[],"class_list":{"0":"post-459794","1":"post","2":"type-post","3":"status-publish","4":"format-video","5":"has-post-thumbnail","7":"category-estados-unidos","8":"category-video-news","9":"post_format-post-format-video"},"_links":{"self":[{"href":"https:\/\/primermomento.com\/index.php?rest_route=\/wp\/v2\/posts\/459794","targetHints":{"allow":["GET"]}}],"collection":[{"href":"https:\/\/primermomento.com\/index.php?rest_route=\/wp\/v2\/posts"}],"about":[{"href":"https:\/\/primermomento.com\/index.php?rest_route=\/wp\/v2\/types\/post"}],"author":[{"embeddable":true,"href":"https:\/\/primermomento.com\/index.php?rest_route=\/wp\/v2\/users\/1"}],"replies":[{"embeddable":true,"href":"https:\/\/primermomento.com\/index.php?rest_route=%2Fwp%2Fv2%2Fcomments&post=459794"}],"version-history":[{"count":2,"href":"https:\/\/primermomento.com\/index.php?rest_route=\/wp\/v2\/posts\/459794\/revisions"}],"predecessor-version":[{"id":459797,"href":"https:\/\/primermomento.com\/index.php?rest_route=\/wp\/v2\/posts\/459794\/revisions\/459797"}],"wp:featuredmedia":[{"embeddable":true,"href":"https:\/\/primermomento.com\/index.php?rest_route=\/wp\/v2\/media\/459795"}],"wp:attachment":[{"href":"https:\/\/primermomento.com\/index.php?rest_route=%2Fwp%2Fv2%2Fmedia&parent=459794"}],"wp:term":[{"taxonomy":"category","embeddable":true,"href":"https:\/\/primermomento.com\/index.php?rest_route=%2Fwp%2Fv2%2Fcategories&post=459794"},{"taxonomy":"post_tag","embeddable":true,"href":"https:\/\/primermomento.com\/index.php?rest_route=%2Fwp%2Fv2%2Ftags&post=459794"}],"curies":[{"name":"wp","href":"https:\/\/api.w.org\/{rel}","templated":true}]}}