{"id":459860,"date":"2026-01-28T04:30:29","date_gmt":"2026-01-28T09:30:29","guid":{"rendered":"https:\/\/primermomento.com\/?p=459860"},"modified":"2026-01-28T09:41:23","modified_gmt":"2026-01-28T14:41:23","slug":"la-salud-mental-en-el-aula-dominicana-lo-que-el-profesor-ve-y-el-sistema-prefiere-no-mirar","status":"publish","type":"post","link":"https:\/\/primermomento.com\/?p=459860","title":{"rendered":"La salud mental en el aula dominicana: lo que el profesor ve y el sistema prefiere no mirar"},"content":{"rendered":"<p><strong><em><span lang=\"ES-DO\">Por Dr.<span style=\"color: #ff0000;\"> Ram\u00f3n Ceballo<\/span><\/span><\/em><\/strong><\/p>\n<p><span lang=\"ES-DO\">En la Rep\u00fablica Dominicana, la escuela no es solo un espacio de aprendizaje acad\u00e9mico. Es, muchas veces, el primer lugar donde se manifiestan los conflictos emocionales que ni\u00f1os y adolescentes no saben, o no pueden, expresar de otra manera. \u00a0Sin embargo, mientras esas se\u00f1ales se repiten a diario en las aulas, la salud mental sigue ocupando un lugar secundario en la agenda educativa nacional.<\/span><\/p>\n<p><span lang=\"ES-DO\">Los datos oficiales confirman que no se trata de una percepci\u00f3n subjetiva. Las cifras del Ministerio de Salud P\u00fablica muestran que aproximadamente\u00a0el 20 % de la poblaci\u00f3n dominicana padece alg\u00fan trastorno mental, siendo la ansiedad y la depresi\u00f3n los m\u00e1s frecuentes entre quienes buscan atenci\u00f3n sanitaria.\u00a0<\/span><\/p>\n<figure id=\"attachment_458434\" aria-describedby=\"caption-attachment-458434\" style=\"width: 231px\" class=\"wp-caption alignleft\"><img loading=\"lazy\" decoding=\"async\" class=\"size-full wp-image-458434\" src=\"https:\/\/primermomento.com\/wp-content\/uploads\/2025\/12\/Ramon-Ceballo1.jpg\" alt=\"\" width=\"231\" height=\"273\" \/><figcaption id=\"caption-attachment-458434\" class=\"wp-caption-text\">Ram\u00f3n Ceballo<br \/>sic\u00f3logo y psiquiatra.<\/figcaption><\/figure>\n<p><span lang=\"ES-DO\">Adem\u00e1s, el suicidio figura como\u00a0una de las principales causas de muerte entre j\u00f3venes de 20 a 29 a\u00f1os, con un promedio anual que ronda los 600 decesos en los \u00faltimos a\u00f1os.\u00a0Pero cuando se trata de ni\u00f1os y adolescentes, las estad\u00edsticas apuntan tambi\u00e9n hacia una realidad preocupante.\u00a0<\/span><\/p>\n<p><span lang=\"ES-DO\">Un estudio especializado en una comunidad del pa\u00eds encontr\u00f3 que\u00a0casi el 17 % de j\u00f3venes entre 11 y 19 a\u00f1os mostraba problemas de salud mental, con m\u00e1s de una cuarta parte con s\u00edntomas emocionales significativos.\u00a0<\/span><\/p>\n<p><span lang=\"ES-DO\">En este contexto, el profesor dominicano convive con estudiantes atravesados por realidades complejas: violencia intrafamiliar, hogares fragmentados por la migraci\u00f3n, estr\u00e9s econ\u00f3mico, sobreexposici\u00f3n a redes sociales y consumo temprano de sustancias.\u00a0<\/span><\/p>\n<p><span lang=\"ES-DO\">Todo eso entra al aula y se refleja en la conducta, el rendimiento acad\u00e9mico y las relaciones entre pares. Aun as\u00ed, el sistema suele responder con sanci\u00f3n antes que con comprensi\u00f3n.<\/span><\/p>\n<p><span lang=\"ES-DO\">Uno de los primeros signos de alerta que un docente puede identificar es el\u00a0cambio brusco o persistente en el comportamiento.\u00a0El estudiante que antes participaba y ahora guarda silencio; el que era tranquilo y se vuelve agresivo; el que se a\u00edsla, se muestra irritable o llora sin causa aparente.\u00a0<\/span><\/p>\n<p><span lang=\"ES-DO\">En muchas escuelas del pa\u00eds, estos comportamientos se etiquetan r\u00e1pidamente como \u201cindisciplina\u201d o \u201cfalta de valores\u201d, sin considerar que pueden ser manifestaciones de depresi\u00f3n, ansiedad o experiencias traum\u00e1ticas. El\u00a0deterioro del rendimiento acad\u00e9mico\u00a0es otra se\u00f1al frecuente.<\/span><\/p>\n<p><span lang=\"ES-DO\">En aulas sobrepobladas, con recursos limitados, el estudiante que deja de concentrarse, olvida tareas o parece desconectado suele ser se\u00f1alado como perezoso o irresponsable.\u00a0<\/span><\/p>\n<p><span lang=\"ES-DO\">Rara vez se analiza que detr\u00e1s puede haber un trastorno de ansiedad, un d\u00e9ficit de atenci\u00f3n no diagnosticado o un estado depresivo.\u00a0En un sistema donde el acompa\u00f1amiento psicol\u00f3gico escolar es escaso, estos alumnos pasan desapercibidos hasta que fracasan o abandonan.<\/span><\/p>\n<p><span lang=\"ES-DO\">Las\u00a0alteraciones emocionales\u00a0tambi\u00e9n son visibles para quien sabe mirar. Ansiedad intensa ante evaluaciones, miedo a hablar en p\u00fablico, reacciones desproporcionadas ante correcciones m\u00ednimas, baja autoestima expresada en frases como \u201cyo no sirvo\u201d o \u201cyo no puedo\u201d.\u00a0<\/span><\/p>\n<p><span lang=\"ES-DO\">En el contexto dominicano, donde a\u00fan persiste el estigma hacia la salud mental, estas se\u00f1ales suelen minimizarse con frases como \u201ceso es una etapa\u201d o \u201ceso se le quita\u201d. M\u00e1s preocupantes a\u00fan son las\u00a0conductas disruptivas o de riesgo. Agresividad constante, impulsividad, desaf\u00edo permanente a la autoridad, comentarios sobre la muerte o el deseo de no existir.\u00a0<\/span><\/p>\n<p><span lang=\"ES-DO\">En una sociedad donde la violencia se ha normalizado y la respuesta institucional suele ser punitiva, estas se\u00f1ales rara vez activan protocolos de atenci\u00f3n. Se suspende, se expulsa, se llama a los padres, pero no se interviene emocionalmente.\u00a0<\/span>Castigar sin escuchar no corrige, agrava.<\/p>\n<p><span lang=\"ES-DO\">La salud mental tambi\u00e9n se expresa en el cuerpo.\u00a0Dolores de cabeza o est\u00f3mago recurrentes, cansancio extremo, somnolencia en clase, descuido del aspecto personal\u00a0son s\u00edntomas comunes en las escuelas dominicanas.\u00a0<\/span><\/p>\n<p><span lang=\"ES-DO\">En contextos de vulnerabilidad social, estos signos se confunden con desinter\u00e9s o falta de h\u00e1bitos, cuando en realidad pueden estar asociados a estr\u00e9s cr\u00f3nico, ansiedad o depresi\u00f3n.<\/span><\/p>\n<p><span lang=\"ES-DO\">Otro indicador clave son las\u00a0dificultades en la interacci\u00f3n social. Estudiantes aislados, envueltos constantemente en conflictos, v\u00edctimas o perpetradores de bullying, o excesivamente dependientes del adulto.\u00a0En un pa\u00eds donde la convivencia escolar a\u00fan no se trabaja de forma sistem\u00e1tica, estas situaciones se prolongan sin intervenci\u00f3n, profundizando el da\u00f1o psicol\u00f3gico.<\/span><\/p>\n<p><span lang=\"ES-DO\">El lenguaje del estudiante tampoco debe ignorarse. Frases cargadas de culpa, desesperanza o miedo constante no son simples \u201cdramas adolescentes\u201d. Son se\u00f1ales de alerta.\u00a0En un contexto nacional donde los problemas de salud mental en j\u00f3venes van en aumento, minimizar estas expresiones es una irresponsabilidad colectiva.<\/span><\/p>\n<p><span lang=\"ES-DO\">Es importante decirlo con claridad: el rol del docente no es diagnosticar. Pero s\u00ed es\u00a0observar, registrar y canalizar. Para ello, el sistema educativo dominicano debe asumir una verdad inc\u00f3moda, no se puede exigir a los profesores que detecten problemas de salud mental si no se les forma para ello, ni se puede derivar si no existen servicios de apoyo suficientes dentro de las escuelas.<\/span><\/p>\n<p><span lang=\"ES-DO\">Hablar de salud mental en el aula dominicana no es una moda ni un lujo importado. Es una urgencia social. Porque cada estudiante ignorado hoy es un adulto vulnerable ma\u00f1ana. Y porque, muchas veces, el profesor es el \u00fanico adulto que ve lo que nadie m\u00e1s quiere ver.<\/span><\/p>\n","protected":false},"excerpt":{"rendered":"<p>Por Dr. Ram\u00f3n Ceballo En la Rep\u00fablica Dominicana, la escuela no es solo un espacio de aprendizaje acad\u00e9mico. Es, muchas veces, el primer lugar donde se manifiestan los conflictos emocionales que ni\u00f1os y adolescentes no saben, o no pueden, expresar de otra manera. \u00a0Sin embargo, mientras esas se\u00f1ales se repiten a diario en las aulas, [&hellip;]<\/p>\n","protected":false},"author":1,"featured_media":459159,"comment_status":"open","ping_status":"open","sticky":false,"template":"","format":"standard","meta":{"_bbp_topic_count":0,"_bbp_reply_count":0,"_bbp_total_topic_count":0,"_bbp_total_reply_count":0,"_bbp_voice_count":0,"_bbp_anonymous_reply_count":0,"_bbp_topic_count_hidden":0,"_bbp_reply_count_hidden":0,"_bbp_forum_subforum_count":0,"footnotes":""},"categories":[33],"tags":[],"class_list":{"0":"post-459860","1":"post","2":"type-post","3":"status-publish","4":"format-standard","5":"has-post-thumbnail","7":"category-opinion"},"_links":{"self":[{"href":"https:\/\/primermomento.com\/index.php?rest_route=\/wp\/v2\/posts\/459860","targetHints":{"allow":["GET"]}}],"collection":[{"href":"https:\/\/primermomento.com\/index.php?rest_route=\/wp\/v2\/posts"}],"about":[{"href":"https:\/\/primermomento.com\/index.php?rest_route=\/wp\/v2\/types\/post"}],"author":[{"embeddable":true,"href":"https:\/\/primermomento.com\/index.php?rest_route=\/wp\/v2\/users\/1"}],"replies":[{"embeddable":true,"href":"https:\/\/primermomento.com\/index.php?rest_route=%2Fwp%2Fv2%2Fcomments&post=459860"}],"version-history":[{"count":4,"href":"https:\/\/primermomento.com\/index.php?rest_route=\/wp\/v2\/posts\/459860\/revisions"}],"predecessor-version":[{"id":459865,"href":"https:\/\/primermomento.com\/index.php?rest_route=\/wp\/v2\/posts\/459860\/revisions\/459865"}],"wp:featuredmedia":[{"embeddable":true,"href":"https:\/\/primermomento.com\/index.php?rest_route=\/wp\/v2\/media\/459159"}],"wp:attachment":[{"href":"https:\/\/primermomento.com\/index.php?rest_route=%2Fwp%2Fv2%2Fmedia&parent=459860"}],"wp:term":[{"taxonomy":"category","embeddable":true,"href":"https:\/\/primermomento.com\/index.php?rest_route=%2Fwp%2Fv2%2Fcategories&post=459860"},{"taxonomy":"post_tag","embeddable":true,"href":"https:\/\/primermomento.com\/index.php?rest_route=%2Fwp%2Fv2%2Ftags&post=459860"}],"curies":[{"name":"wp","href":"https:\/\/api.w.org\/{rel}","templated":true}]}}