{"id":459917,"date":"2026-01-28T06:15:54","date_gmt":"2026-01-28T11:15:54","guid":{"rendered":"https:\/\/primermomento.com\/?p=459917"},"modified":"2026-01-28T19:39:29","modified_gmt":"2026-01-29T00:39:29","slug":"venezuela-su-laberinto-y-sus-nudos","status":"publish","type":"post","link":"https:\/\/primermomento.com\/?p=459917","title":{"rendered":"Venezuela, su laberinto y sus nudos"},"content":{"rendered":"<p><strong><em>Por <span style=\"color: #ff0000;\">C\u00e9sar P\u00e9rez<\/span><\/em><\/strong><\/p>\n<p>La intervenci\u00f3n militar de EEUU contra Venezuela no solo ha potenciado enormemente la crisis general en que ha vivido ese pa\u00eds durante m\u00e1s de una d\u00e9cada, sino que ha situado como uno de los puntos centrales de discusi\u00f3n pol\u00edtica de la actualidad. Igualmente, evidencia que en este mundo sin reglas m\u00ednimas ning\u00fan pa\u00eds est\u00e1 libre del capricho y la propensi\u00f3n al abuso en que hist\u00f3ricamente ha discurrido la historia de los imperios y de las grandes potencias. La forma y contenido de la agresi\u00f3n militar empuja a ese pa\u00eds hacia un laberinto mucho m\u00e1s profundo del que se encontraba antes de ese hecho. Ello as\u00ed, porque agrava una crisis pol\u00edtica de un pa\u00eds cuyo gobierno y oposici\u00f3n mayoritaria tienen una cuestionada legitimidad.<\/p>\n<figure id=\"attachment_378785\" aria-describedby=\"caption-attachment-378785\" style=\"width: 300px\" class=\"wp-caption alignleft\"><img loading=\"lazy\" decoding=\"async\" class=\"size-medium wp-image-378785\" src=\"https:\/\/primermomento.com\/wp-content\/uploads\/2023\/02\/cesar-perez-1-300x200.jpeg\" alt=\"\" width=\"300\" height=\"200\" \/><figcaption id=\"caption-attachment-378785\" class=\"wp-caption-text\">C\u00e9sar P\u00e9rez<br \/>Soci\u00f3logo<\/figcaption><\/figure>\n<p>La agresi\u00f3n imperialista a Venezuela es absolutamente inaceptable, como lo son las muchas que a diario se cometen en otras regiones. Pero, en este caso, esta no puede condenarse sin que se digan algunas verdades inc\u00f3modas sobre la situaci\u00f3n del pa\u00eds agredido. En efecto, recordemos que al momento de la agresi\u00f3n, el gobierno no era reconocido como leg\u00edtimo por Brasil, M\u00e9xico, Colombia y Chile, pa\u00edses de la regi\u00f3n que gozan de una amplia legitimidad en sectores no solo progresistas, al igual Espa\u00f1a. Todos ellos han condenado la intervenci\u00f3n de EEUU, pero se mantuvieron firmes en la demanda al gobierno venezolano de que publicara las actas de las \u00faltimas elecciones presidenciales de la cual se declararon vencedores, sin que en ning\u00fan momento estos pudieron hacerlo.<\/p>\n<p>Algunos de los presidentes de los pa\u00edses arriba citados, como Petro, fueron categ\u00f3ricos en la cr\u00edtica al gobierno venezolano, tanto por el tema de la no publicaci\u00f3n de los resultados electorales \u00faltimos, sino por la existencia de respeto a valores inalienable de la democracia. Y no solo ellos, dentro y fuera de Venezuela hay varios movimientos, personalidades, acad\u00e9micos y partidos de izquierda que mantienen su divergencia con la c\u00fapula dirigentes del gobierno. Por ejemplo: \u201cEl PCV insiste en la necesidad impostergable de construir una salida pol\u00edtica de car\u00e1cter popular, constitucional, democr\u00e1tica y soberana a la crisis. Ni la ocupaci\u00f3n ni el tutelaje imperialista, como tampoco la continuidad del r\u00e9gimen autoritario, constituyen soluciones favorables para el pueblo trabajador\u201d.<\/p>\n<p>Durante la direcci\u00f3n del fallecido Ger\u00f3nimo Carrera, el Partido Comunista Venezolano, con posiciones cr\u00edticas apoy\u00f3 el proceso que dirig\u00eda Ch\u00e1vez, pero rompi\u00f3 con el gobierno de Maduro. Carrera era una figura destacada de la clase pol\u00edtica venezolana, muy respetado por su larga trayectoria de honestidad, su s\u00f3lida formaci\u00f3n y su cosmopolitismo. Su partido y varias organizaciones de izquierda demandan \u201cla libertad plena de los presos pol\u00edticos y atender la exigencia de familiares, organizaciones sociales y pol\u00edticas que han luchado por su liberaci\u00f3n, e ir mitigando el dolor causado a miles de familias venezolanas que se encuentran enfrentando esa dura e injusta situaci\u00f3n\u201d. El gobierno, ahora de la intervenci\u00f3n, ha comenzado a liberar presos pol\u00edticos, tanto nacionales como extranjeros.<\/p>\n<p>En ese sentido, esos presos y esas organizaciones de la oposici\u00f3n irrumpen en el nuevo cuadro pol\u00edtico que habr\u00e1 de dise\u00f1arse en ese pa\u00eds. Por consiguiente, no son \u201cpro yankis\u201d ni \u201cagente de la CIA\u201d. Son sectores con los que hay que contar en la b\u00fasqueda de una salida. Un intento de salida en que las fuerzas del r\u00e9gimen se sometan al invasor para prolongarse y mantenerse el poder ser\u00eda simplemente mantener la crisis, continuar el desangramiento pa\u00eds cansado y en sostenido deterioro. Ese es un nudo que hay que desatar para salir del laberinto. Tampoco puede hacerse una transici\u00f3n dirigida por una oposici\u00f3n como la que encabeza la Corina Machado, descalificada \u00e9tica y pol\u00edticamente por sus incalificables posiciones y actitudes. Pero sus seguidores son partes de la ecuaci\u00f3n, no excluirlos.<\/p>\n<p>El gran dilema es que un gobierno basado en un hibrido: madurismo\/invasores, que es lo que existe hasta hoy, no es viable. Ser\u00eda conferirle una legitimidad a la c\u00fapula del madurismo y peor a\u00fan al invasor. Tampoco es posible pensar un gobierno hegemonizado por la oposici\u00f3n mayoritaria que, si bien valid\u00f3 su condici\u00f3n de tal en las pasadas elecciones, por la complejidad del momento, no est\u00e1 en capacidad de llevar a puerto una transici\u00f3n. En eso tiene raz\u00f3n el invasor. \u00a0Es un laberinto insondable fruto de pol\u00edticas y actitudes extremas de las principales fuerzas envueltas en esta crisis. Eso lo advirtieron los gobiernos progresistas de la regi\u00f3n cuando en su momento exigieron una salida pactada y democr\u00e1tica. Manteniendo la coherencia exigen ahora una salida en el mismo sentido que antes lo hicieron.<\/p>\n<p>Maduro y su compa\u00f1era deben regresar a su pa\u00eds, pero insistir o demandar que sea para volver a una presidencia no legitima, m\u00e1s que un desprop\u00f3sito es un infantilismo, una demanda\/ilusi\u00f3n que, sin ning\u00fan viso de realidad, se convertir\u00eda en otra derrota de ese sector de las fuerzas progresistas sin sentido de la realidad.<\/p>\n<p>Salir de la crisis significa negociar, siendo conscientes de que a los sectores que se debe apoyar son aquellos que realmente les importa la democracia, no los negocios ni las materias primas, pero negociar. No hay otra v\u00eda. Lo dem\u00e1s es nostalgia, ilusi\u00f3n.<\/p>\n","protected":false},"excerpt":{"rendered":"<p>Por C\u00e9sar P\u00e9rez La intervenci\u00f3n militar de EEUU contra Venezuela no solo ha potenciado enormemente la crisis general en que ha vivido ese pa\u00eds durante m\u00e1s de una d\u00e9cada, sino que ha situado como uno de los puntos centrales de discusi\u00f3n pol\u00edtica de la actualidad. Igualmente, evidencia que en este mundo sin reglas m\u00ednimas ning\u00fan [&hellip;]<\/p>\n","protected":false},"author":1,"featured_media":458860,"comment_status":"open","ping_status":"open","sticky":false,"template":"","format":"standard","meta":{"_bbp_topic_count":0,"_bbp_reply_count":0,"_bbp_total_topic_count":0,"_bbp_total_reply_count":0,"_bbp_voice_count":0,"_bbp_anonymous_reply_count":0,"_bbp_topic_count_hidden":0,"_bbp_reply_count_hidden":0,"_bbp_forum_subforum_count":0,"footnotes":""},"categories":[33],"tags":[],"class_list":{"0":"post-459917","1":"post","2":"type-post","3":"status-publish","4":"format-standard","5":"has-post-thumbnail","7":"category-opinion"},"_links":{"self":[{"href":"https:\/\/primermomento.com\/index.php?rest_route=\/wp\/v2\/posts\/459917","targetHints":{"allow":["GET"]}}],"collection":[{"href":"https:\/\/primermomento.com\/index.php?rest_route=\/wp\/v2\/posts"}],"about":[{"href":"https:\/\/primermomento.com\/index.php?rest_route=\/wp\/v2\/types\/post"}],"author":[{"embeddable":true,"href":"https:\/\/primermomento.com\/index.php?rest_route=\/wp\/v2\/users\/1"}],"replies":[{"embeddable":true,"href":"https:\/\/primermomento.com\/index.php?rest_route=%2Fwp%2Fv2%2Fcomments&post=459917"}],"version-history":[{"count":1,"href":"https:\/\/primermomento.com\/index.php?rest_route=\/wp\/v2\/posts\/459917\/revisions"}],"predecessor-version":[{"id":459918,"href":"https:\/\/primermomento.com\/index.php?rest_route=\/wp\/v2\/posts\/459917\/revisions\/459918"}],"wp:featuredmedia":[{"embeddable":true,"href":"https:\/\/primermomento.com\/index.php?rest_route=\/wp\/v2\/media\/458860"}],"wp:attachment":[{"href":"https:\/\/primermomento.com\/index.php?rest_route=%2Fwp%2Fv2%2Fmedia&parent=459917"}],"wp:term":[{"taxonomy":"category","embeddable":true,"href":"https:\/\/primermomento.com\/index.php?rest_route=%2Fwp%2Fv2%2Fcategories&post=459917"},{"taxonomy":"post_tag","embeddable":true,"href":"https:\/\/primermomento.com\/index.php?rest_route=%2Fwp%2Fv2%2Ftags&post=459917"}],"curies":[{"name":"wp","href":"https:\/\/api.w.org\/{rel}","templated":true}]}}