{"id":459993,"date":"2026-01-29T18:28:48","date_gmt":"2026-01-29T23:28:48","guid":{"rendered":"https:\/\/primermomento.com\/?p=459993"},"modified":"2026-01-30T06:33:21","modified_gmt":"2026-01-30T11:33:21","slug":"economia-dominicana-crecio-2-1-por-ciento-en-2025-menos-de-lo-fijado","status":"publish","type":"post","link":"https:\/\/primermomento.com\/?p=459993","title":{"rendered":"Econom\u00eda dominicana creci\u00f3 2.1 por ciento en 2025, menos de lo fijado"},"content":{"rendered":"<p><strong><em>Por<span style=\"color: #ff0000;\"> Prensa Latina<\/span><\/em><\/strong><\/p>\n<p>SANTO DOMINGO, Rep\u00fablica Dominicana.- La econom\u00eda de la Rep\u00fablica Dominicana registr\u00f3 un crecimiento de 2.1 por ciento durante 2025, resultado que se situ\u00f3 por debajo de las proyecciones oficiales, inform\u00f3 hoy el Banco Central (BC).<\/p>\n<div class=\"elementor-element elementor-element-0aea3a0 elementor-widget elementor-widget-theme-post-content\" data-id=\"0aea3a0\" data-element_type=\"widget\" data-widget_type=\"theme-post-content.default\">\n<div class=\"elementor-widget-container\">\n<p>En octubre \u00faltimo las autoridades estimaban una expansi\u00f3n cercana al 2.5 por ciento al cierre de diciembre.<\/p>\n<p>De acuerdo con la entidad monetaria, el Indicador Mensual de Actividad Econ\u00f3mica (IMAE) mostr\u00f3 una variaci\u00f3n interanual de 2.3 por ciento el \u00faltimo mes del calendario, reflejando una leve aceleraci\u00f3n al finalizar el a\u00f1o.<\/p>\n<p>Precis\u00f3 que el desempe\u00f1o de la econom\u00eda fue impulsado principalmente por los sectores agropecuario y minero, as\u00ed como por los servicios de intermediaci\u00f3n financiera y las actividades de hoteles, bares y restaurantes, entre otros renglones productivos.<\/p>\n<p>No obstante, el crecimiento durante 2025 estuvo marcado por dificultades, a pesar de la aplicaci\u00f3n de medidas monetarias y fiscales. En algunos meses, la expansi\u00f3n fue limitada, llegando a registrar apenas 0.2 por ciento, como ocurri\u00f3 en octubre.<\/p>\n<p>A lo largo del a\u00f1o, las estimaciones oficiales de expansi\u00f3n fueron revisadas progresivamente a la baja. Inicialmente, se ajustaron a 3.5 por ciento a mediados de a\u00f1o y se redujeron a 2.5 por ciento en octubre, ante un entorno econ\u00f3mico menos favorable.<\/p>\n<p>El Banco Central explic\u00f3 en diversas ocasiones que el desempe\u00f1o moderado de la econom\u00eda estuvo condicionado por un contexto internacional de incertidumbre y restricciones de liquidez, factores que afectaron la inversi\u00f3n privada.<\/p>\n<p>A esto se sum\u00f3 una menor ejecuci\u00f3n del gasto de capital p\u00fablico, en comparaci\u00f3n con el promedio hist\u00f3rico de los \u00faltimos a\u00f1os.<\/p>\n<p>Hacia adelante, el BC prev\u00e9 una recuperaci\u00f3n gradual de la actividad econ\u00f3mica, con una expansi\u00f3n proyectada en torno al 4.0 por ciento para 2026.<\/p>\n<p>Esta mejor\u00eda estar\u00eda respaldada por un mayor dinamismo en la inversi\u00f3n p\u00fablica y por condiciones financieras m\u00e1s favorables.<\/p>\n<\/div>\n<\/div>\n<div class=\"elementor-element elementor-element-4f75016 elementor-widget elementor-widget-post-info\" data-id=\"4f75016\" data-element_type=\"widget\" data-widget_type=\"post-info.default\">\n<div class=\"elementor-widget-container\">\n<ul class=\"elementor-inline-items elementor-icon-list-items elementor-post-info\">\n<li class=\"elementor-icon-list-item elementor-repeater-item-17dda3e elementor-inline-item\"><em><span class=\"elementor-icon-list-text elementor-post-info__item elementor-post-info__item--type-custom\">#<a href=\"https:\/\/primermomento.com\/?p=459993\" rel=\"tag\">crecimiento econ\u00f3mico 2025<\/a>\u00a0#<a href=\"https:\/\/primermomento.com\/?p=459993\" rel=\"tag\">proyecciones econ\u00f3micas<\/a><\/span><\/em><\/li>\n<\/ul>\n<\/div>\n<\/div>\n","protected":false},"excerpt":{"rendered":"<p>Por Prensa Latina SANTO DOMINGO, Rep\u00fablica Dominicana.- La econom\u00eda de la Rep\u00fablica Dominicana registr\u00f3 un crecimiento de 2.1 por ciento durante 2025, resultado que se situ\u00f3 por debajo de las proyecciones oficiales, inform\u00f3 hoy el Banco Central (BC). En octubre \u00faltimo las autoridades estimaban una expansi\u00f3n cercana al 2.5 por ciento al cierre de diciembre. [&hellip;]<\/p>\n","protected":false},"author":1,"featured_media":388753,"comment_status":"open","ping_status":"open","sticky":false,"template":"","format":"standard","meta":{"_bbp_topic_count":0,"_bbp_reply_count":0,"_bbp_total_topic_count":0,"_bbp_total_reply_count":0,"_bbp_voice_count":0,"_bbp_anonymous_reply_count":0,"_bbp_topic_count_hidden":0,"_bbp_reply_count_hidden":0,"_bbp_forum_subforum_count":0,"footnotes":""},"categories":[35],"tags":[],"class_list":{"0":"post-459993","1":"post","2":"type-post","3":"status-publish","4":"format-standard","5":"has-post-thumbnail","7":"category-economia"},"_links":{"self":[{"href":"https:\/\/primermomento.com\/index.php?rest_route=\/wp\/v2\/posts\/459993","targetHints":{"allow":["GET"]}}],"collection":[{"href":"https:\/\/primermomento.com\/index.php?rest_route=\/wp\/v2\/posts"}],"about":[{"href":"https:\/\/primermomento.com\/index.php?rest_route=\/wp\/v2\/types\/post"}],"author":[{"embeddable":true,"href":"https:\/\/primermomento.com\/index.php?rest_route=\/wp\/v2\/users\/1"}],"replies":[{"embeddable":true,"href":"https:\/\/primermomento.com\/index.php?rest_route=%2Fwp%2Fv2%2Fcomments&post=459993"}],"version-history":[{"count":1,"href":"https:\/\/primermomento.com\/index.php?rest_route=\/wp\/v2\/posts\/459993\/revisions"}],"predecessor-version":[{"id":459994,"href":"https:\/\/primermomento.com\/index.php?rest_route=\/wp\/v2\/posts\/459993\/revisions\/459994"}],"wp:featuredmedia":[{"embeddable":true,"href":"https:\/\/primermomento.com\/index.php?rest_route=\/wp\/v2\/media\/388753"}],"wp:attachment":[{"href":"https:\/\/primermomento.com\/index.php?rest_route=%2Fwp%2Fv2%2Fmedia&parent=459993"}],"wp:term":[{"taxonomy":"category","embeddable":true,"href":"https:\/\/primermomento.com\/index.php?rest_route=%2Fwp%2Fv2%2Fcategories&post=459993"},{"taxonomy":"post_tag","embeddable":true,"href":"https:\/\/primermomento.com\/index.php?rest_route=%2Fwp%2Fv2%2Ftags&post=459993"}],"curies":[{"name":"wp","href":"https:\/\/api.w.org\/{rel}","templated":true}]}}