{"id":460062,"date":"2026-01-30T06:15:37","date_gmt":"2026-01-30T11:15:37","guid":{"rendered":"https:\/\/primermomento.com\/?p=460062"},"modified":"2026-01-30T14:38:49","modified_gmt":"2026-01-30T19:38:49","slug":"partido-comunista-del-trabajo-en-rd-condena-escalada-de-eeuu-contra-cuba","status":"publish","type":"post","link":"https:\/\/primermomento.com\/?p=460062","title":{"rendered":"Partido Comunista del Trabajo en RD condena escalada de EEUU contra Cuba"},"content":{"rendered":"<p><strong><em>Por<span style=\"color: #ff0000;\"> Prensa Latina<\/span><\/em><\/strong><\/p>\n<p>SANTO DOMINGO, Rep\u00fablica Dominicana.- El Secretariado del Partido Comunista del Trabajo (PCT) de Rep\u00fablica Dominicana rechaz\u00f3 hoy la orden ejecutiva del presidente de Estados Unidos, Donald Trump, que amenaza con imponer aranceles a los productos de los pa\u00edses que suministren petr\u00f3leo a Cuba.<\/p>\n<div class=\"elementor-element elementor-element-0aea3a0 elementor-widget elementor-widget-theme-post-content\" data-id=\"0aea3a0\" data-element_type=\"widget\" data-widget_type=\"theme-post-content.default\">\n<div class=\"elementor-widget-container\">\n<p>La v\u00edspera, Trump firm\u00f3 un decreto para declarar una \u201cemergencia nacional\u201d, con el alegato de la supuesta \u201camenaza\u201d que representa Cuba para su pa\u00eds y para la regi\u00f3n, una decisi\u00f3n condenada por el PCT.<\/p>\n<p>En un comunicado enviado a Prensa Latina y reproducido por medios locales, la organizaci\u00f3n pol\u00edtica dirigida por Manuel Salazar afirm\u00f3 que \u201cesta nueva medida coercitiva no es solo un ataque contra el gobierno cubano, sino un acto de pirater\u00eda internacional.<\/p>\n<p>El PCT denunci\u00f3 que la orden ejecutiva constituye \u201cun intento deliberado de asfixiar por hambre y falta de energ\u00eda a un pueblo digno que ha decidido ser due\u00f1o de su propio destino\u201d.<\/p>\n<p>Alert\u00f3 que esa acci\u00f3n busca profundizar la crisis energ\u00e9tica de Cuba, \u201ctras el reciente bloqueo de los suministros venezolanos\u201d, y calific\u00f3 la medida como un crimen de lesa humanidad.<\/p>\n<p>\u201cLa soberbia imperialista de Trump no tiene l\u00edmites\u201d, asegur\u00f3 el PCT en su declaraci\u00f3n.<\/p>\n<p>Asimismo, advirti\u00f3 que al amenazar a naciones soberanas para que cesen sus relaciones comerciales con Cuba, Washington viola flagrantemente el derecho internacional y la soberan\u00eda de los pueblos.<\/p>\n<p>Cuba no est\u00e1 sola, y estas t\u00e1cticas de chantaje solo refuerzan la unidad de quienes luchamos contra la hegemon\u00eda del capital, a\u00f1adi\u00f3.<\/p>\n<p>El PCT reiter\u00f3 que la supuesta \u201camenaza inusual y extraordinaria\u201d invocada por la Casa Blanca es una invenci\u00f3n c\u00ednica destinada a justificar su pol\u00edtica de dominaci\u00f3n.<\/p>\n<p>\u201cLa verdadera amenaza para la regi\u00f3n es la pol\u00edtica de agresi\u00f3n y desestabilizaci\u00f3n que emana desde Washington\u201d, puntualiz\u00f3.<\/p>\n<p>La orden ejecutiva autoriza al secretario de Estado y al secretario de Comercio de Estados Unidos a adoptar todas las medidas necesarias, incluida la emisi\u00f3n de normas y directrices, para implementar el sistema arancelario y otras disposiciones relacionadas.<\/p>\n<\/div>\n<\/div>\n<div class=\"elementor-element elementor-element-4f75016 elementor-widget elementor-widget-post-info\" data-id=\"4f75016\" data-element_type=\"widget\" data-widget_type=\"post-info.default\">\n<div class=\"elementor-widget-container\">\n<ul class=\"elementor-inline-items elementor-icon-list-items elementor-post-info\">\n<li class=\"elementor-icon-list-item elementor-repeater-item-17dda3e elementor-inline-item\"><em><span class=\"elementor-icon-list-text elementor-post-info__item elementor-post-info__item--type-custom\">#<a href=\"https:\/\/primermomento.com\/?p=460062\" rel=\"tag\">cuba<\/a>\u00a0#<a href=\"https:\/\/primermomento.com\/?p=460062\" rel=\"tag\">eeuu<\/a><\/span><\/em><\/li>\n<\/ul>\n<\/div>\n<\/div>\n","protected":false},"excerpt":{"rendered":"<p>Por Prensa Latina SANTO DOMINGO, Rep\u00fablica Dominicana.- El Secretariado del Partido Comunista del Trabajo (PCT) de Rep\u00fablica Dominicana rechaz\u00f3 hoy la orden ejecutiva del presidente de Estados Unidos, Donald Trump, que amenaza con imponer aranceles a los productos de los pa\u00edses que suministren petr\u00f3leo a Cuba. La v\u00edspera, Trump firm\u00f3 un decreto para declarar una [&hellip;]<\/p>\n","protected":false},"author":1,"featured_media":460063,"comment_status":"open","ping_status":"open","sticky":false,"template":"","format":"standard","meta":{"_bbp_topic_count":0,"_bbp_reply_count":0,"_bbp_total_topic_count":0,"_bbp_total_reply_count":0,"_bbp_voice_count":0,"_bbp_anonymous_reply_count":0,"_bbp_topic_count_hidden":0,"_bbp_reply_count_hidden":0,"_bbp_forum_subforum_count":0,"footnotes":""},"categories":[31],"tags":[],"class_list":{"0":"post-460062","1":"post","2":"type-post","3":"status-publish","4":"format-standard","5":"has-post-thumbnail","7":"category-estados-unidos"},"_links":{"self":[{"href":"https:\/\/primermomento.com\/index.php?rest_route=\/wp\/v2\/posts\/460062","targetHints":{"allow":["GET"]}}],"collection":[{"href":"https:\/\/primermomento.com\/index.php?rest_route=\/wp\/v2\/posts"}],"about":[{"href":"https:\/\/primermomento.com\/index.php?rest_route=\/wp\/v2\/types\/post"}],"author":[{"embeddable":true,"href":"https:\/\/primermomento.com\/index.php?rest_route=\/wp\/v2\/users\/1"}],"replies":[{"embeddable":true,"href":"https:\/\/primermomento.com\/index.php?rest_route=%2Fwp%2Fv2%2Fcomments&post=460062"}],"version-history":[{"count":1,"href":"https:\/\/primermomento.com\/index.php?rest_route=\/wp\/v2\/posts\/460062\/revisions"}],"predecessor-version":[{"id":460064,"href":"https:\/\/primermomento.com\/index.php?rest_route=\/wp\/v2\/posts\/460062\/revisions\/460064"}],"wp:featuredmedia":[{"embeddable":true,"href":"https:\/\/primermomento.com\/index.php?rest_route=\/wp\/v2\/media\/460063"}],"wp:attachment":[{"href":"https:\/\/primermomento.com\/index.php?rest_route=%2Fwp%2Fv2%2Fmedia&parent=460062"}],"wp:term":[{"taxonomy":"category","embeddable":true,"href":"https:\/\/primermomento.com\/index.php?rest_route=%2Fwp%2Fv2%2Fcategories&post=460062"},{"taxonomy":"post_tag","embeddable":true,"href":"https:\/\/primermomento.com\/index.php?rest_route=%2Fwp%2Fv2%2Ftags&post=460062"}],"curies":[{"name":"wp","href":"https:\/\/api.w.org\/{rel}","templated":true}]}}