{"id":460099,"date":"2026-01-31T07:30:08","date_gmt":"2026-01-31T12:30:08","guid":{"rendered":"https:\/\/primermomento.com\/?p=460099"},"modified":"2026-01-31T15:15:54","modified_gmt":"2026-01-31T20:15:54","slug":"trump-nomina-a-kevin-warsh-como-proximo-presidente-de-reserva-federal","status":"publish","type":"post","link":"https:\/\/primermomento.com\/?p=460099","title":{"rendered":"Trump nomina a Kevin Warsh como pr\u00f3ximo presidente de Reserva Federal"},"content":{"rendered":"<p><iframe loading=\"lazy\" title=\"Trump propone a Kevin Warsh para presidir la Reserva Federal\" width=\"696\" height=\"392\" src=\"https:\/\/www.youtube.com\/embed\/cX6ozLbiwVw?start=2&#038;feature=oembed\" frameborder=\"0\" allow=\"accelerometer; autoplay; clipboard-write; encrypted-media; gyroscope; picture-in-picture; web-share\" referrerpolicy=\"strict-origin-when-cross-origin\" allowfullscreen><\/iframe><\/p>\n<p><strong><em>Por<span style=\"color: #ff0000;\"> Prensa Latina<\/span><\/em><\/strong><\/p>\n<p>Washington, EEUU.- Kevin Warsh ser\u00e1 el 17 presidente de la Reserva Federal (Fed) de Estados Unidos, tras el t\u00e9rmino del mandato de Jerome Powell en mayo, seg\u00fan anunci\u00f3 Donald Trump.<\/p>\n<div class=\"elementor-element elementor-element-0aea3a0 elementor-widget elementor-widget-theme-post-content\" data-id=\"0aea3a0\" data-element_type=\"widget\" data-widget_type=\"theme-post-content.default\">\n<div class=\"elementor-widget-container\">\n<p>El presidente Trump escribi\u00f3 en su plataforma Truth Social que nomin\u00f3 a Warsh para ocupar el m\u00e1ximo puesto en la Fed y destac\u00f3 todas las credenciales de su elegido.<\/p>\n<p><img loading=\"lazy\" decoding=\"async\" class=\"size-medium wp-image-460100 alignright\" src=\"https:\/\/primermomento.com\/wp-content\/uploads\/2026\/01\/K-Warsh-1-300x200.jpg\" alt=\"\" width=\"300\" height=\"200\" srcset=\"https:\/\/primermomento.com\/wp-content\/uploads\/2026\/01\/K-Warsh-1-300x200.jpg 300w, https:\/\/primermomento.com\/wp-content\/uploads\/2026\/01\/K-Warsh-1-768x513.jpg 768w, https:\/\/primermomento.com\/wp-content\/uploads\/2026\/01\/K-Warsh-1-696x465.jpg 696w, https:\/\/primermomento.com\/wp-content\/uploads\/2026\/01\/K-Warsh-1.jpg 1024w\" sizes=\"auto, (max-width: 300px) 100vw, 300px\" \/>Warsh, de 55 a\u00f1os, fue en 2006, a los 35, la persona m\u00e1s joven en haber formado parte de la poderosa junta directiva de la entidad. Graduado como abogado en Harvard, fue considerado para ser secretario del Tesoro durante el segundo mandato de Trump y adem\u00e1s fue candidato tambi\u00e9n en el primer mandato del republicano (2017-2021) al puesto de la Fed.<\/p>\n<p>\u201cConozco a Kevin desde hace mucho tiempo y no dudo de que pasar\u00e1 a la historia como uno de los GRANDES presidentes de la Reserva Federal, quiz\u00e1s el mejor\u201d, dijo Trump.<\/p>\n<p>La comisi\u00f3n bancaria del Senado considerar\u00e1 la propuesta durante una audiencia p\u00fablica para despu\u00e9s llevarlo a votaci\u00f3n sobre su confirmaci\u00f3n en el pleno de la c\u00e1mara.<\/p>\n<p>Quiz\u00e1s el proceso no resulte tan expedito y tenga sus tropiezos por la investigaci\u00f3n que impuls\u00f3 la administraci\u00f3n Trump contra Powell que retrasar\u00eda la nominaci\u00f3n de Warsh hasta que la pesquisa concluya.<\/p>\n<p>Los esfuerzos de Trump por politizar las decisiones de la Fed son como una espada de Damocles sobre la preciada independencia del banco central.<\/p>\n<\/div>\n<\/div>\n<div class=\"elementor-element elementor-element-4f75016 elementor-widget elementor-widget-post-info\" data-id=\"4f75016\" data-element_type=\"widget\" data-widget_type=\"post-info.default\">\n<div class=\"elementor-widget-container\">\n<ul class=\"elementor-inline-items elementor-icon-list-items elementor-post-info\">\n<li class=\"elementor-icon-list-item elementor-repeater-item-17dda3e elementor-inline-item\"><span class=\"elementor-icon-list-text elementor-post-info__item elementor-post-info__item--type-custom\">#<em><a href=\"https:\/\/primermomento.com\/?p=460099\" rel=\"tag\">Kevin Warsh<\/a><\/em><\/span><\/li>\n<\/ul>\n<\/div>\n<\/div>\n","protected":false},"excerpt":{"rendered":"<p>Por Prensa Latina Washington, EEUU.- Kevin Warsh ser\u00e1 el 17 presidente de la Reserva Federal (Fed) de Estados Unidos, tras el t\u00e9rmino del mandato de Jerome Powell en mayo, seg\u00fan anunci\u00f3 Donald Trump. El presidente Trump escribi\u00f3 en su plataforma Truth Social que nomin\u00f3 a Warsh para ocupar el m\u00e1ximo puesto en la Fed y [&hellip;]<\/p>\n","protected":false},"author":1,"featured_media":460100,"comment_status":"open","ping_status":"open","sticky":false,"template":"","format":"video","meta":{"_bbp_topic_count":0,"_bbp_reply_count":0,"_bbp_total_topic_count":0,"_bbp_total_reply_count":0,"_bbp_voice_count":0,"_bbp_anonymous_reply_count":0,"_bbp_topic_count_hidden":0,"_bbp_reply_count_hidden":0,"_bbp_forum_subforum_count":0,"footnotes":""},"categories":[35,106],"tags":[],"class_list":{"0":"post-460099","1":"post","2":"type-post","3":"status-publish","4":"format-video","5":"has-post-thumbnail","7":"category-economia","8":"category-video-news","9":"post_format-post-format-video"},"_links":{"self":[{"href":"https:\/\/primermomento.com\/index.php?rest_route=\/wp\/v2\/posts\/460099","targetHints":{"allow":["GET"]}}],"collection":[{"href":"https:\/\/primermomento.com\/index.php?rest_route=\/wp\/v2\/posts"}],"about":[{"href":"https:\/\/primermomento.com\/index.php?rest_route=\/wp\/v2\/types\/post"}],"author":[{"embeddable":true,"href":"https:\/\/primermomento.com\/index.php?rest_route=\/wp\/v2\/users\/1"}],"replies":[{"embeddable":true,"href":"https:\/\/primermomento.com\/index.php?rest_route=%2Fwp%2Fv2%2Fcomments&post=460099"}],"version-history":[{"count":2,"href":"https:\/\/primermomento.com\/index.php?rest_route=\/wp\/v2\/posts\/460099\/revisions"}],"predecessor-version":[{"id":460102,"href":"https:\/\/primermomento.com\/index.php?rest_route=\/wp\/v2\/posts\/460099\/revisions\/460102"}],"wp:featuredmedia":[{"embeddable":true,"href":"https:\/\/primermomento.com\/index.php?rest_route=\/wp\/v2\/media\/460100"}],"wp:attachment":[{"href":"https:\/\/primermomento.com\/index.php?rest_route=%2Fwp%2Fv2%2Fmedia&parent=460099"}],"wp:term":[{"taxonomy":"category","embeddable":true,"href":"https:\/\/primermomento.com\/index.php?rest_route=%2Fwp%2Fv2%2Fcategories&post=460099"},{"taxonomy":"post_tag","embeddable":true,"href":"https:\/\/primermomento.com\/index.php?rest_route=%2Fwp%2Fv2%2Ftags&post=460099"}],"curies":[{"name":"wp","href":"https:\/\/api.w.org\/{rel}","templated":true}]}}