{"id":460190,"date":"2026-02-02T13:23:02","date_gmt":"2026-02-02T18:23:02","guid":{"rendered":"https:\/\/primermomento.com\/?p=460190"},"modified":"2026-02-02T18:04:24","modified_gmt":"2026-02-02T23:04:24","slug":"ministerio-de-trabajo-llama-a-empresarios-a-cumplir-con-el-pago-del-aumento-del-8-del-salario-minimo","status":"publish","type":"post","link":"https:\/\/primermomento.com\/?p=460190","title":{"rendered":"Ministerio de Trabajo llama a empresarios a cumplir con el pago del aumento del 8 % del salario m\u00ednimo"},"content":{"rendered":"<p><strong><em>Por <span style=\"color: #ff0000;\">Servicios de Primermomento.com<\/span><\/em><\/strong><\/p>\n<p>SANTO DOMINGO, Rep\u00fablica Dominicana.- El Ministerio de Trabajo record\u00f3 a los empresarios y los trabajadores que a partir del d\u00eda 1 de febrero de 2026 entr\u00f3 en vigor un aumento de un 8 % del salario m\u00ednimo de los trabajadores de las micro, peque\u00f1as, medianas y grandes empresas.<\/p>\n<p>Eddy Olivares Ortega,\u00a0ministro de Trabajo, destac\u00f3 que entre febrero de 2025 y febrero de 2026 el salario m\u00ednimo aument\u00f3 un\u00a020 % nominal\u00a0en todos los tama\u00f1os de empresas, beneficiando directamente a alrededor de\u00a01.4 millones de trabajadores.<\/p>\n<p>Olivares explic\u00f3 que\u00a0\u201ceste aumento favorecer\u00e1 directamente a cerca del 60 % del empleo formal en Rep\u00fablica Dominicana, lo que se enmarca en la pol\u00edtica del presidente Luis Abinader de dignificar el empleo, reducir brechas sociales y construir un mercado laboral m\u00e1s justo y sostenible\u201d.<\/p>\n<p>Asimismo, el ministro dijo que se trata de un aumento salarial que fortalece el poder adquisitivo y combate la pobreza, al tiempo de se\u00f1alar que inici\u00e1ndose el 2026, \u201cla Rep\u00fablica Dominicana da un paso firme hacia la mejora de las condiciones de vida de miles de trabajadores con la aplicaci\u00f3n total de este aumento del salario m\u00ednimo, aprobado en la mesa del di\u00e1logo tripartito por el Comit\u00e9 Nacional de Salarios\u201d.<\/p>\n<p>En ese sentido, Olivares sostuvo que los trabajadores de las empresas grandes tendr\u00e1n un salario de\u00a029,988.00,\u00a0un aumento de\u00a0RD 4,998; los de las medianas,\u00a027,489.60, un aumento de\u00a0RD 4,582.00; las peque\u00f1as,18,421.20, un aumento de\u00a0RD 3,070, y las micro,\u00a016,993.20, un aumento de\u00a0RD 2,832.<\/p>\n<table>\n<thead>\n<tr>\n<th>Empresa<\/th>\n<th>Salario M\u00ednimo<\/th>\n<th>Aumento<\/th>\n<th>Cobertura Canasta Familiar<\/th>\n<th>Trabajadores Impactados<\/th>\n<\/tr>\n<\/thead>\n<tbody>\n<tr>\n<td>Micro<\/td>\n<td>16,993.20<\/td>\n<td>RD$2,832<\/td>\n<td>60.5 %<\/td>\n<td>314,521<\/td>\n<\/tr>\n<tr>\n<td>Peque\u00f1a<\/td>\n<td>18,421.20<\/td>\n<td>RD$3,070<\/td>\n<td>65.6 %<\/td>\n<td>399,451<\/td>\n<\/tr>\n<tr>\n<td>Mediana<\/td>\n<td>27,489.60<\/td>\n<td>RD$4,582<\/td>\n<td>97.9 %<\/td>\n<td>232,584<\/td>\n<\/tr>\n<tr>\n<td>Grande<\/td>\n<td>29,988.00<\/td>\n<td>RD$4,998<\/td>\n<td>106.8 %<\/td>\n<td>1,570,936<\/td>\n<\/tr>\n<\/tbody>\n<\/table>\n<p>En ese orden, Olivares resalt\u00f3 el\u00a0impacto directo\u00a0del aumento en la canasta b\u00e1sica familiar, especialmente en los hogares m\u00e1s vulnerables, producto de que en las empresas grandes el salario m\u00ednimo supera el costo total de la canasta b\u00e1sica, alcanzando una cobertura de\u00a0106.8 %,\u00a0y en las medianas, cubre casi el\u00a098 %\u00a0del costo de la canasta del primer quintil de ingresos, lo que significa que, por primera vez para muchos trabajadores formales, el salario m\u00ednimo\u00a0permite cubrir las necesidades b\u00e1sicas esenciales\u00a0del hogar, reduciendo la probabilidad de caer o permanecer en situaci\u00f3n de pobreza.<\/p>\n<p>Finalmente, el titular del Ministerio de Trabajo expres\u00f3 que con este aumento el salario m\u00ednimo se consolida como una\u00a0herramienta clave de pol\u00edtica p\u00fablica, no solo para mejorar los ingresos, sino tambi\u00e9n para\u00a0reducir desigualdades, fortalecer el consumo interno y promover el trabajo decente.<\/p>\n","protected":false},"excerpt":{"rendered":"<p>Por Servicios de Primermomento.com SANTO DOMINGO, Rep\u00fablica Dominicana.- El Ministerio de Trabajo record\u00f3 a los empresarios y los trabajadores que a partir del d\u00eda 1 de febrero de 2026 entr\u00f3 en vigor un aumento de un 8 % del salario m\u00ednimo de los trabajadores de las micro, peque\u00f1as, medianas y grandes empresas. Eddy Olivares Ortega,\u00a0ministro [&hellip;]<\/p>\n","protected":false},"author":1,"featured_media":460191,"comment_status":"open","ping_status":"open","sticky":false,"template":"","format":"standard","meta":{"_bbp_topic_count":0,"_bbp_reply_count":0,"_bbp_total_topic_count":0,"_bbp_total_reply_count":0,"_bbp_voice_count":0,"_bbp_anonymous_reply_count":0,"_bbp_topic_count_hidden":0,"_bbp_reply_count_hidden":0,"_bbp_forum_subforum_count":0,"footnotes":""},"categories":[35],"tags":[],"class_list":{"0":"post-460190","1":"post","2":"type-post","3":"status-publish","4":"format-standard","5":"has-post-thumbnail","7":"category-economia"},"_links":{"self":[{"href":"https:\/\/primermomento.com\/index.php?rest_route=\/wp\/v2\/posts\/460190","targetHints":{"allow":["GET"]}}],"collection":[{"href":"https:\/\/primermomento.com\/index.php?rest_route=\/wp\/v2\/posts"}],"about":[{"href":"https:\/\/primermomento.com\/index.php?rest_route=\/wp\/v2\/types\/post"}],"author":[{"embeddable":true,"href":"https:\/\/primermomento.com\/index.php?rest_route=\/wp\/v2\/users\/1"}],"replies":[{"embeddable":true,"href":"https:\/\/primermomento.com\/index.php?rest_route=%2Fwp%2Fv2%2Fcomments&post=460190"}],"version-history":[{"count":1,"href":"https:\/\/primermomento.com\/index.php?rest_route=\/wp\/v2\/posts\/460190\/revisions"}],"predecessor-version":[{"id":460192,"href":"https:\/\/primermomento.com\/index.php?rest_route=\/wp\/v2\/posts\/460190\/revisions\/460192"}],"wp:featuredmedia":[{"embeddable":true,"href":"https:\/\/primermomento.com\/index.php?rest_route=\/wp\/v2\/media\/460191"}],"wp:attachment":[{"href":"https:\/\/primermomento.com\/index.php?rest_route=%2Fwp%2Fv2%2Fmedia&parent=460190"}],"wp:term":[{"taxonomy":"category","embeddable":true,"href":"https:\/\/primermomento.com\/index.php?rest_route=%2Fwp%2Fv2%2Fcategories&post=460190"},{"taxonomy":"post_tag","embeddable":true,"href":"https:\/\/primermomento.com\/index.php?rest_route=%2Fwp%2Fv2%2Ftags&post=460190"}],"curies":[{"name":"wp","href":"https:\/\/api.w.org\/{rel}","templated":true}]}}