{"id":460226,"date":"2026-02-02T19:16:02","date_gmt":"2026-02-03T00:16:02","guid":{"rendered":"https:\/\/primermomento.com\/?p=460226"},"modified":"2026-02-03T06:05:21","modified_gmt":"2026-02-03T11:05:21","slug":"gobiernos-autorizan-reactivacion-de-vuelos-entre-rd-y-venezuela-tras-acuerdo-bilateral","status":"publish","type":"post","link":"https:\/\/primermomento.com\/?p=460226","title":{"rendered":"Gobiernos autorizan reactivaci\u00f3n de vuelos entre RD y Venezuela tras acuerdo bilateral"},"content":{"rendered":"<p><strong><em>Por <span style=\"color: #ff0000;\">Servicios de Primermomento.com<\/span><\/em><\/strong><\/p>\n<p><span lang=\"es\">SANTO DOMINGO, Rep\u00fablica Dominicana.- Tras casi dos a\u00f1os de suspensi\u00f3n, iniciada en julio de 2024, la conectividad a\u00e9rea\u00a0entre la Rep\u00fablica Dominicana y Venezuela\u00a0se restablece. La\u00a0Junta de Aviaci\u00f3n Civil\u00a0aprob\u00f3 la reactivaci\u00f3n de las operaciones de transporte de\u00a0pasajeros, carga y correo,\u00a0en el marco del acuerdo alcanzado entre ambos Gobiernos.<\/span><\/p>\n<p><span lang=\"es\">La reanudaci\u00f3n de los servicios fue aprobada en la\u00a0sesi\u00f3n extraordinaria\u00a0de la JAC, realizada este 2 de febrero, mediante la\u00a0Resoluci\u00f3n 24-26.<\/span><\/p>\n<p><span lang=\"es\">Cabe mencionar que dichas operaciones estuvieron suspendidas desde el pasado\u00a029 de julio de 2024,\u00a0tras el Gobierno de Venezuela haber ordenado la suspensi\u00f3n de los vuelos comerciales\u00a0hacia y desde la Rep\u00fablica Dominicana.<\/span><\/p>\n<p><span lang=\"es\">Actualmente, las aerol\u00edneas extranjeras que vuelan bajo el acuerdo entre ambos pa\u00edses son: Rutas A\u00e9reas de Venezuela (RAV, S.A.); Rutas A\u00e9reas, C.A. (RUTACA); L\u00edneas A\u00e9reas de Servicio Ejecutivo Regional, C.A. (LASER); Turpial Airlines, C.A. y Avior Airlines C.A.<\/span><\/p>\n<p><span lang=\"es\">Mientras que, entre las aerol\u00edneas nacionales que ofrecen rutas hacia Venezuela se encuentran,\u00a0Red Air S.A. y Sky High Aviation Dominicana S.A.<\/span><\/p>\n<p><span lang=\"es\">La JAC reitera su respaldo a las decisiones del\u00a0Poder Ejecutivo\u00a0para la reapertura de los cielos entre Rep\u00fablica Dominicana y Venezuela, garantizando una reactivaci\u00f3n\u00a0ordenada y segura\u00a0conforme a los acuerdos alcanzados entre ambos Estados.<\/span><\/p>\n","protected":false},"excerpt":{"rendered":"<p>Por Servicios de Primermomento.com SANTO DOMINGO, Rep\u00fablica Dominicana.- Tras casi dos a\u00f1os de suspensi\u00f3n, iniciada en julio de 2024, la conectividad a\u00e9rea\u00a0entre la Rep\u00fablica Dominicana y Venezuela\u00a0se restablece. La\u00a0Junta de Aviaci\u00f3n Civil\u00a0aprob\u00f3 la reactivaci\u00f3n de las operaciones de transporte de\u00a0pasajeros, carga y correo,\u00a0en el marco del acuerdo alcanzado entre ambos Gobiernos. La reanudaci\u00f3n de los [&hellip;]<\/p>\n","protected":false},"author":1,"featured_media":460227,"comment_status":"open","ping_status":"open","sticky":false,"template":"","format":"standard","meta":{"_bbp_topic_count":0,"_bbp_reply_count":0,"_bbp_total_topic_count":0,"_bbp_total_reply_count":0,"_bbp_voice_count":0,"_bbp_anonymous_reply_count":0,"_bbp_topic_count_hidden":0,"_bbp_reply_count_hidden":0,"_bbp_forum_subforum_count":0,"footnotes":""},"categories":[35],"tags":[],"class_list":{"0":"post-460226","1":"post","2":"type-post","3":"status-publish","4":"format-standard","5":"has-post-thumbnail","7":"category-economia"},"_links":{"self":[{"href":"https:\/\/primermomento.com\/index.php?rest_route=\/wp\/v2\/posts\/460226","targetHints":{"allow":["GET"]}}],"collection":[{"href":"https:\/\/primermomento.com\/index.php?rest_route=\/wp\/v2\/posts"}],"about":[{"href":"https:\/\/primermomento.com\/index.php?rest_route=\/wp\/v2\/types\/post"}],"author":[{"embeddable":true,"href":"https:\/\/primermomento.com\/index.php?rest_route=\/wp\/v2\/users\/1"}],"replies":[{"embeddable":true,"href":"https:\/\/primermomento.com\/index.php?rest_route=%2Fwp%2Fv2%2Fcomments&post=460226"}],"version-history":[{"count":1,"href":"https:\/\/primermomento.com\/index.php?rest_route=\/wp\/v2\/posts\/460226\/revisions"}],"predecessor-version":[{"id":460228,"href":"https:\/\/primermomento.com\/index.php?rest_route=\/wp\/v2\/posts\/460226\/revisions\/460228"}],"wp:featuredmedia":[{"embeddable":true,"href":"https:\/\/primermomento.com\/index.php?rest_route=\/wp\/v2\/media\/460227"}],"wp:attachment":[{"href":"https:\/\/primermomento.com\/index.php?rest_route=%2Fwp%2Fv2%2Fmedia&parent=460226"}],"wp:term":[{"taxonomy":"category","embeddable":true,"href":"https:\/\/primermomento.com\/index.php?rest_route=%2Fwp%2Fv2%2Fcategories&post=460226"},{"taxonomy":"post_tag","embeddable":true,"href":"https:\/\/primermomento.com\/index.php?rest_route=%2Fwp%2Fv2%2Ftags&post=460226"}],"curies":[{"name":"wp","href":"https:\/\/api.w.org\/{rel}","templated":true}]}}