{"id":460276,"date":"2026-02-03T13:19:12","date_gmt":"2026-02-03T18:19:12","guid":{"rendered":"https:\/\/primermomento.com\/?p=460276"},"modified":"2026-02-04T06:18:18","modified_gmt":"2026-02-04T11:18:18","slug":"pld-denuncia-deterioro-del-sistema-publico-de-salud-en-dominicana","status":"publish","type":"post","link":"https:\/\/primermomento.com\/?p=460276","title":{"rendered":"PLD denuncia deterioro del sistema p\u00fablico de salud en Dominicana"},"content":{"rendered":"<p><strong><em>Por <span style=\"color: #ff0000;\">Prensa Latina<\/span><\/em><\/strong><\/p>\n<p>SANTO DOMINGO, Rep\u00fablica Dominicana.- El Partido de la Liberaci\u00f3n Dominicana (PLD) expres\u00f3 hoy su preocupaci\u00f3n por lo que calific\u00f3 como un deterioro generalizado del sistema p\u00fablico de salud, y exigi\u00f3 una intervenci\u00f3n urgente para garantizar una atenci\u00f3n digna a los pacientes.<\/p>\n<div class=\"elementor-element elementor-element-0aea3a0 elementor-widget elementor-widget-theme-post-content\" data-id=\"0aea3a0\" data-element_type=\"widget\" data-widget_type=\"theme-post-content.default\">\n<div class=\"elementor-widget-container\">\n<p>Rafael Gonz\u00e1lez, secretario de Salud del PLD, advirti\u00f3 en conferencia de prensa que m\u00faltiples centros asistenciales enfrentan deterioro de la infraestructura, retraso en los procedimientos, carencia de insumos y dificultades para poner en funcionamiento equipos adquiridos, lo que impacta directamente la calidad de la atenci\u00f3n m\u00e9dica.<\/p>\n<p>En distintos centros hospitalarios se evidencian situaciones preocupantes, denunciadas por los ciudadanos y medios de comunicaci\u00f3n, entre ellas suspensi\u00f3n de cirug\u00edas por fallas en \u00e1reas quir\u00fargicas y saturaci\u00f3n de los servicios de emergencias que provoca la retenci\u00f3n prolongada de ambulancias del sistema nacional de atenci\u00f3n 9-1-1, denunci\u00f3.<\/p>\n<p>La Secretar\u00eda de Salud del PLD present\u00f3 una amplia relaci\u00f3n de hospitales a nivel nacional que, seg\u00fan dijo, registran un progresivo deterioro de su infraestructura f\u00edsica.<\/p>\n<p>Como ejemplo, cit\u00f3 el Hospital Salvador B. Gautier, donde se han suspendido cirug\u00edas debido a filtraciones que inundan el \u00e1rea quir\u00fargica; el Regional San Vicente de Pa\u00fal (Gast\u00f3n), en San Francisco de Macor\u00eds, recientemente inaugurado; el Hospital Jacinto Ma\u00f1\u00f3n, en San Crist\u00f3bal; y el Jos\u00e9 Mar\u00eda Cabral y B\u00e1ez, en Santiago, entre otros.<\/p>\n<p>Igualmente, el \u00f3rgano de trabajo del PLD expres\u00f3 su preocupaci\u00f3n por la situaci\u00f3n del Seguro Nacional de Salud (SeNaSa), en particular en el r\u00e9gimen subsidiado.<\/p>\n<p>Sostuvo que en las \u00faltimas semanas se reportan dificultades para la aprobaci\u00f3n de procedimientos y materiales de alto costo, incluidos insumos esenciales para cirug\u00edas complejas.<\/p>\n<p>De igual manera, plante\u00f3 la necesidad de la implementaci\u00f3n inmediata de acciones concretas, entre ellas la publicaci\u00f3n peri\u00f3dica de los criterios de aprobaci\u00f3n de procedimientos en SeNaSa, as\u00ed como del volumen de solicitudes pendientes en el r\u00e9gimen subsidiado.<\/p>\n<p>Asimismo, la realizaci\u00f3n de una auditor\u00eda t\u00e9cnica independiente que eval\u00fae el estado de los hospitales intervenidos en los \u00faltimos a\u00f1os.<\/p>\n<\/div>\n<\/div>\n<div class=\"elementor-element elementor-element-4f75016 elementor-widget elementor-widget-post-info\" data-id=\"4f75016\" data-element_type=\"widget\" data-widget_type=\"post-info.default\">\n<div class=\"elementor-widget-container\">\n<ul class=\"elementor-inline-items elementor-icon-list-items elementor-post-info\">\n<li class=\"elementor-icon-list-item elementor-repeater-item-17dda3e elementor-inline-item\"><em><span class=\"elementor-icon-list-text elementor-post-info__item elementor-post-info__item--type-custom\">#<a href=\"https:\/\/primermomento.com\/?p=460276\" rel=\"tag\">denuncia<\/a>\u00a0#<a href=\"https:\/\/primermomento.com\/?p=460276\" rel=\"tag\">pld<\/a>\u00a0#<a href=\"https:\/\/primermomento.com\/?p=460276\" rel=\"tag\">sistema p\u00fablico de salud<\/a><\/span><\/em><\/li>\n<\/ul>\n<\/div>\n<\/div>\n<p>&nbsp;<\/p>\n","protected":false},"excerpt":{"rendered":"<p>Por Prensa Latina SANTO DOMINGO, Rep\u00fablica Dominicana.- El Partido de la Liberaci\u00f3n Dominicana (PLD) expres\u00f3 hoy su preocupaci\u00f3n por lo que calific\u00f3 como un deterioro generalizado del sistema p\u00fablico de salud, y exigi\u00f3 una intervenci\u00f3n urgente para garantizar una atenci\u00f3n digna a los pacientes. Rafael Gonz\u00e1lez, secretario de Salud del PLD, advirti\u00f3 en conferencia de [&hellip;]<\/p>\n","protected":false},"author":1,"featured_media":460277,"comment_status":"open","ping_status":"open","sticky":false,"template":"","format":"standard","meta":{"_bbp_topic_count":0,"_bbp_reply_count":0,"_bbp_total_topic_count":0,"_bbp_total_reply_count":0,"_bbp_voice_count":0,"_bbp_anonymous_reply_count":0,"_bbp_topic_count_hidden":0,"_bbp_reply_count_hidden":0,"_bbp_forum_subforum_count":0,"footnotes":""},"categories":[31],"tags":[],"class_list":{"0":"post-460276","1":"post","2":"type-post","3":"status-publish","4":"format-standard","5":"has-post-thumbnail","7":"category-estados-unidos"},"_links":{"self":[{"href":"https:\/\/primermomento.com\/index.php?rest_route=\/wp\/v2\/posts\/460276","targetHints":{"allow":["GET"]}}],"collection":[{"href":"https:\/\/primermomento.com\/index.php?rest_route=\/wp\/v2\/posts"}],"about":[{"href":"https:\/\/primermomento.com\/index.php?rest_route=\/wp\/v2\/types\/post"}],"author":[{"embeddable":true,"href":"https:\/\/primermomento.com\/index.php?rest_route=\/wp\/v2\/users\/1"}],"replies":[{"embeddable":true,"href":"https:\/\/primermomento.com\/index.php?rest_route=%2Fwp%2Fv2%2Fcomments&post=460276"}],"version-history":[{"count":1,"href":"https:\/\/primermomento.com\/index.php?rest_route=\/wp\/v2\/posts\/460276\/revisions"}],"predecessor-version":[{"id":460278,"href":"https:\/\/primermomento.com\/index.php?rest_route=\/wp\/v2\/posts\/460276\/revisions\/460278"}],"wp:featuredmedia":[{"embeddable":true,"href":"https:\/\/primermomento.com\/index.php?rest_route=\/wp\/v2\/media\/460277"}],"wp:attachment":[{"href":"https:\/\/primermomento.com\/index.php?rest_route=%2Fwp%2Fv2%2Fmedia&parent=460276"}],"wp:term":[{"taxonomy":"category","embeddable":true,"href":"https:\/\/primermomento.com\/index.php?rest_route=%2Fwp%2Fv2%2Fcategories&post=460276"},{"taxonomy":"post_tag","embeddable":true,"href":"https:\/\/primermomento.com\/index.php?rest_route=%2Fwp%2Fv2%2Ftags&post=460276"}],"curies":[{"name":"wp","href":"https:\/\/api.w.org\/{rel}","templated":true}]}}