{"id":460287,"date":"2026-02-03T13:34:20","date_gmt":"2026-02-03T18:34:20","guid":{"rendered":"https:\/\/primermomento.com\/?p=460287"},"modified":"2026-02-04T06:19:23","modified_gmt":"2026-02-04T11:19:23","slug":"fuerza-del-pueblo-advierte-desaceleracion-economica-en-dominicana","status":"publish","type":"post","link":"https:\/\/primermomento.com\/?p=460287","title":{"rendered":"Fuerza del Pueblo advierte desaceleraci\u00f3n econ\u00f3mica en Dominicana"},"content":{"rendered":"<p><strong><em>Por<span style=\"color: #ff0000;\"> Prensa Latina<\/span><\/em><\/strong><\/p>\n<p>SANTO DOMINGO, Rep\u00fablica Dominicana.- La Rep\u00fablica Dominicana cerr\u00f3 2025 con un crecimiento econ\u00f3mico de 2.1 por ciento, quedando rezagada frente a varios pa\u00edses de Centroam\u00e9rica, advirti\u00f3 hoy el secretario de Asuntos Econ\u00f3micos de la Fuerza del Pueblo (FP), Daniel Toribio.<\/p>\n<div class=\"elementor-element elementor-element-0aea3a0 elementor-widget elementor-widget-theme-post-content\" data-id=\"0aea3a0\" data-element_type=\"widget\" data-widget_type=\"theme-post-content.default\">\n<div class=\"elementor-widget-container\">\n<p>El dirigente del partido opositor advirti\u00f3 que el pa\u00eds concluy\u00f3 el a\u00f1o con un \u201cgiro preocupante\u201d al pasar de liderar el crecimiento regional a perder dinamismo, en contraste con econom\u00edas centroamericanas que se expandieron cerca de 4.0 por ciento o m\u00e1s.<\/p>\n<p>Sostuvo que la desaceleraci\u00f3n econ\u00f3mica impacta de forma directa sobre el empleo, las ventas y las expectativas, configurando \u2014a su juicio\u2014 un escenario adverso.<\/p>\n<p>\u201cCrecimiento bajo y comida cara empujan la pobreza. Si no se corrige la estructura que encarece la vida, el pa\u00eds seguir\u00e1 perdiendo la ventaja que construy\u00f3 desde 1996, sin ganar lo que realmente importa: vivir con menos presi\u00f3n\u201d, concluy\u00f3.<\/p>\n<p>La econom\u00eda de la Rep\u00fablica Dominicana registr\u00f3 un alza de 2.1 por ciento durante 2025, resultado que se situ\u00f3 por debajo de las proyecciones oficiales, inform\u00f3 el Banco Central (BC) la semana pasada.<\/p>\n<p>La entidad financiera explic\u00f3 que el crecimiento durante 2025 estuvo marcado por dificultades, a pesar de la aplicaci\u00f3n de medidas monetarias y fiscales. En algunos meses, el incremento fue limitado, llegando a registrar apenas 0.2 por ciento, como ocurri\u00f3 en octubre.<\/p>\n<p>A lo largo del a\u00f1o, las estimaciones oficiales de expansi\u00f3n fueron revisadas progresivamente a la baja. Inicialmente, se ajustaron a 3.5 por ciento a mediados de a\u00f1o y se redujeron a 2.5 por ciento en octubre, ante un entorno econ\u00f3mico menos favorable.<\/p>\n<p>El BC aclar\u00f3 en diversas ocasiones que ese desempe\u00f1o moderado estuvo condicionado por un contexto internacional de incertidumbre y restricciones de liquidez, factores que afectaron la inversi\u00f3n privada.<\/p>\n<p>A esto se sum\u00f3 una menor ejecuci\u00f3n del gasto de capital p\u00fablico, en comparaci\u00f3n con el promedio hist\u00f3rico de los \u00faltimos a\u00f1os.<\/p>\n<\/div>\n<\/div>\n<div class=\"elementor-element elementor-element-4f75016 elementor-widget elementor-widget-post-info\" data-id=\"4f75016\" data-element_type=\"widget\" data-widget_type=\"post-info.default\">\n<div class=\"elementor-widget-container\">\n<ul class=\"elementor-inline-items elementor-icon-list-items elementor-post-info\">\n<li class=\"elementor-icon-list-item elementor-repeater-item-17dda3e elementor-inline-item\"><span class=\"elementor-icon-list-text elementor-post-info__item elementor-post-info__item--type-custom\">#<em><a href=\"https:\/\/primermomento.com\/?p=460287\" rel=\"tag\">rezago<\/a><\/em><\/span><\/li>\n<\/ul>\n<\/div>\n<\/div>\n","protected":false},"excerpt":{"rendered":"<p>Por Prensa Latina SANTO DOMINGO, Rep\u00fablica Dominicana.- La Rep\u00fablica Dominicana cerr\u00f3 2025 con un crecimiento econ\u00f3mico de 2.1 por ciento, quedando rezagada frente a varios pa\u00edses de Centroam\u00e9rica, advirti\u00f3 hoy el secretario de Asuntos Econ\u00f3micos de la Fuerza del Pueblo (FP), Daniel Toribio. El dirigente del partido opositor advirti\u00f3 que el pa\u00eds concluy\u00f3 el a\u00f1o [&hellip;]<\/p>\n","protected":false},"author":1,"featured_media":460288,"comment_status":"open","ping_status":"open","sticky":false,"template":"","format":"standard","meta":{"_bbp_topic_count":0,"_bbp_reply_count":0,"_bbp_total_topic_count":0,"_bbp_total_reply_count":0,"_bbp_voice_count":0,"_bbp_anonymous_reply_count":0,"_bbp_topic_count_hidden":0,"_bbp_reply_count_hidden":0,"_bbp_forum_subforum_count":0,"footnotes":""},"categories":[31],"tags":[],"class_list":{"0":"post-460287","1":"post","2":"type-post","3":"status-publish","4":"format-standard","5":"has-post-thumbnail","7":"category-estados-unidos"},"_links":{"self":[{"href":"https:\/\/primermomento.com\/index.php?rest_route=\/wp\/v2\/posts\/460287","targetHints":{"allow":["GET"]}}],"collection":[{"href":"https:\/\/primermomento.com\/index.php?rest_route=\/wp\/v2\/posts"}],"about":[{"href":"https:\/\/primermomento.com\/index.php?rest_route=\/wp\/v2\/types\/post"}],"author":[{"embeddable":true,"href":"https:\/\/primermomento.com\/index.php?rest_route=\/wp\/v2\/users\/1"}],"replies":[{"embeddable":true,"href":"https:\/\/primermomento.com\/index.php?rest_route=%2Fwp%2Fv2%2Fcomments&post=460287"}],"version-history":[{"count":1,"href":"https:\/\/primermomento.com\/index.php?rest_route=\/wp\/v2\/posts\/460287\/revisions"}],"predecessor-version":[{"id":460289,"href":"https:\/\/primermomento.com\/index.php?rest_route=\/wp\/v2\/posts\/460287\/revisions\/460289"}],"wp:featuredmedia":[{"embeddable":true,"href":"https:\/\/primermomento.com\/index.php?rest_route=\/wp\/v2\/media\/460288"}],"wp:attachment":[{"href":"https:\/\/primermomento.com\/index.php?rest_route=%2Fwp%2Fv2%2Fmedia&parent=460287"}],"wp:term":[{"taxonomy":"category","embeddable":true,"href":"https:\/\/primermomento.com\/index.php?rest_route=%2Fwp%2Fv2%2Fcategories&post=460287"},{"taxonomy":"post_tag","embeddable":true,"href":"https:\/\/primermomento.com\/index.php?rest_route=%2Fwp%2Fv2%2Ftags&post=460287"}],"curies":[{"name":"wp","href":"https:\/\/api.w.org\/{rel}","templated":true}]}}