{"id":460355,"date":"2026-02-04T07:15:05","date_gmt":"2026-02-04T12:15:05","guid":{"rendered":"https:\/\/primermomento.com\/?p=460355"},"modified":"2026-02-04T14:42:57","modified_gmt":"2026-02-04T19:42:57","slug":"la-clase-media-dominicana-como-crecio","status":"publish","type":"post","link":"https:\/\/primermomento.com\/?p=460355","title":{"rendered":"La clase media dominicana: \u00bfc\u00f3mo creci\u00f3?"},"content":{"rendered":"<p><strong><em>Por <span style=\"color: #ff0000;\">Rosario Espinal<\/span><\/em><\/strong><\/p>\n<p>Sin duda, las precariedades socioecon\u00f3micas abundan en la Rep\u00fablica Dominicana, pero en los \u00faltimos 50 a\u00f1os la clase media dominicana ha crecido significativamente; as\u00ed lo indican las estad\u00edsticas y la simple observaci\u00f3n del crecimiento de los barrios de capas medias y la masa vehicular en que se transporta.<\/p>\n<p>Vale entonces preguntarse: \u00bfqu\u00e9 permiti\u00f3 este crecimiento?<\/p>\n<p>El contexto general lo ofrece la relativa estabilidad pol\u00edtica y macroecon\u00f3mica del pa\u00eds.<\/p>\n<figure id=\"attachment_308326\" aria-describedby=\"caption-attachment-308326\" style=\"width: 145px\" class=\"wp-caption alignleft\"><img loading=\"lazy\" decoding=\"async\" class=\"size-full wp-image-308326\" src=\"https:\/\/primermomento.com\/wp-content\/uploads\/2018\/08\/rosario-espinal1.jpg\" alt=\"\" width=\"145\" height=\"145\" srcset=\"https:\/\/primermomento.com\/wp-content\/uploads\/2018\/08\/rosario-espinal1.jpg 145w, https:\/\/primermomento.com\/wp-content\/uploads\/2018\/08\/rosario-espinal1-50x50.jpg 50w, https:\/\/primermomento.com\/wp-content\/uploads\/2018\/08\/rosario-espinal1-118x118.jpg 118w, https:\/\/primermomento.com\/wp-content\/uploads\/2018\/08\/rosario-espinal1-30x30.jpg 30w\" sizes=\"auto, (max-width: 145px) 100vw, 145px\" \/><figcaption id=\"caption-attachment-308326\" class=\"wp-caption-text\">Rosario Espinal<br \/>Polit\u00f3loga<\/figcaption><\/figure>\n<p>Desde la transici\u00f3n de 1978, la pol\u00edtica dominicana ha funcionado con un sistema de partidos que, mal que bien, ha permitido la rotaci\u00f3n de todos los segmentos pol\u00edticos en el poder, desde la ultraderecha a la izquierda, colocados desde el Gobierno en el par\u00e1metro de la centroderecha.<\/p>\n<p>O sea, la pol\u00edtica dominicana no ha tenido grandes movimientos pendulares, lo que ha permitido a los actores econ\u00f3micos y sociales funcionar en un marco de expectativas confiables.<\/p>\n<p>En lo econ\u00f3mico, las d\u00e9cadas de 1980 y 1990 fueron dif\u00edciles, as\u00ed como la crisis financiera de 2003-2004, pero a partir de 2005 el pa\u00eds ha mantenido estabilidad macroecon\u00f3mica con inflaci\u00f3n baja o moderada y devaluaciones controladas. Eso tambi\u00e9n ha permitido a los actores econ\u00f3micos operar en un marco de certezas.<\/p>\n<p>A fines de la d\u00e9cada de 1960 se inici\u00f3 el proceso migratorio dominicano que a\u00fan no cesa. La mayor\u00eda de esos migrantes env\u00edan remesas para ayudar a sostener sus familiares, que logran as\u00ed alcanzar un estatus de clase media v\u00eda mayor consumo, acceso a la educaci\u00f3n, a la salud y a una vivienda.<\/p>\n<p>Sin esas remesas familiares y otras formas de ayuda econ\u00f3mica directa, la clase media dominicana ser\u00eda m\u00e1s peque\u00f1a. Por tanto, la migraci\u00f3n dominicana mejor\u00f3 la posici\u00f3n econ\u00f3mica de los que se fueron y de muchos que se quedaron.<\/p>\n<p>En este siglo XXI, el Estado dominicano pas\u00f3 de ser simplemente clientelar a ser tambi\u00e9n un Estado asistencial, mediante la ampliaci\u00f3n de diversos programas sociales.<\/p>\n<p>Inicialmente se establecieron los programas de Solidaridad, luego llamados Progresando con Solidaridad, y ahora se llaman Sup\u00e9rate. Son programas de transferencia de dinero para subsidiar la comida, la educaci\u00f3n, el consumo de gas y luz, entre otros.<\/p>\n<p>El sector p\u00fablico como fuente de empleos ha sido crucial para crear un segmento laboral de mejores salarios y beneficios que el privado. As\u00ed, el Estado sustenta no solo personas de clase media baja o regular, sino tambi\u00e9n de clase media alta, sobre todo, en instituciones p\u00fablicas aut\u00f3nomas como el Banco Central, las altas cortes y las superintendencias, donde los salarios son altos. Adem\u00e1s, el Estado es el gran contratista.<\/p>\n","protected":false},"excerpt":{"rendered":"<p>Por Rosario Espinal Sin duda, las precariedades socioecon\u00f3micas abundan en la Rep\u00fablica Dominicana, pero en los \u00faltimos 50 a\u00f1os la clase media dominicana ha crecido significativamente; as\u00ed lo indican las estad\u00edsticas y la simple observaci\u00f3n del crecimiento de los barrios de capas medias y la masa vehicular en que se transporta. Vale entonces preguntarse: \u00bfqu\u00e9 [&hellip;]<\/p>\n","protected":false},"author":1,"featured_media":446916,"comment_status":"open","ping_status":"open","sticky":false,"template":"","format":"standard","meta":{"_bbp_topic_count":0,"_bbp_reply_count":0,"_bbp_total_topic_count":0,"_bbp_total_reply_count":0,"_bbp_voice_count":0,"_bbp_anonymous_reply_count":0,"_bbp_topic_count_hidden":0,"_bbp_reply_count_hidden":0,"_bbp_forum_subforum_count":0,"footnotes":""},"categories":[33],"tags":[],"class_list":{"0":"post-460355","1":"post","2":"type-post","3":"status-publish","4":"format-standard","5":"has-post-thumbnail","7":"category-opinion"},"_links":{"self":[{"href":"https:\/\/primermomento.com\/index.php?rest_route=\/wp\/v2\/posts\/460355","targetHints":{"allow":["GET"]}}],"collection":[{"href":"https:\/\/primermomento.com\/index.php?rest_route=\/wp\/v2\/posts"}],"about":[{"href":"https:\/\/primermomento.com\/index.php?rest_route=\/wp\/v2\/types\/post"}],"author":[{"embeddable":true,"href":"https:\/\/primermomento.com\/index.php?rest_route=\/wp\/v2\/users\/1"}],"replies":[{"embeddable":true,"href":"https:\/\/primermomento.com\/index.php?rest_route=%2Fwp%2Fv2%2Fcomments&post=460355"}],"version-history":[{"count":1,"href":"https:\/\/primermomento.com\/index.php?rest_route=\/wp\/v2\/posts\/460355\/revisions"}],"predecessor-version":[{"id":460356,"href":"https:\/\/primermomento.com\/index.php?rest_route=\/wp\/v2\/posts\/460355\/revisions\/460356"}],"wp:featuredmedia":[{"embeddable":true,"href":"https:\/\/primermomento.com\/index.php?rest_route=\/wp\/v2\/media\/446916"}],"wp:attachment":[{"href":"https:\/\/primermomento.com\/index.php?rest_route=%2Fwp%2Fv2%2Fmedia&parent=460355"}],"wp:term":[{"taxonomy":"category","embeddable":true,"href":"https:\/\/primermomento.com\/index.php?rest_route=%2Fwp%2Fv2%2Fcategories&post=460355"},{"taxonomy":"post_tag","embeddable":true,"href":"https:\/\/primermomento.com\/index.php?rest_route=%2Fwp%2Fv2%2Ftags&post=460355"}],"curies":[{"name":"wp","href":"https:\/\/api.w.org\/{rel}","templated":true}]}}