{"id":460480,"date":"2026-02-06T04:10:44","date_gmt":"2026-02-06T09:10:44","guid":{"rendered":"https:\/\/primermomento.com\/?p=460480"},"modified":"2026-02-06T12:02:28","modified_gmt":"2026-02-06T17:02:28","slug":"precandidato-del-pld-cuestiona-que-pacientes-con-cancer-no-reciban-medicamentos-de-alto-costo","status":"publish","type":"post","link":"https:\/\/primermomento.com\/?p=460480","title":{"rendered":"Precandidato del PLD cuestiona que pacientes con c\u00e1ncer no reciban medicamentos de Alto Costo"},"content":{"rendered":"<p><strong><em>Por <span style=\"color: #ff0000;\">Servicios de Primermomento.com<\/span><\/em><\/strong><\/p>\n<p style=\"font-weight: 400;\">SANTO DOMINGO, Rep\u00fablica Dominicana.- El aspirante presidencial Francisco Javier Garc\u00eda calific\u00f3 de inaceptable que cientos de pacientes con c\u00e1ncer sigan atrapados en largas listas de espera del programa de Medicamentos de Alto Costo del gobierno dominicano.<\/p>\n<p style=\"font-weight: 400;\">En un mensaje publicado con ocasi\u00f3n de la conmemoraci\u00f3n del D\u00eda de la Lucha Mundial contra el C\u00e1ncer, Garc\u00eda explic\u00f3 que las demoras de SENASA en autorizar tratamientos y medicamentos est\u00e1n costando tiempo, calidad de vida y esperanza a los dominicanos diagnosticados con esta enfermedad, al tiempo que recalc\u00f3 que la salud no puede esperar.<\/p>\n<p style=\"font-weight: 400;\">El experimentado servidor p\u00fablico se\u00f1al\u00f3 que urge modernizar los procesos, reducir la burocracia y garantizar acceso inmediato a los tratamientos. \u201cLa salud no puede seguir siendo reh\u00e9n de la burocracia\u201d, subray\u00f3.<\/p>\n<p style=\"font-weight: 400;\">En su publicaci\u00f3n en la cuenta X, Garc\u00eda indic\u00f3:<\/p>\n<p style=\"font-weight: 400;\">\u201cNecesitamos transparencia. Necesitamos respuestas. Necesitamos un gobierno que s\u00ed funcione.\u201d<\/p>\n<p style=\"font-weight: 400;\">El l\u00edder pol\u00edtico manifest\u00f3 su identificaci\u00f3n con todos los pacientes que sufren esta terrible enfermedad, dese\u00e1ndoles salud y pronta recuperaci\u00f3n.\u00a0 \u201cInvitamos a todos a realizar sus revisiones de salud preventiva y a cuidar su bienestar\u201d, escribi\u00f3 el dirigente pol\u00edtico, en su cuenta de X.<\/p>\n","protected":false},"excerpt":{"rendered":"<p>Por Servicios de Primermomento.com SANTO DOMINGO, Rep\u00fablica Dominicana.- El aspirante presidencial Francisco Javier Garc\u00eda calific\u00f3 de inaceptable que cientos de pacientes con c\u00e1ncer sigan atrapados en largas listas de espera del programa de Medicamentos de Alto Costo del gobierno dominicano. En un mensaje publicado con ocasi\u00f3n de la conmemoraci\u00f3n del D\u00eda de la Lucha Mundial [&hellip;]<\/p>\n","protected":false},"author":1,"featured_media":460481,"comment_status":"open","ping_status":"open","sticky":false,"template":"","format":"standard","meta":{"_bbp_topic_count":0,"_bbp_reply_count":0,"_bbp_total_topic_count":0,"_bbp_total_reply_count":0,"_bbp_voice_count":0,"_bbp_anonymous_reply_count":0,"_bbp_topic_count_hidden":0,"_bbp_reply_count_hidden":0,"_bbp_forum_subforum_count":0,"footnotes":""},"categories":[31],"tags":[],"class_list":{"0":"post-460480","1":"post","2":"type-post","3":"status-publish","4":"format-standard","5":"has-post-thumbnail","7":"category-estados-unidos"},"_links":{"self":[{"href":"https:\/\/primermomento.com\/index.php?rest_route=\/wp\/v2\/posts\/460480","targetHints":{"allow":["GET"]}}],"collection":[{"href":"https:\/\/primermomento.com\/index.php?rest_route=\/wp\/v2\/posts"}],"about":[{"href":"https:\/\/primermomento.com\/index.php?rest_route=\/wp\/v2\/types\/post"}],"author":[{"embeddable":true,"href":"https:\/\/primermomento.com\/index.php?rest_route=\/wp\/v2\/users\/1"}],"replies":[{"embeddable":true,"href":"https:\/\/primermomento.com\/index.php?rest_route=%2Fwp%2Fv2%2Fcomments&post=460480"}],"version-history":[{"count":1,"href":"https:\/\/primermomento.com\/index.php?rest_route=\/wp\/v2\/posts\/460480\/revisions"}],"predecessor-version":[{"id":460482,"href":"https:\/\/primermomento.com\/index.php?rest_route=\/wp\/v2\/posts\/460480\/revisions\/460482"}],"wp:featuredmedia":[{"embeddable":true,"href":"https:\/\/primermomento.com\/index.php?rest_route=\/wp\/v2\/media\/460481"}],"wp:attachment":[{"href":"https:\/\/primermomento.com\/index.php?rest_route=%2Fwp%2Fv2%2Fmedia&parent=460480"}],"wp:term":[{"taxonomy":"category","embeddable":true,"href":"https:\/\/primermomento.com\/index.php?rest_route=%2Fwp%2Fv2%2Fcategories&post=460480"},{"taxonomy":"post_tag","embeddable":true,"href":"https:\/\/primermomento.com\/index.php?rest_route=%2Fwp%2Fv2%2Ftags&post=460480"}],"curies":[{"name":"wp","href":"https:\/\/api.w.org\/{rel}","templated":true}]}}