{"id":460571,"date":"2026-02-07T07:15:36","date_gmt":"2026-02-07T12:15:36","guid":{"rendered":"https:\/\/primermomento.com\/?p=460571"},"modified":"2026-02-07T12:41:03","modified_gmt":"2026-02-07T17:41:03","slug":"republica-dominicana-ante-la-urgencia-de-cuidar-la-salud-mental-y-emocional","status":"publish","type":"post","link":"https:\/\/primermomento.com\/?p=460571","title":{"rendered":"Rep\u00fablica Dominicana ante la urgencia de cuidar la salud mental y emocional"},"content":{"rendered":"<p><strong><em><span lang=\"ES-DO\">Por Dr <span style=\"color: #ff0000;\">Ram\u00f3n Ceballo<\/span><\/span><\/em><\/strong><\/p>\n<p><span lang=\"ES-DO\">En gran parte del mundo, la salud mental y emocional ha dejado de ser un tema marginal para convertirse en una\u00a0<\/span><strong>urgencia social<\/strong>\u00a0evidente. Los cambios estructurales, econ\u00f3micos y sociales de las \u00faltimas d\u00e9cadas, junto a los impactos de la pandemia de COVID-19, han puesto de manifiesto un desaf\u00edo que afecta a miles de familias y que exige una respuesta colectiva mucho m\u00e1s robusta.<\/p>\n<p><span lang=\"ES-DO\">En la Rep\u00fablica Dominicana, la salud mental y emocional se ha consolidado como una\u00a0urgencia social\u00a0que ya no puede seguir relegada. Detr\u00e1s de los discursos sobre bienestar y desarrollo humano, los datos revelan una realidad preocupante que afecta de manera directa a millones de personas y que tiene implicaciones profundas en la convivencia social, la productividad y la cohesi\u00f3n familiar. Con una poblaci\u00f3n estimada de\u00a011.5 millones de habitantes, la magnitud del problema es innegable.<\/span><\/p>\n<figure id=\"attachment_458434\" aria-describedby=\"caption-attachment-458434\" style=\"width: 231px\" class=\"wp-caption alignleft\"><img loading=\"lazy\" decoding=\"async\" class=\"size-full wp-image-458434\" src=\"https:\/\/primermomento.com\/wp-content\/uploads\/2025\/12\/Ramon-Ceballo1.jpg\" alt=\"\" width=\"231\" height=\"273\" \/><figcaption id=\"caption-attachment-458434\" class=\"wp-caption-text\">Ram\u00f3n Ceballo<br \/>sic\u00f3logo y psiquiatra.<\/figcaption><\/figure>\n<p><span lang=\"ES-DO\">De acuerdo a las informaciones de la Organizaci\u00f3n Mundial de la Salud, y con estimaciones del Ministerio de Salud P\u00fablica (MSP),\u00a0mas del 20 % de la poblaci\u00f3n dominicana ha presentado o presenta alg\u00fan trastorno de salud mental, lo que equivale a\u00a0m\u00e1s de 2.3 millones de personas.<\/span><\/p>\n<p><span lang=\"ES-DO\">Esta cifra confirma que los trastornos mentales no constituyen un fen\u00f3meno marginal, sino una ampliamente extendida que atraviesa distintos grupos sociales y etarios.<\/span><\/p>\n<p><span lang=\"ES-DO\">Entre los trastornos m\u00e1s prevalentes se encuentra la\u00a0<b>ansiedad<\/b>, considerada el principal problema de salud mental en el pa\u00eds. Seg\u00fan datos del MSP, la ansiedad afecta aproximadamente al\u00a05.7 % de la poblaci\u00f3n, lo que representa\u00a0unas 655,500 personas. Este trastorno suele manifestarse de forma persistente y silenciosa, afectando la capacidad de concentraci\u00f3n, el desempe\u00f1o laboral y las relaciones interpersonales.<\/span><\/p>\n<p><span lang=\"ES-DO\">En segundo lugar se sit\u00faa la\u00a0<b>depresi\u00f3n<\/b>, con una prevalencia estimada del\u00a04.7 % de la poblaci\u00f3n, es decir,\u00a0alrededor de 540,500 dominicanos y dominicanas. La depresi\u00f3n concentra cerca de una cuarta parte del total de los trastornos mentales identificados y constituye una de las principales causas de discapacidad emocional. Su impacto se agrava cuando no es diagnosticada ni tratada a tiempo, y mantiene una estrecha relaci\u00f3n con conductas suicidas.<\/span><\/p>\n<p><span lang=\"ES-DO\">Otros trastornos de alto impacto incluyen el\u00a0<b>trastorno bipolar<\/b>, cuya prevalencia internacional se sit\u00faa entre\u00a01 % y 2 % de la poblaci\u00f3n. Aplicando estos rangos al contexto dominicano, se estima que\u00a0entre 115,000 y 230,000 personas\u00a0podr\u00edan vivir con esta condici\u00f3n, caracterizada por cambios extremos del estado de \u00e1nimo y una elevada carga familiar y social.<\/span><\/p>\n<p><span lang=\"ES-DO\">El\u00a0<b>insomnio<\/b>\u00a0representa otro desaf\u00edo significativo. Aunque no siempre se clasifica como trastorno mental independiente, se estima que\u00a0entre el 10 % y el 15 % de la poblaci\u00f3n, es decir,\u00a0entre 1.15 y 1.72 millones de personas, experimenta dificultades persistentes para dormir.\u00a0<\/span><\/p>\n<p><span lang=\"ES-DO\">El insomnio act\u00faa como un factor de riesgo directo para la ansiedad, la depresi\u00f3n y el deterioro de la salud emocional.<\/span><\/p>\n<p><b><span lang=\"ES-DO\">Los\u00a0trastornos del espectro psic\u00f3tico<\/span><\/b><span lang=\"ES-DO\">, como la esquizofrenia y psicosis afines, presentan una prevalencia estimada de\u00a00.7 % a 1 %, lo que equivale a\u00a0entre 80,500 y 115,000 personas. Aunque menos frecuentes, generan un alto impacto sanitario, social y econ\u00f3mico, y requieren atenci\u00f3n especializada contin\u00faa.<\/span><\/p>\n<p><span lang=\"ES-DO\">Finalmente, un componente menos visible, pero igualmente relevante, es el\u00a0<b>trastorno de estr\u00e9s postraum\u00e1tico (TEPT)<\/b>. En Rep\u00fablica Dominicana, el MSP reconoce esta condici\u00f3n como un problema asociado a experiencias traum\u00e1ticas, como violencia, accidentes, desastres naturales o crisis sanitarias, aunque\u00a0no existen estad\u00edsticas nacionales oficiales que midan su prevalencia en la poblaci\u00f3n general.<\/span><\/p>\n<p><span lang=\"ES-DO\">Esta ausencia de datos no implica baja incidencia; por el contrario, la evidencia internacional se\u00f1ala que el TEPT suele estar sub diagnosticado y frecuentemente coexiste con ansiedad, depresi\u00f3n e insomnio, lo que refuerza la necesidad de fortalecer la investigaci\u00f3n epidemiol\u00f3gica y la atenci\u00f3n especializada.<\/span><\/p>\n<p><span lang=\"ES-DO\">El gasto p\u00fablico en\u00a0<b>Salud Mental<\/b>\u00a0se mantiene por debajo del 1 % del presupuesto de salud, muy por debajo de las recomendaciones internacionales, que proponen entre 5 % y 10 %. Esta brecha en la inversi\u00f3n limita seriamente la disponibilidad de servicios especializados y el acceso a tratamientos adecuados para quienes m\u00e1s lo necesitan.<\/span><\/p>\n<p><span lang=\"ES-DO\">Esta realidad exige respuestas integrales que combinen educaci\u00f3n, pol\u00edticas p\u00fablicas, inversi\u00f3n sostenida y un cambio de percepci\u00f3n colectiva.<\/span><\/p>\n<p><span lang=\"ES-DO\">Frente a este panorama, la salud mental y emocional debe asumirse como una prioridad nacional. Superar el estigma, ampliar la inversi\u00f3n p\u00fablica y garantizar el acceso oportuno a servicios especializados no es solo una responsabilidad del Estado, sino un compromiso colectivo.\u00a0<\/span><\/p>\n<p><span lang=\"ES-DO\">Ignorar esta realidad tiene un costo humano que la Rep\u00fablica Dominicana ya no puede permitirse.<\/span><\/p>\n","protected":false},"excerpt":{"rendered":"<p>Por Dr Ram\u00f3n Ceballo En gran parte del mundo, la salud mental y emocional ha dejado de ser un tema marginal para convertirse en una\u00a0urgencia social\u00a0evidente. Los cambios estructurales, econ\u00f3micos y sociales de las \u00faltimas d\u00e9cadas, junto a los impactos de la pandemia de COVID-19, han puesto de manifiesto un desaf\u00edo que afecta a miles [&hellip;]<\/p>\n","protected":false},"author":1,"featured_media":459693,"comment_status":"open","ping_status":"open","sticky":false,"template":"","format":"standard","meta":{"_bbp_topic_count":0,"_bbp_reply_count":0,"_bbp_total_topic_count":0,"_bbp_total_reply_count":0,"_bbp_voice_count":0,"_bbp_anonymous_reply_count":0,"_bbp_topic_count_hidden":0,"_bbp_reply_count_hidden":0,"_bbp_forum_subforum_count":0,"footnotes":""},"categories":[33],"tags":[],"class_list":{"0":"post-460571","1":"post","2":"type-post","3":"status-publish","4":"format-standard","5":"has-post-thumbnail","7":"category-opinion"},"_links":{"self":[{"href":"https:\/\/primermomento.com\/index.php?rest_route=\/wp\/v2\/posts\/460571","targetHints":{"allow":["GET"]}}],"collection":[{"href":"https:\/\/primermomento.com\/index.php?rest_route=\/wp\/v2\/posts"}],"about":[{"href":"https:\/\/primermomento.com\/index.php?rest_route=\/wp\/v2\/types\/post"}],"author":[{"embeddable":true,"href":"https:\/\/primermomento.com\/index.php?rest_route=\/wp\/v2\/users\/1"}],"replies":[{"embeddable":true,"href":"https:\/\/primermomento.com\/index.php?rest_route=%2Fwp%2Fv2%2Fcomments&post=460571"}],"version-history":[{"count":1,"href":"https:\/\/primermomento.com\/index.php?rest_route=\/wp\/v2\/posts\/460571\/revisions"}],"predecessor-version":[{"id":460572,"href":"https:\/\/primermomento.com\/index.php?rest_route=\/wp\/v2\/posts\/460571\/revisions\/460572"}],"wp:featuredmedia":[{"embeddable":true,"href":"https:\/\/primermomento.com\/index.php?rest_route=\/wp\/v2\/media\/459693"}],"wp:attachment":[{"href":"https:\/\/primermomento.com\/index.php?rest_route=%2Fwp%2Fv2%2Fmedia&parent=460571"}],"wp:term":[{"taxonomy":"category","embeddable":true,"href":"https:\/\/primermomento.com\/index.php?rest_route=%2Fwp%2Fv2%2Fcategories&post=460571"},{"taxonomy":"post_tag","embeddable":true,"href":"https:\/\/primermomento.com\/index.php?rest_route=%2Fwp%2Fv2%2Ftags&post=460571"}],"curies":[{"name":"wp","href":"https:\/\/api.w.org\/{rel}","templated":true}]}}