{"id":460573,"date":"2026-02-08T16:20:37","date_gmt":"2026-02-08T21:20:37","guid":{"rendered":"https:\/\/primermomento.com\/?p=460573"},"modified":"2026-02-09T04:28:19","modified_gmt":"2026-02-09T09:28:19","slug":"expresidente-dominicano-fernandez-critica-crisis-en-salud-bajo-el-prm","status":"publish","type":"post","link":"https:\/\/primermomento.com\/?p=460573","title":{"rendered":"Expresidente dominicano Fern\u00e1ndez critica crisis en salud bajo el PRM"},"content":{"rendered":"<p><strong><em>Por <span style=\"color: #ff0000;\">Prensa Latina<\/span><\/em><\/strong><\/p>\n<p>SANTO DOMINGO, Rep\u00fablica Dominicana.- El presidente del partido Fuerza del Pueblo (FP), Leonel Fern\u00e1ndez, afirm\u00f3 que la educaci\u00f3n y la salud p\u00fablica atraviesan en Dominicana un profundo deterioro bajo la gesti\u00f3n del Partido Revolucionario Moderno (PRM), public\u00f3 hoy la prensa.<\/p>\n<div class=\"elementor-element elementor-element-0aea3a0 elementor-widget elementor-widget-theme-post-content\" data-id=\"0aea3a0\" data-element_type=\"widget\" data-widget_type=\"theme-post-content.default\">\n<div class=\"elementor-widget-container\">\n<p>El dirigente opositor acus\u00f3 a la administraci\u00f3n de Luis Abinader de carecer de visi\u00f3n de futuro y de haber perdido autoridad tras la corrupci\u00f3n (en proceso de investigaci\u00f3n) ocurrida con el Seguro Nacional de Salud (Senasa).<\/p>\n<p>\u201cLa educaci\u00f3n tiene que cambiar. Y en salud p\u00fablica, el desplome que hoy tiene la salud p\u00fablica es terrible, es indescriptible. La salud p\u00fablica se ha convertido en un paciente en s\u00ed mismo\u201d, expres\u00f3 Fern\u00e1ndez durante un encuentro con periodistas en Santiago de los Caballeros.<\/p>\n<p>El exmandatario, quien gobern\u00f3 en los per\u00edodos 1996-2000, 2004-2008 y 2008-2012, critic\u00f3 al gobierno por, seg\u00fan dijo, incumplir promesas fundamentales y permitir el deterioro de \u00e1reas clave para la poblaci\u00f3n.<\/p>\n<p>Fern\u00e1ndez inici\u00f3 el viernes pasado una agenda de trabajo de tres d\u00edas en Santiago, en la que ha sostenido encuentros con representantes de distintos sectores.<\/p>\n<p>Asimismo, denunci\u00f3 el retraso y la paralizaci\u00f3n de importantes proyectos de infraestructura en la regi\u00f3n norte, entre ellos el Monorriel de Santiago.<\/p>\n<p>Tambi\u00e9n cuestion\u00f3 la efectividad del sistema de transporte implementado por el Gobierno, particularmente el telef\u00e9rico.<\/p>\n<p>La semana pasada FP denunci\u00f3 que (Senasa) atraviesa una profunda crisis financiera y gerencial, reflejada en una deuda acumulada cercana a los 10 mil millones de pesos (unos 156 millones de d\u00f3lares) con prestadores privados y en un incremento de la morosidad, que pas\u00f3 de menos de 1.0 por ciento a 44 por ciento.<\/p>\n<p>Seg\u00fan la organizaci\u00f3n opositora, esta situaci\u00f3n pone en riesgo la sostenibilidad del sistema de salud y podr\u00eda afectar la continuidad de los servicios ofrecidos a la poblaci\u00f3n.<\/p>\n<p>La denuncia fue presentada por el doctor Ram\u00f3n Alvarado, secretario de Salud de la Fuerza del Pueblo, durante una rueda de prensa en la que advirti\u00f3 que \u201cla situaci\u00f3n de Senasa constituye un acontecimiento sin precedentes en la historia sanitaria nacional\u201d.<\/p>\n<p>Alvarado asegur\u00f3 que la crisis ha provocado \u201climitaciones severas\u201d en la autorizaci\u00f3n de servicios m\u00e9dicos, medicamentos, insumos, estudios diagn\u00f3sticos y procedimientos.<\/p>\n<\/div>\n<\/div>\n<div class=\"elementor-element elementor-element-4f75016 elementor-widget elementor-widget-post-info\" data-id=\"4f75016\" data-element_type=\"widget\" data-widget_type=\"post-info.default\">\n<div class=\"elementor-widget-container\">\n<ul class=\"elementor-inline-items elementor-icon-list-items elementor-post-info\">\n<li class=\"elementor-icon-list-item elementor-repeater-item-17dda3e elementor-inline-item\"><span class=\"elementor-icon-list-text elementor-post-info__item elementor-post-info__item--type-custom\">#<em><a href=\"https:\/\/primermomento.com\/?p=460573\" rel=\"tag\">Senasa<\/a><\/em><\/span><\/li>\n<\/ul>\n<\/div>\n<\/div>\n","protected":false},"excerpt":{"rendered":"<p>Por Prensa Latina SANTO DOMINGO, Rep\u00fablica Dominicana.- El presidente del partido Fuerza del Pueblo (FP), Leonel Fern\u00e1ndez, afirm\u00f3 que la educaci\u00f3n y la salud p\u00fablica atraviesan en Dominicana un profundo deterioro bajo la gesti\u00f3n del Partido Revolucionario Moderno (PRM), public\u00f3 hoy la prensa. El dirigente opositor acus\u00f3 a la administraci\u00f3n de Luis Abinader de carecer [&hellip;]<\/p>\n","protected":false},"author":1,"featured_media":460575,"comment_status":"open","ping_status":"open","sticky":false,"template":"","format":"standard","meta":{"_bbp_topic_count":0,"_bbp_reply_count":0,"_bbp_total_topic_count":0,"_bbp_total_reply_count":0,"_bbp_voice_count":0,"_bbp_anonymous_reply_count":0,"_bbp_topic_count_hidden":0,"_bbp_reply_count_hidden":0,"_bbp_forum_subforum_count":0,"footnotes":""},"categories":[31],"tags":[],"class_list":{"0":"post-460573","1":"post","2":"type-post","3":"status-publish","4":"format-standard","5":"has-post-thumbnail","7":"category-estados-unidos"},"_links":{"self":[{"href":"https:\/\/primermomento.com\/index.php?rest_route=\/wp\/v2\/posts\/460573","targetHints":{"allow":["GET"]}}],"collection":[{"href":"https:\/\/primermomento.com\/index.php?rest_route=\/wp\/v2\/posts"}],"about":[{"href":"https:\/\/primermomento.com\/index.php?rest_route=\/wp\/v2\/types\/post"}],"author":[{"embeddable":true,"href":"https:\/\/primermomento.com\/index.php?rest_route=\/wp\/v2\/users\/1"}],"replies":[{"embeddable":true,"href":"https:\/\/primermomento.com\/index.php?rest_route=%2Fwp%2Fv2%2Fcomments&post=460573"}],"version-history":[{"count":1,"href":"https:\/\/primermomento.com\/index.php?rest_route=\/wp\/v2\/posts\/460573\/revisions"}],"predecessor-version":[{"id":460574,"href":"https:\/\/primermomento.com\/index.php?rest_route=\/wp\/v2\/posts\/460573\/revisions\/460574"}],"wp:featuredmedia":[{"embeddable":true,"href":"https:\/\/primermomento.com\/index.php?rest_route=\/wp\/v2\/media\/460575"}],"wp:attachment":[{"href":"https:\/\/primermomento.com\/index.php?rest_route=%2Fwp%2Fv2%2Fmedia&parent=460573"}],"wp:term":[{"taxonomy":"category","embeddable":true,"href":"https:\/\/primermomento.com\/index.php?rest_route=%2Fwp%2Fv2%2Fcategories&post=460573"},{"taxonomy":"post_tag","embeddable":true,"href":"https:\/\/primermomento.com\/index.php?rest_route=%2Fwp%2Fv2%2Ftags&post=460573"}],"curies":[{"name":"wp","href":"https:\/\/api.w.org\/{rel}","templated":true}]}}