{"id":460720,"date":"2026-02-10T04:50:01","date_gmt":"2026-02-10T09:50:01","guid":{"rendered":"https:\/\/primermomento.com\/?p=460720"},"modified":"2026-02-10T13:55:11","modified_gmt":"2026-02-10T18:55:11","slug":"la-urgencia-de-enfrentar-la-crisis-de-salud-mental-en-la-republica-dominicana","status":"publish","type":"post","link":"https:\/\/primermomento.com\/?p=460720","title":{"rendered":"La urgencia de enfrentar la crisis de salud mental en la Rep\u00fablica Dominicana"},"content":{"rendered":"<p><b><span lang=\"ES-DO\">Carta p\u00fablica al presidente Luis Abinader<\/span><\/b><\/p>\n<p><span lang=\"ES-DO\">Se\u00f1or Presidente de la Rep\u00fablica<br \/>\n<b>Luis Abinader Corona<\/b><br \/>\nPalacio Nacional<br \/>\nSanto Domingo, R.D.<\/span><\/p>\n<p><span lang=\"ES-DO\">Se\u00f1or Presidente:<\/span><\/p>\n<p><span lang=\"ES-DO\">Saludo su preocupaci\u00f3n y las recientes expresiones de su gobierno en torno a la salud mental, un tema que durante d\u00e9cadas ha permanecido relegado en la agenda p\u00fablica, pese a su profundo impacto en la vida de miles de familias dominicanas.<\/span><\/p>\n<p><span lang=\"ES-DO\">Reconocer la magnitud del problema es un paso importante. Sin embargo, la crisis de salud mental que atraviesa la Rep\u00fablica Dominicana exige\u00a0decisiones estructurales, sostenidas y valientes, que trasciendan los anuncios y se traduzcan en pol\u00edticas p\u00fablicas concretas.<\/span><\/p>\n<figure id=\"attachment_458434\" aria-describedby=\"caption-attachment-458434\" style=\"width: 231px\" class=\"wp-caption alignleft\"><img loading=\"lazy\" decoding=\"async\" class=\"size-full wp-image-458434\" src=\"https:\/\/primermomento.com\/wp-content\/uploads\/2025\/12\/Ramon-Ceballo1.jpg\" alt=\"\" width=\"231\" height=\"273\" \/><figcaption id=\"caption-attachment-458434\" class=\"wp-caption-text\">Ram\u00f3n Ceballo<br \/>sic\u00f3logo y psiquiatra.<\/figcaption><\/figure>\n<p><span lang=\"ES-DO\">En ese sentido, respetuosamente se\u00f1alo\u00a0diez puntos fundamentales\u00a0que considero indispensables para enfrentar de manera efectiva esta crisis nacional:<\/span><\/p>\n<p><span lang=\"ES-DO\">1. Inclusi\u00f3n de la salud mental en la Ley 87-01 de Seguridad Social.<\/span><span lang=\"ES-DO\"><br \/>\nEs imprescindible incorporar de forma expl\u00edcita la salud mental dentro del Programa B\u00e1sico de Salud, garantizando cobertura real para consultas, tratamientos y medicamentos, sin discriminaci\u00f3n ni exclusi\u00f3n econ\u00f3mica.<\/span><\/p>\n<p><span lang=\"ES-DO\">2. Asignaci\u00f3n de al menos el 5 % del presupuesto nacional de salud a la salud mental.<\/span><span lang=\"ES-DO\"><br \/>\nLa inversi\u00f3n actual resulta insuficiente. Destinar un porcentaje adecuado permitir\u00eda fortalecer servicios, contratar personal especializado y desarrollar programas de prevenci\u00f3n y atenci\u00f3n comunitaria.<\/span><\/p>\n<p><span lang=\"ES-DO\">3. Habilitaci\u00f3n de salas de salud mental en todos los hospitales p\u00fablicos<b>.<\/b><\/span><span lang=\"ES-DO\"><br \/>\nCada hospital debe contar con \u00e1reas especializadas para la atenci\u00f3n psicol\u00f3gica y psiqui\u00e1trica, incluyendo protocolos de emergencia para crisis emocionales, intentos suicidas y adicciones.<\/span><\/p>\n<p><span lang=\"ES-DO\">4. Activaci\u00f3n plena de las 1,348 Unidades de Atenci\u00f3n Primaria (UNAP).<\/span><span lang=\"ES-DO\"><br \/>\nLas UNAP deben convertirse en el primer nivel de detecci\u00f3n, orientaci\u00f3n y seguimiento de los trastornos de salud mental, acercando los servicios a las comunidades.<\/span><\/p>\n<p><span lang=\"ES-DO\">5. Capacitaci\u00f3n de los docentes en salud mental.<\/span><span lang=\"ES-DO\"><br \/>\nLas escuelas son espacios clave para la prevenci\u00f3n. Es urgente entrenar al personal docente para identificar se\u00f1ales tempranas de sufrimiento emocional en ni\u00f1os y adolescentes y activar rutas de apoyo oportunas.<\/span><\/p>\n<p><span lang=\"ES-DO\">6. Creaci\u00f3n de una unidad nacional de telemedicina en salud mental.<\/span><span lang=\"ES-DO\"><br \/>\nLa telepsicolog\u00eda y la telepsiquiatr\u00eda permitir\u00edan ampliar la cobertura, reducir brechas territoriales y ofrecer atenci\u00f3n especializada en zonas rurales y fronterizas.<\/span><\/p>\n<p><span lang=\"ES-DO\">7. Desarrollo de un sistema nacional de informaci\u00f3n en salud mental.<\/span><span lang=\"ES-DO\"><br \/>\nSin datos confiables no hay pol\u00edtica p\u00fablica eficaz. Se requiere un registro nacional actualizado sobre trastornos mentales, suicidios y atenci\u00f3n recibida.<\/span><\/p>\n<p><span lang=\"ES-DO\">8. Implementaci\u00f3n de campa\u00f1as nacionales permanentes contra el estigma.<\/span><span lang=\"ES-DO\"><br \/>\nEl miedo y la verg\u00fcenza contin\u00faan siendo barreras para buscar ayuda. Es necesario promover una cultura de respeto, comprensi\u00f3n y autocuidado emocional.<\/span><\/p>\n<p><span lang=\"ES-DO\">9. Articulaci\u00f3n interinstitucional de la salud mental con justicia, educaci\u00f3n y protecci\u00f3n social.<\/span><span lang=\"ES-DO\"><br \/>\nMuchos problemas de violencia, adicciones y exclusi\u00f3n social tienen ra\u00edces en el abandono de la salud mental. La respuesta debe ser integral y coordinada.<\/span><\/p>\n<p><span lang=\"ES-DO\">10. Fortalecimiento de la formaci\u00f3n y condiciones laborales del personal especializado.<\/span><span lang=\"ES-DO\"><br \/>\nEl pa\u00eds necesita m\u00e1s psiquiatras, psic\u00f3logos cl\u00ednicos y trabajadores sociales, con condiciones dignas que eviten la fuga de profesionales y garanticen continuidad en la atenci\u00f3n.<\/span><\/p>\n<p><span lang=\"ES-DO\">Se\u00f1or Presidente, la salud mental no puede seguir siendo un tema marginal ni tratado como un problema individual. Es un\u00a0asunto de salud p\u00fablica, de derechos humanos y de desarrollo nacional.<\/span><\/p>\n<p><span lang=\"ES-DO\">Con voluntad pol\u00edtica, presupuesto adecuado y una visi\u00f3n integral, la Rep\u00fablica Dominicana puede dar un paso hist\u00f3rico hacia una sociedad m\u00e1s sana, m\u00e1s justa y m\u00e1s humana.<\/span><\/p>\n<p>Atentamente,<\/p>\n<p><b>Dr. Ram\u00f3n Ceballo<\/b><\/p>\n","protected":false},"excerpt":{"rendered":"<p>Carta p\u00fablica al presidente Luis Abinader Se\u00f1or Presidente de la Rep\u00fablica Luis Abinader Corona Palacio Nacional Santo Domingo, R.D. Se\u00f1or Presidente: Saludo su preocupaci\u00f3n y las recientes expresiones de su gobierno en torno a la salud mental, un tema que durante d\u00e9cadas ha permanecido relegado en la agenda p\u00fablica, pese a su profundo impacto en [&hellip;]<\/p>\n","protected":false},"author":1,"featured_media":460721,"comment_status":"open","ping_status":"open","sticky":false,"template":"","format":"standard","meta":{"_bbp_topic_count":0,"_bbp_reply_count":0,"_bbp_total_topic_count":0,"_bbp_total_reply_count":0,"_bbp_voice_count":0,"_bbp_anonymous_reply_count":0,"_bbp_topic_count_hidden":0,"_bbp_reply_count_hidden":0,"_bbp_forum_subforum_count":0,"footnotes":""},"categories":[33],"tags":[],"class_list":{"0":"post-460720","1":"post","2":"type-post","3":"status-publish","4":"format-standard","5":"has-post-thumbnail","7":"category-opinion"},"_links":{"self":[{"href":"https:\/\/primermomento.com\/index.php?rest_route=\/wp\/v2\/posts\/460720","targetHints":{"allow":["GET"]}}],"collection":[{"href":"https:\/\/primermomento.com\/index.php?rest_route=\/wp\/v2\/posts"}],"about":[{"href":"https:\/\/primermomento.com\/index.php?rest_route=\/wp\/v2\/types\/post"}],"author":[{"embeddable":true,"href":"https:\/\/primermomento.com\/index.php?rest_route=\/wp\/v2\/users\/1"}],"replies":[{"embeddable":true,"href":"https:\/\/primermomento.com\/index.php?rest_route=%2Fwp%2Fv2%2Fcomments&post=460720"}],"version-history":[{"count":1,"href":"https:\/\/primermomento.com\/index.php?rest_route=\/wp\/v2\/posts\/460720\/revisions"}],"predecessor-version":[{"id":460722,"href":"https:\/\/primermomento.com\/index.php?rest_route=\/wp\/v2\/posts\/460720\/revisions\/460722"}],"wp:featuredmedia":[{"embeddable":true,"href":"https:\/\/primermomento.com\/index.php?rest_route=\/wp\/v2\/media\/460721"}],"wp:attachment":[{"href":"https:\/\/primermomento.com\/index.php?rest_route=%2Fwp%2Fv2%2Fmedia&parent=460720"}],"wp:term":[{"taxonomy":"category","embeddable":true,"href":"https:\/\/primermomento.com\/index.php?rest_route=%2Fwp%2Fv2%2Fcategories&post=460720"},{"taxonomy":"post_tag","embeddable":true,"href":"https:\/\/primermomento.com\/index.php?rest_route=%2Fwp%2Fv2%2Ftags&post=460720"}],"curies":[{"name":"wp","href":"https:\/\/api.w.org\/{rel}","templated":true}]}}