{"id":460799,"date":"2026-02-11T05:00:54","date_gmt":"2026-02-11T10:00:54","guid":{"rendered":"https:\/\/primermomento.com\/?p=460799"},"modified":"2026-02-11T11:26:06","modified_gmt":"2026-02-11T16:26:06","slug":"testigo-del-tiempo-senasa-preguntas-sin-respuestas","status":"publish","type":"post","link":"https:\/\/primermomento.com\/?p=460799","title":{"rendered":"Testigo del tiempo | SENASA: preguntas sin respuestas"},"content":{"rendered":"<div><em><strong>Por <span style=\"color: #ff0000;\">J.C. Malone<\/span><\/strong><\/em><\/div>\n<div dir=\"ltr\">\n<div><\/div>\n<div>En el caso del exdirector del Seguro Nacional de Salud (SENASA) doctor Santiago Hazim, curiosamente, el poder popular parece torcer el todopoderoso brazo del presidente Luis Abinader.<\/div>\n<div>\u00bfLo mantienen preso por miedo a la reacci\u00f3n popular?<\/div>\n<div>Al gobierno le conviene reducir la medida de coerci\u00f3n de Hazim, de 18, a seis meses, alejando el caso de las pr\u00f3ximas elecciones.<\/div>\n<div>\n<figure id=\"attachment_442110\" aria-describedby=\"caption-attachment-442110\" style=\"width: 196px\" class=\"wp-caption alignleft\"><img loading=\"lazy\" decoding=\"async\" class=\"size-full wp-image-442110\" src=\"https:\/\/primermomento.com\/wp-content\/uploads\/2025\/05\/J.C.-Malone_Testigo-del-Tiempo.jpg\" alt=\"\" width=\"196\" height=\"244\" \/><figcaption id=\"caption-attachment-442110\" class=\"wp-caption-text\">J.C. Malone<br \/>Analista pol\u00edtico<\/figcaption><\/figure>\n<p>Si contamos 18 meses a partir de diciembre pasado, el juicio empezar\u00eda en junio de 2027. Se extender\u00eda por el resto del verano, la sentencia, cual sea, llegar\u00eda en el oto\u00f1o, en octubre o noviembre, en plena campa\u00f1a para las elecciones del 2028.<\/p>\n<\/div>\n<div>Una condena ser\u00eda devastadora para los proyectos pol\u00edticos y las candidaturas del gobierno; descargarlo podr\u00eda ser a\u00fan peor.<\/div>\n<div>Y su abogado, Miguel Valerio, intenta mantener un equilibrio extremadamente precario; defender a su cliente, Hazim, sin exponer a quien los une: Abinader.<\/div>\n<div>Por eso, antes de presentar argumentos s\u00f3lidos, o articular preguntas fundamentales, Valerio recurre a la \u201chip\u00e9rbole jur\u00eddica\u201d que el dominicano de a pi\u00e9 califica como mentiras vulgares.<\/div>\n<div>Hazim no pasa de 210 libras, si llega; si perdi\u00f3 80 libras en 70 d\u00edas preso, seg\u00fan Valerio, pierde m\u00e1s de una libra diaria, ser\u00eda una emergencia m\u00e9dica. \u00bfSer\u00e1 que el plan es que Hazim muera en prisi\u00f3n? Muerto el perro, se ir\u00e1 con \u00e9l la rabia.<\/div>\n<div>\u00bfSer\u00e1 que Hazim se coloc\u00f3, voluntaria e inadvertidamente, en una situaci\u00f3n tan absolutamente rid\u00edcula, que vale m\u00e1s muerto que vivo?<\/div>\n<div>Hay preguntas fundamentales que ayudar\u00edan a Hazim, pero perjudicar\u00edan a Abinader y a su \u201cMinisterio P\u00fablico Independiente\u201d.<\/div>\n<div>\u00bfPor qu\u00e9 se investiga este caso, y no la querella que Hazim, por instrucciones de Abinader, deposit\u00f3 ante el Ministerio P\u00fablico en noviembre del 2024?<\/div>\n<div>\u00bfPor qu\u00e9 no hubo presos de esa querella, y aquel querellante, Hazim, cae preso 10 meses despu\u00e9s? \u00bfQu\u00e9 sab\u00eda el presidente de todo esto? \u00bfCu\u00e1ndo se enter\u00f3? \u00bfQu\u00e9 hizo?<\/div>\n<div>Valerio nunca formular\u00e1 esas preguntas, porque es, ante todo, abogado de Abinader. Est\u00e1 claro, Hazim no tiene abogado, pero \u00bfpor qu\u00e9 retiene a Valerio como \u201cabogado\u201d?<\/div>\n<\/div>\n<div>\n<p>S\u00edgueme en Youtube&#8230;<\/p>\n<div>\n<p><a href=\"https:\/\/www.youtube.com\/channel\/UCC_JSYrYV93iklTEhAjiBqQ?view_as=subscriber\" target=\"_blank\" rel=\"noopener\" data-saferedirecturl=\"https:\/\/www.google.com\/url?q=https:\/\/www.youtube.com\/channel\/UCC_JSYrYV93iklTEhAjiBqQ?view_as%3Dsubscriber&amp;source=gmail&amp;ust=1770913216020000&amp;usg=AOvVaw13BDX0lv4lrn8Pc3OOsTIB\">https:\/\/www.youtube.com\/<wbr \/>channel\/UCC_<wbr \/>JSYrYV93iklTEhAjiBqQ?view_as=<wbr \/>subscriber<\/a><\/p>\n<div class=\"adL\"><\/div>\n<\/div>\n<\/div>\n","protected":false},"excerpt":{"rendered":"<p>Por J.C. Malone En el caso del exdirector del Seguro Nacional de Salud (SENASA) doctor Santiago Hazim, curiosamente, el poder popular parece torcer el todopoderoso brazo del presidente Luis Abinader. \u00bfLo mantienen preso por miedo a la reacci\u00f3n popular? Al gobierno le conviene reducir la medida de coerci\u00f3n de Hazim, de 18, a seis meses, [&hellip;]<\/p>\n","protected":false},"author":1,"featured_media":457552,"comment_status":"open","ping_status":"open","sticky":false,"template":"","format":"standard","meta":{"_bbp_topic_count":0,"_bbp_reply_count":0,"_bbp_total_topic_count":0,"_bbp_total_reply_count":0,"_bbp_voice_count":0,"_bbp_anonymous_reply_count":0,"_bbp_topic_count_hidden":0,"_bbp_reply_count_hidden":0,"_bbp_forum_subforum_count":0,"footnotes":""},"categories":[33],"tags":[],"class_list":{"0":"post-460799","1":"post","2":"type-post","3":"status-publish","4":"format-standard","5":"has-post-thumbnail","7":"category-opinion"},"_links":{"self":[{"href":"https:\/\/primermomento.com\/index.php?rest_route=\/wp\/v2\/posts\/460799","targetHints":{"allow":["GET"]}}],"collection":[{"href":"https:\/\/primermomento.com\/index.php?rest_route=\/wp\/v2\/posts"}],"about":[{"href":"https:\/\/primermomento.com\/index.php?rest_route=\/wp\/v2\/types\/post"}],"author":[{"embeddable":true,"href":"https:\/\/primermomento.com\/index.php?rest_route=\/wp\/v2\/users\/1"}],"replies":[{"embeddable":true,"href":"https:\/\/primermomento.com\/index.php?rest_route=%2Fwp%2Fv2%2Fcomments&post=460799"}],"version-history":[{"count":2,"href":"https:\/\/primermomento.com\/index.php?rest_route=\/wp\/v2\/posts\/460799\/revisions"}],"predecessor-version":[{"id":460801,"href":"https:\/\/primermomento.com\/index.php?rest_route=\/wp\/v2\/posts\/460799\/revisions\/460801"}],"wp:featuredmedia":[{"embeddable":true,"href":"https:\/\/primermomento.com\/index.php?rest_route=\/wp\/v2\/media\/457552"}],"wp:attachment":[{"href":"https:\/\/primermomento.com\/index.php?rest_route=%2Fwp%2Fv2%2Fmedia&parent=460799"}],"wp:term":[{"taxonomy":"category","embeddable":true,"href":"https:\/\/primermomento.com\/index.php?rest_route=%2Fwp%2Fv2%2Fcategories&post=460799"},{"taxonomy":"post_tag","embeddable":true,"href":"https:\/\/primermomento.com\/index.php?rest_route=%2Fwp%2Fv2%2Ftags&post=460799"}],"curies":[{"name":"wp","href":"https:\/\/api.w.org\/{rel}","templated":true}]}}