{"id":461090,"date":"2026-02-16T18:35:43","date_gmt":"2026-02-16T23:35:43","guid":{"rendered":"https:\/\/primermomento.com\/?p=461090"},"modified":"2026-02-17T06:31:00","modified_gmt":"2026-02-17T11:31:00","slug":"izquierda-dominicana-convoco-marcha-nacional-por-la-soberania","status":"publish","type":"post","link":"https:\/\/primermomento.com\/?p=461090","title":{"rendered":"Izquierda dominicana convoc\u00f3 marcha nacional por la soberan\u00eda"},"content":{"rendered":"<p><strong><em>Por <span style=\"color: #ff0000;\">Prensa Latina<\/span><\/em><\/strong><\/p>\n<p>SANTO DOMINGO, Rep\u00fablica Dominicana.- Organizaciones de izquierda, junto a diversos movimientos sociales, convocaron hoy una marcha nacional para el domingo por la soberan\u00eda, el derecho a la autodeterminaci\u00f3n y los derechos sociales, econ\u00f3micos, pol\u00edticos y culturales del pueblo dominicano.<\/p>\n<div class=\"elementor-element elementor-element-0aea3a0 elementor-widget elementor-widget-theme-post-content\" data-id=\"0aea3a0\" data-element_type=\"widget\" data-widget_type=\"theme-post-content.default\">\n<div class=\"elementor-widget-container\">\n<p>Durante una rueda de prensa, Narciso Isa Conde habl\u00f3 en representaci\u00f3n del Partido Comunista del Trabajo (PCT), del Movimiento Popular Dominicano (MPD), Movimiento Caama\u00f1ista (MC), Fuerza de la Revoluci\u00f3n (FR), Partido Patria Para Todos\/as (PPT) y Referente de la Izquierda Dominicana (RID).<\/p>\n<p>Se\u00f1al\u00f3 que la movilizaci\u00f3n forma parte de la conmemoraci\u00f3n del Mes de la Patria, y explic\u00f3 que en este mes confluyen la gesta independentista de la Sociedad Secreta La Trinitaria, liderada por Juan Pablo Duarte, y la heroica expedici\u00f3n de Playa Caracoles.<\/p>\n<p>Record\u00f3 que esa \u00faltima acci\u00f3n fue encabezada por el coronel Francisco Alberto Caama\u00f1o, l\u00edder pol\u00edtico\u2011militar de la Revoluci\u00f3n de Abril y la guerra patria contra la invasi\u00f3n norteamericana.<\/p>\n<p>Los grupos indicaron que la actividad estar\u00e1 dedicada a Duarte, Caama\u00f1o y Luper\u00f3n, y expresaron su rechazo a la \u201ccreciente intervenci\u00f3n militar del Comando Sur de Estados Unidos en puertos, aeropuertos, mares, costas y fronteras\u201d, reclamando la salida de esas fuerzas del pa\u00eds y de toda la regi\u00f3n del Caribe.<\/p>\n<p>De igual manera, proclamaron que, bajo el lema Patria es Humanidad, la marcha ser\u00e1 \u201ccontra la corrupci\u00f3n, el saqueo, la usura bancaria, la explotaci\u00f3n y la impunidad; contra las brutales desigualdades sociales, la privatizaci\u00f3n, el deterioro de los servicios p\u00fablicos, la depredaci\u00f3n ambiental y el robo del patrimonio p\u00fablico y natural del pa\u00eds\u201d.<\/p>\n<p>La movilizaci\u00f3n abarcar\u00e1 calles de los sectores Villa Francisca, San Ant\u00f3n, San Miguel, San L\u00e1zaro, la Ciudad Colonial y calle El Conde, hasta concluir en la estatua de Caama\u00f1o, frente al Parque Independencia.<\/p>\n<p>Las organizaciones manifestaron que tambi\u00e9n demandar\u00e1n salarios dignos, salud, educaci\u00f3n y seguridad social para todos, viviendas adecuadas para los sectores humildes y trabajadores, alto a la violencia de g\u00e9nero, fin del racismo y respeto a los derechos de j\u00f3venes y ni\u00f1os, as\u00ed como reivindicaciones por el agua y la vida.<\/p>\n<p>De igual manera, reafirmar\u00e1n su solidaridad con los pueblos de Cuba, Venezuela, Nicaragua, M\u00e9xico y Palestina, reiteraron las organizaciones pol\u00edticas.<\/p>\n<\/div>\n<\/div>\n<div class=\"elementor-element elementor-element-4f75016 elementor-widget elementor-widget-post-info\" data-id=\"4f75016\" data-element_type=\"widget\" data-widget_type=\"post-info.default\">\n<div class=\"elementor-widget-container\">\n<ul class=\"elementor-inline-items elementor-icon-list-items elementor-post-info\">\n<li class=\"elementor-icon-list-item elementor-repeater-item-17dda3e elementor-inline-item\"><span class=\"elementor-icon-list-text elementor-post-info__item elementor-post-info__item--type-custom\">#<em><a href=\"https:\/\/primermomento.com\/?p=461090\" rel=\"tag\">cuba<\/a><\/em><\/span><\/li>\n<\/ul>\n<\/div>\n<\/div>\n","protected":false},"excerpt":{"rendered":"<p>Por Prensa Latina SANTO DOMINGO, Rep\u00fablica Dominicana.- Organizaciones de izquierda, junto a diversos movimientos sociales, convocaron hoy una marcha nacional para el domingo por la soberan\u00eda, el derecho a la autodeterminaci\u00f3n y los derechos sociales, econ\u00f3micos, pol\u00edticos y culturales del pueblo dominicano. Durante una rueda de prensa, Narciso Isa Conde habl\u00f3 en representaci\u00f3n del Partido [&hellip;]<\/p>\n","protected":false},"author":1,"featured_media":461091,"comment_status":"open","ping_status":"open","sticky":false,"template":"","format":"standard","meta":{"_bbp_topic_count":0,"_bbp_reply_count":0,"_bbp_total_topic_count":0,"_bbp_total_reply_count":0,"_bbp_voice_count":0,"_bbp_anonymous_reply_count":0,"_bbp_topic_count_hidden":0,"_bbp_reply_count_hidden":0,"_bbp_forum_subforum_count":0,"footnotes":""},"categories":[31],"tags":[],"class_list":{"0":"post-461090","1":"post","2":"type-post","3":"status-publish","4":"format-standard","5":"has-post-thumbnail","7":"category-estados-unidos"},"_links":{"self":[{"href":"https:\/\/primermomento.com\/index.php?rest_route=\/wp\/v2\/posts\/461090","targetHints":{"allow":["GET"]}}],"collection":[{"href":"https:\/\/primermomento.com\/index.php?rest_route=\/wp\/v2\/posts"}],"about":[{"href":"https:\/\/primermomento.com\/index.php?rest_route=\/wp\/v2\/types\/post"}],"author":[{"embeddable":true,"href":"https:\/\/primermomento.com\/index.php?rest_route=\/wp\/v2\/users\/1"}],"replies":[{"embeddable":true,"href":"https:\/\/primermomento.com\/index.php?rest_route=%2Fwp%2Fv2%2Fcomments&post=461090"}],"version-history":[{"count":1,"href":"https:\/\/primermomento.com\/index.php?rest_route=\/wp\/v2\/posts\/461090\/revisions"}],"predecessor-version":[{"id":461092,"href":"https:\/\/primermomento.com\/index.php?rest_route=\/wp\/v2\/posts\/461090\/revisions\/461092"}],"wp:featuredmedia":[{"embeddable":true,"href":"https:\/\/primermomento.com\/index.php?rest_route=\/wp\/v2\/media\/461091"}],"wp:attachment":[{"href":"https:\/\/primermomento.com\/index.php?rest_route=%2Fwp%2Fv2%2Fmedia&parent=461090"}],"wp:term":[{"taxonomy":"category","embeddable":true,"href":"https:\/\/primermomento.com\/index.php?rest_route=%2Fwp%2Fv2%2Fcategories&post=461090"},{"taxonomy":"post_tag","embeddable":true,"href":"https:\/\/primermomento.com\/index.php?rest_route=%2Fwp%2Fv2%2Ftags&post=461090"}],"curies":[{"name":"wp","href":"https:\/\/api.w.org\/{rel}","templated":true}]}}