{"id":461181,"date":"2026-02-18T05:18:53","date_gmt":"2026-02-18T10:18:53","guid":{"rendered":"https:\/\/primermomento.com\/?p=461181"},"modified":"2026-02-18T12:34:23","modified_gmt":"2026-02-18T17:34:23","slug":"dominicana-firma-acuerdo-con-visa-para-la-promocion-turistica","status":"publish","type":"post","link":"https:\/\/primermomento.com\/?p=461181","title":{"rendered":"Dominicana firma acuerdo con Visa para la promoci\u00f3n tur\u00edstica"},"content":{"rendered":"<p><strong><em>Por <span style=\"color: #ff0000;\">Prensa Latina<\/span><\/em><\/strong><\/p>\n<p>SANTO DOMINGO, Rep\u00fablica Dominicana.- El Ministerio de Turismo de la Rep\u00fablica Dominicana y Visa Inc. anunciaron hoy una alianza estrat\u00e9gica orientada a fortalecer la promoci\u00f3n internacional del pa\u00eds<\/p>\n<div class=\"elementor-element elementor-element-0aea3a0 elementor-widget elementor-widget-theme-post-content\" data-id=\"0aea3a0\" data-element_type=\"widget\" data-widget_type=\"theme-post-content.default\">\n<div class=\"elementor-widget-container\">\n<p>El acuerdo convierte a esta naci\u00f3n en la primera del Caribe en concretar un acuerdo de este tipo con la multinacional de servicios financieros.<\/p>\n<p>El convenio contempla el desarrollo de iniciativas conjuntas de promoci\u00f3n, campa\u00f1as segmentadas, beneficios exclusivos y experiencias dirigidas a viajeros internacionales, as\u00ed como acciones estrat\u00e9gicas para incentivar el viaje y el consumo en destino.<\/p>\n<p>Visa, con presencia en m\u00e1s de 200 pa\u00edses y territorios, cuenta con una de las redes de pagos digitales m\u00e1s amplias y seguras a nivel global.<\/p>\n<p>De acuerdo con una nota del Ministerio de Turismo, su alcance permitir\u00e1 amplificar la visibilidad de Rep\u00fablica Dominicana en mercados clave como Estados Unidos, principal emisor de turistas hacia el pa\u00eds, adem\u00e1s de Canad\u00e1, Europa y Am\u00e9rica Latina.<\/p>\n<p>Explica que el objetivo de la alianza no es solo atraer m\u00e1s visitantes, sino tambi\u00e9n fortalecer la relaci\u00f3n con quienes ya eligen el destino, acompa\u00f1ando al turista en cada etapa de su experiencia, desde la planificaci\u00f3n hasta su regreso a casa.<\/p>\n<p>La colaboraci\u00f3n busca facilitar la interacci\u00f3n del visitante con la oferta local \u2014hoteles, gastronom\u00eda, entretenimiento, comercios y experiencias culturales\u2014 y generar un v\u00ednculo que incentive el retorno y la recomendaci\u00f3n del destino.<\/p>\n<p>El ministro de Turismo, David Collado, destac\u00f3 que el acuerdo representa un paso hacia un turismo m\u00e1s moderno y centrado en la experiencia del viajero.<\/p>\n<p>\u00abEsta alianza con Visa fortalece nuestra visi\u00f3n de colocar la experiencia del visitante en el centro de todo lo que hacemos\u201d, expres\u00f3.<\/p>\n<p>Por su parte, Jorge Lemus, vicepresidente senior y gerente general para el Caribe y Centroam\u00e9rica de Visa, afirm\u00f3 que esta colaboraci\u00f3n impulsa un modelo de desarrollo tur\u00edstico m\u00e1s innovador, inclusivo y sostenible.<\/p>\n<\/div>\n<\/div>\n<div class=\"elementor-element elementor-element-4f75016 elementor-widget elementor-widget-post-info\" data-id=\"4f75016\" data-element_type=\"widget\" data-widget_type=\"post-info.default\">\n<div class=\"elementor-widget-container\">\n<ul class=\"elementor-inline-items elementor-icon-list-items elementor-post-info\">\n<li class=\"elementor-icon-list-item elementor-repeater-item-17dda3e elementor-inline-item\"><em><span class=\"elementor-icon-list-text elementor-post-info__item elementor-post-info__item--type-custom\">#<a href=\"https:\/\/primermomento.com\/?p=461181\" rel=\"tag\">acuerdo<\/a>\u00a0#<a href=\"https:\/\/primermomento.com\/?p=461181\" rel=\"tag\">promoci\u00f3n tur\u00edstica<\/a>\u00a0#<a href=\"https:\/\/primermomento.com\/?p=461181\" rel=\"tag\">visa<\/a><\/span><\/em><\/li>\n<\/ul>\n<\/div>\n<\/div>\n","protected":false},"excerpt":{"rendered":"<p>Por Prensa Latina SANTO DOMINGO, Rep\u00fablica Dominicana.- El Ministerio de Turismo de la Rep\u00fablica Dominicana y Visa Inc. anunciaron hoy una alianza estrat\u00e9gica orientada a fortalecer la promoci\u00f3n internacional del pa\u00eds El acuerdo convierte a esta naci\u00f3n en la primera del Caribe en concretar un acuerdo de este tipo con la multinacional de servicios financieros. [&hellip;]<\/p>\n","protected":false},"author":1,"featured_media":461183,"comment_status":"open","ping_status":"open","sticky":false,"template":"","format":"standard","meta":{"_bbp_topic_count":0,"_bbp_reply_count":0,"_bbp_total_topic_count":0,"_bbp_total_reply_count":0,"_bbp_voice_count":0,"_bbp_anonymous_reply_count":0,"_bbp_topic_count_hidden":0,"_bbp_reply_count_hidden":0,"_bbp_forum_subforum_count":0,"footnotes":""},"categories":[35],"tags":[],"class_list":{"0":"post-461181","1":"post","2":"type-post","3":"status-publish","4":"format-standard","5":"has-post-thumbnail","7":"category-economia"},"_links":{"self":[{"href":"https:\/\/primermomento.com\/index.php?rest_route=\/wp\/v2\/posts\/461181","targetHints":{"allow":["GET"]}}],"collection":[{"href":"https:\/\/primermomento.com\/index.php?rest_route=\/wp\/v2\/posts"}],"about":[{"href":"https:\/\/primermomento.com\/index.php?rest_route=\/wp\/v2\/types\/post"}],"author":[{"embeddable":true,"href":"https:\/\/primermomento.com\/index.php?rest_route=\/wp\/v2\/users\/1"}],"replies":[{"embeddable":true,"href":"https:\/\/primermomento.com\/index.php?rest_route=%2Fwp%2Fv2%2Fcomments&post=461181"}],"version-history":[{"count":1,"href":"https:\/\/primermomento.com\/index.php?rest_route=\/wp\/v2\/posts\/461181\/revisions"}],"predecessor-version":[{"id":461182,"href":"https:\/\/primermomento.com\/index.php?rest_route=\/wp\/v2\/posts\/461181\/revisions\/461182"}],"wp:featuredmedia":[{"embeddable":true,"href":"https:\/\/primermomento.com\/index.php?rest_route=\/wp\/v2\/media\/461183"}],"wp:attachment":[{"href":"https:\/\/primermomento.com\/index.php?rest_route=%2Fwp%2Fv2%2Fmedia&parent=461181"}],"wp:term":[{"taxonomy":"category","embeddable":true,"href":"https:\/\/primermomento.com\/index.php?rest_route=%2Fwp%2Fv2%2Fcategories&post=461181"},{"taxonomy":"post_tag","embeddable":true,"href":"https:\/\/primermomento.com\/index.php?rest_route=%2Fwp%2Fv2%2Ftags&post=461181"}],"curies":[{"name":"wp","href":"https:\/\/api.w.org\/{rel}","templated":true}]}}