{"id":461316,"date":"2026-02-20T05:08:19","date_gmt":"2026-02-20T10:08:19","guid":{"rendered":"https:\/\/primermomento.com\/?p=461316"},"modified":"2026-02-20T05:31:06","modified_gmt":"2026-02-20T10:31:06","slug":"partido-de-liberacion-dominicana-definira-aspirantes-presidenciales","status":"publish","type":"post","link":"https:\/\/primermomento.com\/?p=461316","title":{"rendered":"Partido de Liberaci\u00f3n Dominicana definir\u00e1 aspirantes presidenciales"},"content":{"rendered":"<p><strong><em>Por <span style=\"color: #ff0000;\">Prensa Latina<\/span><\/em><\/strong><\/p>\n<p>SANTO DOMINGO, Rep\u00fablica Dominicana.- El Partido de la Liberaci\u00f3n Dominicana (PLD) celebrar\u00e1 el pr\u00f3ximo domingo su primera reuni\u00f3n del Comit\u00e9 Central de este a\u00f1o, con el fin de unificar criterios sobre los aspirantes presidenciales con vista a los comicios de 2028.<\/p>\n<div class=\"elementor-element elementor-element-0aea3a0 elementor-widget elementor-widget-theme-post-content\" data-id=\"0aea3a0\" data-element_type=\"widget\" data-widget_type=\"theme-post-content.default\">\n<div class=\"elementor-widget-container\">\n<p>De acuerdo con una informaci\u00f3n publicada en el peri\u00f3dico Vanguardia del Pueblo, \u00f3rgano del PLD, en la reuni\u00f3n del d\u00eda 22 se oficializar\u00e1 a aquellos candidatos que obtengan al menos un 33 por ciento del respaldo de los miembros del Comit\u00e9 Central.<\/p>\n<p>Se\u00f1al\u00f3 que hasta el momento han manifestado su intenci\u00f3n de postularse Francisco Javier Garc\u00eda, Abel Mart\u00ednez, Charles Mariotti y Francisco Dom\u00ednguez Brito. La nota agrega que el PLD se caracteriza por adoptar las decisiones mediante consenso. La minor\u00eda debe respetar la voluntad de la mayor\u00eda, siguiendo el m\u00e9todo de centralismo democr\u00e1tico establecido en sus estatutos, subraya.<\/p>\n<p>Recuerda que este m\u00e9todo ha sido la base de la fundaci\u00f3n y desarrollo del partido, impulsado por su l\u00edder hist\u00f3rico, el Profesor Juan Bosch.<\/p>\n<p>Este jueves, medios de prensa locales se\u00f1alaron que el excandidato presidencial del PLD Abel Mart\u00ednez solicit\u00f3 que su nombre sea excluido del listado de aspirantes que ser\u00e1 presentado ante la asamblea del Comit\u00e9 Central el domingo pr\u00f3ximo.<\/p>\n<p>Mediante una carta dirigida al presidente del PLD, Danilo Medina, y al secretario general, Johnny Pujols, Mart\u00ednez explic\u00f3 que su posici\u00f3n responde a una convicci\u00f3n de principios y a una postura institucional, afirmando que, \u201cla coherencia no se proclama: se practica\u201d.<\/p>\n<p>El exalcalde de Santiago indic\u00f3 que, aunque no ser\u00e1 parte de ese proceso de consulta, mantiene sus aspiraciones por ser candidato presidencial en el 2028.<\/p>\n<p>El dirigente pelede\u00edsta precis\u00f3 que su decisi\u00f3n no representa renuncia, sino una reafirmaci\u00f3n de dignidad y coherencia.<\/p>\n<p>El presidente dominicano, Luis Abinader, gan\u00f3 las elecciones del 19 de mayo de 2024 con un 57.44 por ciento de los votos.<\/p>\n<p>Abinader logr\u00f3 la reelecci\u00f3n presidencial como candidato del Partido Revolucionario Moderno (PRM), al vencer al exmandatario Leonel Fern\u00e1ndez, candidato del partido Fuerza del Pueblo (FP), que alcanz\u00f3 el 28.85 por ciento, y a Mart\u00ednez, del PLD, con un distante 10.39 por ciento.<\/p>\n<\/div>\n<\/div>\n<div class=\"elementor-element elementor-element-4f75016 elementor-widget elementor-widget-post-info\" data-id=\"4f75016\" data-element_type=\"widget\" data-widget_type=\"post-info.default\">\n<div class=\"elementor-widget-container\">\n<ul class=\"elementor-inline-items elementor-icon-list-items elementor-post-info\">\n<li class=\"elementor-icon-list-item elementor-repeater-item-17dda3e elementor-inline-item\"><span class=\"elementor-icon-list-text elementor-post-info__item elementor-post-info__item--type-custom\">#<em><a href=\"https:\/\/primermomento.com\/?p=461316\" rel=\"tag\">pld<\/a><\/em><\/span><\/li>\n<\/ul>\n<\/div>\n<\/div>\n","protected":false},"excerpt":{"rendered":"<p>Por Prensa Latina SANTO DOMINGO, Rep\u00fablica Dominicana.- El Partido de la Liberaci\u00f3n Dominicana (PLD) celebrar\u00e1 el pr\u00f3ximo domingo su primera reuni\u00f3n del Comit\u00e9 Central de este a\u00f1o, con el fin de unificar criterios sobre los aspirantes presidenciales con vista a los comicios de 2028. De acuerdo con una informaci\u00f3n publicada en el peri\u00f3dico Vanguardia del [&hellip;]<\/p>\n","protected":false},"author":1,"featured_media":416908,"comment_status":"open","ping_status":"open","sticky":false,"template":"","format":"standard","meta":{"_bbp_topic_count":0,"_bbp_reply_count":0,"_bbp_total_topic_count":0,"_bbp_total_reply_count":0,"_bbp_voice_count":0,"_bbp_anonymous_reply_count":0,"_bbp_topic_count_hidden":0,"_bbp_reply_count_hidden":0,"_bbp_forum_subforum_count":0,"footnotes":""},"categories":[31],"tags":[],"class_list":{"0":"post-461316","1":"post","2":"type-post","3":"status-publish","4":"format-standard","5":"has-post-thumbnail","7":"category-estados-unidos"},"_links":{"self":[{"href":"https:\/\/primermomento.com\/index.php?rest_route=\/wp\/v2\/posts\/461316","targetHints":{"allow":["GET"]}}],"collection":[{"href":"https:\/\/primermomento.com\/index.php?rest_route=\/wp\/v2\/posts"}],"about":[{"href":"https:\/\/primermomento.com\/index.php?rest_route=\/wp\/v2\/types\/post"}],"author":[{"embeddable":true,"href":"https:\/\/primermomento.com\/index.php?rest_route=\/wp\/v2\/users\/1"}],"replies":[{"embeddable":true,"href":"https:\/\/primermomento.com\/index.php?rest_route=%2Fwp%2Fv2%2Fcomments&post=461316"}],"version-history":[{"count":1,"href":"https:\/\/primermomento.com\/index.php?rest_route=\/wp\/v2\/posts\/461316\/revisions"}],"predecessor-version":[{"id":461317,"href":"https:\/\/primermomento.com\/index.php?rest_route=\/wp\/v2\/posts\/461316\/revisions\/461317"}],"wp:featuredmedia":[{"embeddable":true,"href":"https:\/\/primermomento.com\/index.php?rest_route=\/wp\/v2\/media\/416908"}],"wp:attachment":[{"href":"https:\/\/primermomento.com\/index.php?rest_route=%2Fwp%2Fv2%2Fmedia&parent=461316"}],"wp:term":[{"taxonomy":"category","embeddable":true,"href":"https:\/\/primermomento.com\/index.php?rest_route=%2Fwp%2Fv2%2Fcategories&post=461316"},{"taxonomy":"post_tag","embeddable":true,"href":"https:\/\/primermomento.com\/index.php?rest_route=%2Fwp%2Fv2%2Ftags&post=461316"}],"curies":[{"name":"wp","href":"https:\/\/api.w.org\/{rel}","templated":true}]}}