{"id":461361,"date":"2026-02-20T05:09:45","date_gmt":"2026-02-20T10:09:45","guid":{"rendered":"https:\/\/primermomento.com\/?p=461361"},"modified":"2026-02-20T13:01:56","modified_gmt":"2026-02-20T18:01:56","slug":"pobreza-de-america-latina-afecta-al-274-por-ciento-de-la-poblacion","status":"publish","type":"post","link":"https:\/\/primermomento.com\/?p=461361","title":{"rendered":"Pobreza de Am\u00e9rica Latina afecta al 27,4 por ciento de la poblaci\u00f3n"},"content":{"rendered":"<p><strong><em>Por Prensa Latina<\/em><\/strong><\/p>\n<p>Santiago de Chile, CHILE.- El informe anual de la Comisi\u00f3n Econ\u00f3mica para Am\u00e9rica Latina y el Caribe (Cepal) muestra que la pobreza multidimensional del \u00e1rea afecta hoy al 27,4 por ciento de la poblaci\u00f3n, con amplia dispersi\u00f3n entre los pa\u00edses.<\/p>\n<div class=\"elementor-element elementor-element-0aea3a0 elementor-widget elementor-widget-theme-post-content\" data-id=\"0aea3a0\" data-element_type=\"widget\" data-widget_type=\"theme-post-content.default\">\n<div class=\"elementor-widget-container\">\n<p>El referido Anuario Estad\u00edstico de Am\u00e9rica Latina y el Caribe 2025 de la Cepal presenta un panorama sobre el desarrollo sociodemogr\u00e1fico, econ\u00f3mico y ambiental de las naciones de la regi\u00f3n.<\/p>\n<p>La publicaci\u00f3n presenta aspectos demogr\u00e1ficos y sociales que incluyen indicadores de poblaci\u00f3n, trabajo, educaci\u00f3n, salud, vivienda y servicios b\u00e1sicos, pobreza y distribuci\u00f3n del ingreso y g\u00e9nero.<\/p>\n<p>Mientras Guatemala y El Salvador registran las situaciones m\u00e1s cr\u00edticas, con incidencias superiores al 50 por ciento; Chile, Uruguay y Costa Rica las presentan inferiores al 6,0 por ciento.<\/p>\n<p>Los resultados confirman que la pobreza multidimensional es un desaf\u00edo estructural en Am\u00e9rica Latina y el Caribe, y subrayan la necesidad de pol\u00edticas p\u00fablicas diferenciadas y sostenidas.<\/p>\n<p>Asimismo, las desigualdades de g\u00e9nero manifiestan que las mujeres entre 20 y 59 a\u00f1os enfrentan mayores niveles de pobreza que los hombres del mismo grupo etario.<\/p>\n<p>En 2024, las mujeres de esas edades que viven en zonas urbanas presentaban una tasa de pobreza 1.28 veces mayor a la de los hombres del mismo grupo y la diferencia alcanza 1.15 veces en el caso de zonas rurales.<\/p>\n<p>Tambi\u00e9n, el Anuario Estad\u00edstico de Am\u00e9rica Latina y el Caribe 2025 muestra que la actividad econ\u00f3mica de la zona contin\u00faa con crecimiento moderado, que en 2025 se ubic\u00f3 en 2,4 por ciento, con desempe\u00f1os diferenciados entre subregiones.<\/p>\n<p>Mientras Am\u00e9rica del Sur mantuvo un crecimiento de 2,9 por ciento en 2025, el grupo conformado por Centroam\u00e9rica y M\u00e9xico muestra 1,0 por ciento.<\/p>\n<p>En el Caribe, el crecimiento agregado presenta marcadas diferencias cuando se considera o excluye a Guyana, reflejando la heterogeneidad de las din\u00e1micas productivas de la subregi\u00f3n (5,5 contra 1,9 por ciento en 2025, respectivamente).<\/p>\n<p>Asimismo, las exportaciones e importaciones de bienes muestran se\u00f1ales de recuperaci\u00f3n moderada (3,6 y 3,2 por ciento en 2024, respectivamente), aunque con comportamientos dispares entre las naciones.<\/p>\n<p>La publicaci\u00f3n observa cambios en la composici\u00f3n del comercio exterior en cuanto a intercambio y balance de cuenta corriente de Am\u00e9rica Latina y el Caribe (-2,8 por ciento en 2024), as\u00ed como el peso limitado del comercio intrarregional.<\/p>\n<p>Las estad\u00edsticas ambientales muestran que Am\u00e9rica Latina y el Caribe es altamente vulnerable a los efectos adversos del cambio clim\u00e1tico, con fen\u00f3menos como inundaciones, tormentas, sequ\u00edas y deslizamientos de tierra, entre otros.<\/p>\n<p>Solo en 2024 se registraron 82 eventos peligrosos y desastres naturales que afectaron a m\u00e1s de 12 millones de personas y causaron m\u00e1s de 800 muertes, con da\u00f1os y p\u00e9rdidas econ\u00f3micas relacionadas de 21 mil 777 millones de d\u00f3lares.<\/p>\n<p>Entre 1990 y 2023, la proporci\u00f3n de cobertura boscosa regional disminuy\u00f3 de 53 a 46 por ciento, con una p\u00e9rdida de 160 millones de hect\u00e1reas.<\/p>\n<p>Sobre la calidad ambiental, el an\u00e1lisis de la contaminaci\u00f3n del aire muestra que ning\u00fan pa\u00eds del \u00e1rea cumple las directrices de la Organizaci\u00f3n Mundial de la Salud para material particulado (PM2.5), en un riesgo significativo para la salud.<\/p>\n<\/div>\n<\/div>\n<div class=\"elementor-element elementor-element-4f75016 elementor-widget elementor-widget-post-info\" data-id=\"4f75016\" data-element_type=\"widget\" data-widget_type=\"post-info.default\">\n<div class=\"elementor-widget-container\">\n<ul class=\"elementor-inline-items elementor-icon-list-items elementor-post-info\">\n<li class=\"elementor-icon-list-item elementor-repeater-item-17dda3e elementor-inline-item\"><em><span class=\"elementor-icon-list-text elementor-post-info__item elementor-post-info__item--type-custom\">#<a href=\"https:\/\/primermomento.com\/?p=461361\" rel=\"tag\">ambientales<\/a>\u00a0#<a href=\"https:\/\/primermomento.com\/?p=461361\" rel=\"tag\">Cepal<\/a>\u00a0#<a href=\"https:\/\/primermomento.com\/?p=461361\" rel=\"tag\">indicadores demogr\u00e1ficos<\/a>\u00a0#<a href=\"https:\/\/primermomento.com\/?p=461361\" rel=\"tag\">pobreza<\/a>\u00a0#<a href=\"https:\/\/primermomento.com\/?p=461361\" rel=\"tag\">sociales<\/a><\/span><\/em><\/li>\n<\/ul>\n<\/div>\n<\/div>\n","protected":false},"excerpt":{"rendered":"<p>Por Prensa Latina Santiago de Chile, CHILE.- El informe anual de la Comisi\u00f3n Econ\u00f3mica para Am\u00e9rica Latina y el Caribe (Cepal) muestra que la pobreza multidimensional del \u00e1rea afecta hoy al 27,4 por ciento de la poblaci\u00f3n, con amplia dispersi\u00f3n entre los pa\u00edses. El referido Anuario Estad\u00edstico de Am\u00e9rica Latina y el Caribe 2025 de [&hellip;]<\/p>\n","protected":false},"author":1,"featured_media":279687,"comment_status":"open","ping_status":"open","sticky":false,"template":"","format":"standard","meta":{"_bbp_topic_count":0,"_bbp_reply_count":0,"_bbp_total_topic_count":0,"_bbp_total_reply_count":0,"_bbp_voice_count":0,"_bbp_anonymous_reply_count":0,"_bbp_topic_count_hidden":0,"_bbp_reply_count_hidden":0,"_bbp_forum_subforum_count":0,"footnotes":""},"categories":[35],"tags":[],"class_list":{"0":"post-461361","1":"post","2":"type-post","3":"status-publish","4":"format-standard","5":"has-post-thumbnail","7":"category-economia"},"_links":{"self":[{"href":"https:\/\/primermomento.com\/index.php?rest_route=\/wp\/v2\/posts\/461361","targetHints":{"allow":["GET"]}}],"collection":[{"href":"https:\/\/primermomento.com\/index.php?rest_route=\/wp\/v2\/posts"}],"about":[{"href":"https:\/\/primermomento.com\/index.php?rest_route=\/wp\/v2\/types\/post"}],"author":[{"embeddable":true,"href":"https:\/\/primermomento.com\/index.php?rest_route=\/wp\/v2\/users\/1"}],"replies":[{"embeddable":true,"href":"https:\/\/primermomento.com\/index.php?rest_route=%2Fwp%2Fv2%2Fcomments&post=461361"}],"version-history":[{"count":1,"href":"https:\/\/primermomento.com\/index.php?rest_route=\/wp\/v2\/posts\/461361\/revisions"}],"predecessor-version":[{"id":461362,"href":"https:\/\/primermomento.com\/index.php?rest_route=\/wp\/v2\/posts\/461361\/revisions\/461362"}],"wp:featuredmedia":[{"embeddable":true,"href":"https:\/\/primermomento.com\/index.php?rest_route=\/wp\/v2\/media\/279687"}],"wp:attachment":[{"href":"https:\/\/primermomento.com\/index.php?rest_route=%2Fwp%2Fv2%2Fmedia&parent=461361"}],"wp:term":[{"taxonomy":"category","embeddable":true,"href":"https:\/\/primermomento.com\/index.php?rest_route=%2Fwp%2Fv2%2Fcategories&post=461361"},{"taxonomy":"post_tag","embeddable":true,"href":"https:\/\/primermomento.com\/index.php?rest_route=%2Fwp%2Fv2%2Ftags&post=461361"}],"curies":[{"name":"wp","href":"https:\/\/api.w.org\/{rel}","templated":true}]}}