{"id":461452,"date":"2026-02-23T08:09:14","date_gmt":"2026-02-23T13:09:14","guid":{"rendered":"https:\/\/primermomento.com\/?p=461452"},"modified":"2026-02-23T12:34:27","modified_gmt":"2026-02-23T17:34:27","slug":"miles-marchan-en-santo-domingo-en-defensa-de-la-soberania-nacional","status":"publish","type":"post","link":"https:\/\/primermomento.com\/?p=461452","title":{"rendered":"Miles marchan en Santo Domingo en defensa de la soberan\u00eda nacional"},"content":{"rendered":"<p><em><strong>Por Prensa Latina<\/strong><\/em><\/p>\n<p>SANTO DOMINGO, Rep\u00fablica Dominicana.- Varios miles de dominicanos respondieron al llamado de organizaciones de izquierda en el pa\u00eds para marchar en defensa de la soberan\u00eda nacional y el respeto a los derechos sociales, econ\u00f3micos, pol\u00edticos y culturales del pueblo.<\/p>\n<div class=\"elementor-element elementor-element-0aea3a0 elementor-widget elementor-widget-theme-post-content\" data-id=\"0aea3a0\" data-element_type=\"widget\" data-widget_type=\"theme-post-content.default\">\n<div class=\"elementor-widget-container\">\n<p>\u201cFuera yanquis de Quisqueya y el Caribe\u201d, \u201cDefendamos la soberan\u00eda nacional\u201d y \u201cNo a la presa de cola\u201d se le\u00eda en los carteles que acompa\u00f1aron a los manifestantes durante el recorrido.<\/p>\n<p>La caminata transit\u00f3 por Villa Francisca, San Ant\u00f3n, San Miguel, San L\u00e1zaro y la Ciudad Colonial, avanz\u00f3 por la calle El Conde y concluy\u00f3 en el Parque Independencia, frente a la estatua de Francisco Alberto Caama\u00f1o De\u00f1\u00f3, figura central de la Revoluci\u00f3n de Abril de 1965.<\/p>\n<p>La concentraci\u00f3n parti\u00f3 de la Plazoleta La Trinitaria, en la cabecera del Puente Duarte. All\u00ed, Nicole Rom\u00e1n ley\u00f3 versos del poeta chileno Pablo Neruda, en alusi\u00f3n a los momentos en que la soberan\u00eda dominicana fue vulnerada.<\/p>\n<p>En febrero de 1966, desde Isla Negra, Neruda public\u00f3 uno de los m\u00e1s firmes cantos de protesta contra la intervenci\u00f3n militar estadounidense en territorio dominicano en abril de 1965.<\/p>\n<p>Esa acci\u00f3n frustr\u00f3 el intento de retorno al poder del presidente constitucional Juan Bosch y los esfuerzos populares por restablecer el orden democr\u00e1tico.<\/p>\n<p>Los acontecimientos inspiraron el poema \u201cVersainograma a Santo Domingo\u201d, considerado una de las piezas m\u00e1s solidarias de la poes\u00eda hispanoamericana dedicada a la causa dominicana.<\/p>\n<p>Maribel N\u00fa\u00f1ez, periodista e integrante de la Acci\u00f3n Afro-Dominicana, calific\u00f3 la movilizaci\u00f3n como una gran marcha.<\/p>\n<p>Se\u00f1al\u00f3 a Prensa Latina que en las intervenciones predomin\u00f3 el rechazo a la presencia del \u201cimperio norteamericano\u201d en el Caribe y al uso del territorio dominicano con fines militares.<\/p>\n<p><img loading=\"lazy\" decoding=\"async\" class=\"alignnone size-full wp-image-1711071\" src=\"https:\/\/www.prensa-latina.cu\/wp-content\/uploads\/2026\/02\/marcha-4_1024x576.jpg\" sizes=\"auto, (max-width: 1024px) 100vw, 1024px\" srcset=\"https:\/\/www.prensa-latina.cu\/wp-content\/uploads\/2026\/02\/marcha-4_1024x576.jpg 1024w, https:\/\/www.prensa-latina.cu\/wp-content\/uploads\/2026\/02\/marcha-4_1024x576-500x281.jpg 500w, https:\/\/www.prensa-latina.cu\/wp-content\/uploads\/2026\/02\/marcha-4_1024x576-768x432.jpg 768w\" alt=\"\" width=\"1024\" height=\"576\" \/><\/p>\n<p>La marcha rindi\u00f3 homenaje a h\u00e9roes nacionales como Juan Pablo Duarte, Gregorio Luper\u00f3n y el propio Caama\u00f1o en el Mes de la Patria.<\/p>\n<p>En una proclama le\u00edda durante el acto central, las organizaciones convocantes afirmaron que la soberan\u00eda conquistada en el glorioso abril de 1965 ha sido nuevamente vulnerada y, seg\u00fan se\u00f1alaron, agredida de forma persistente durante los \u00faltimos 60 a\u00f1os.<\/p>\n<p>Sostuvieron que en la Rep\u00fablica Dominicana prevalecen intereses extranjeros y corporativos.<\/p>\n<p>En ese contexto, denunciaron la influencia del Comando Sur de Estados Unidos, de corporaciones mineras y de lo que calificaron como \u00e9lites capitalistas corruptas, \u201cdonde el poder del dinero y el capital se impone sobre los intereses del pueblo\u201d.<\/p>\n<p>Asimismo, criticaron lo que describieron como \u201cuna miner\u00eda destructiva y un ambiente contaminado\u201d, adem\u00e1s del aumento de la pobreza, la crisis del agua, la desigualdad social, salarios que consideraron insuficientes, el desempleo y la exclusi\u00f3n social.<\/p>\n<p>Los asistentes exigieron tambi\u00e9n la liberaci\u00f3n del presidente constitucional de Venezuela, Nicol\u00e1s Maduro, y de la diputada Cilia Flores, secuestrados durante la agresi\u00f3n militar de Estados Unidos a ese pa\u00eds en enero pasado.<\/p>\n<p><img loading=\"lazy\" decoding=\"async\" class=\"alignnone size-full wp-image-1711072\" src=\"https:\/\/www.prensa-latina.cu\/wp-content\/uploads\/2026\/02\/marcha5_1024x576.jpg\" sizes=\"auto, (max-width: 1024px) 100vw, 1024px\" srcset=\"https:\/\/www.prensa-latina.cu\/wp-content\/uploads\/2026\/02\/marcha5_1024x576.jpg 1024w, https:\/\/www.prensa-latina.cu\/wp-content\/uploads\/2026\/02\/marcha5_1024x576-500x281.jpg 500w, https:\/\/www.prensa-latina.cu\/wp-content\/uploads\/2026\/02\/marcha5_1024x576-768x432.jpg 768w\" alt=\"\" width=\"1024\" height=\"576\" \/><\/p>\n<p>En la marcha ondearon banderas de Cuba junto a consignas de apoyo al pueblo de la isla frente al recrudecimiento del bloqueo econ\u00f3mico, comercial y financiero de Estados Unidos y las medidas de m\u00e1xima presi\u00f3n, entre estas la orden ejecutiva suscrita por Donald Trump que amenaza con establecer aranceles a pa\u00edses que suministren petr\u00f3leo a ese pa\u00eds.<\/p>\n<p>La movilizaci\u00f3n fue convocada por el Partido Comunista del Trabajo (PCT), el Movimiento Popular Dominicano (MPD), el Movimiento Caama\u00f1ista (MC), Fuerza de la Revoluci\u00f3n (FR), el Partido Patria Para Todos\/as (PPT) y el Referente de la Izquierda Dominicana (RID).<\/p>\n<p>A estas organizaciones pol\u00edticas se unieron el Movimiento de Izquierda Unida (MIU), organizaciones de mujeres y a favor del medio ambiente, entre otras.<\/p>\n<\/div>\n<\/div>\n<div class=\"elementor-element elementor-element-4f75016 elementor-widget elementor-widget-post-info\" data-id=\"4f75016\" data-element_type=\"widget\" data-widget_type=\"post-info.default\">\n<div class=\"elementor-widget-container\">\n<ul class=\"elementor-inline-items elementor-icon-list-items elementor-post-info\">\n<li class=\"elementor-icon-list-item elementor-repeater-item-17dda3e elementor-inline-item\"><em><span class=\"elementor-icon-list-text elementor-post-info__item elementor-post-info__item--type-custom\">#<a href=\"https:\/\/primermomento.com\/?p=461452\" rel=\"tag\">cuba<\/a>\u00a0#<a href=\"https:\/\/primermomento.com\/?p=461452\" rel=\"tag\">Venezuela<\/a><\/span><\/em><\/li>\n<\/ul>\n<\/div>\n<\/div>\n","protected":false},"excerpt":{"rendered":"<p>Por Prensa Latina SANTO DOMINGO, Rep\u00fablica Dominicana.- Varios miles de dominicanos respondieron al llamado de organizaciones de izquierda en el pa\u00eds para marchar en defensa de la soberan\u00eda nacional y el respeto a los derechos sociales, econ\u00f3micos, pol\u00edticos y culturales del pueblo. \u201cFuera yanquis de Quisqueya y el Caribe\u201d, \u201cDefendamos la soberan\u00eda nacional\u201d y \u201cNo [&hellip;]<\/p>\n","protected":false},"author":1,"featured_media":461453,"comment_status":"open","ping_status":"open","sticky":false,"template":"","format":"standard","meta":{"_bbp_topic_count":0,"_bbp_reply_count":0,"_bbp_total_topic_count":0,"_bbp_total_reply_count":0,"_bbp_voice_count":0,"_bbp_anonymous_reply_count":0,"_bbp_topic_count_hidden":0,"_bbp_reply_count_hidden":0,"_bbp_forum_subforum_count":0,"footnotes":""},"categories":[31],"tags":[],"class_list":{"0":"post-461452","1":"post","2":"type-post","3":"status-publish","4":"format-standard","5":"has-post-thumbnail","7":"category-estados-unidos"},"_links":{"self":[{"href":"https:\/\/primermomento.com\/index.php?rest_route=\/wp\/v2\/posts\/461452","targetHints":{"allow":["GET"]}}],"collection":[{"href":"https:\/\/primermomento.com\/index.php?rest_route=\/wp\/v2\/posts"}],"about":[{"href":"https:\/\/primermomento.com\/index.php?rest_route=\/wp\/v2\/types\/post"}],"author":[{"embeddable":true,"href":"https:\/\/primermomento.com\/index.php?rest_route=\/wp\/v2\/users\/1"}],"replies":[{"embeddable":true,"href":"https:\/\/primermomento.com\/index.php?rest_route=%2Fwp%2Fv2%2Fcomments&post=461452"}],"version-history":[{"count":1,"href":"https:\/\/primermomento.com\/index.php?rest_route=\/wp\/v2\/posts\/461452\/revisions"}],"predecessor-version":[{"id":461454,"href":"https:\/\/primermomento.com\/index.php?rest_route=\/wp\/v2\/posts\/461452\/revisions\/461454"}],"wp:featuredmedia":[{"embeddable":true,"href":"https:\/\/primermomento.com\/index.php?rest_route=\/wp\/v2\/media\/461453"}],"wp:attachment":[{"href":"https:\/\/primermomento.com\/index.php?rest_route=%2Fwp%2Fv2%2Fmedia&parent=461452"}],"wp:term":[{"taxonomy":"category","embeddable":true,"href":"https:\/\/primermomento.com\/index.php?rest_route=%2Fwp%2Fv2%2Fcategories&post=461452"},{"taxonomy":"post_tag","embeddable":true,"href":"https:\/\/primermomento.com\/index.php?rest_route=%2Fwp%2Fv2%2Ftags&post=461452"}],"curies":[{"name":"wp","href":"https:\/\/api.w.org\/{rel}","templated":true}]}}