{"id":461489,"date":"2026-02-23T17:00:53","date_gmt":"2026-02-23T22:00:53","guid":{"rendered":"https:\/\/primermomento.com\/?p=461489"},"modified":"2026-02-24T08:59:20","modified_gmt":"2026-02-24T13:59:20","slug":"expresidente-dominicano-fernandez-atribuye-apagon-a-falta-inversion","status":"publish","type":"post","link":"https:\/\/primermomento.com\/?p=461489","title":{"rendered":"Expresidente dominicano Fern\u00e1ndez atribuye apag\u00f3n a falta inversi\u00f3n"},"content":{"rendered":"<p><em><strong>Por Prensa Latina<\/strong><\/em><\/p>\n<p>SANTO DOMINGO, Rep\u00fablica Dominicana.- El expresidente de la Rep\u00fablica Dominicana Leonel Fern\u00e1ndez afirm\u00f3 que el apag\u00f3n nacional que afecta al pa\u00eds es una muestra de la falta de inversiones en el sector el\u00e9ctrico para su optimizaci\u00f3n y fortalecimiento.<\/p>\n<div class=\"elementor-element elementor-element-0aea3a0 elementor-widget elementor-widget-theme-post-content\" data-id=\"0aea3a0\" data-element_type=\"widget\" data-widget_type=\"theme-post-content.default\">\n<div class=\"elementor-widget-container\">\n<p>\u201cLa Rep\u00fablica Dominicana se est\u00e1 quedando a oscuras, con el segundo apag\u00f3n nacional en menos de tres meses. Eso es un s\u00edntoma evidente de que la rama el\u00e9ctrica no recibe las inversiones necesarias para modernizar el sistema y diversificar las fuentes de generaci\u00f3n\u201d, expres\u00f3 el tambi\u00e9n presidente de la Fuerza del Pueblo en su cuenta en la red social X.<\/p>\n<p>Fern\u00e1ndez sostuvo que \u00abcon el apag\u00f3n, viene el caos. El telef\u00e9rico frenado, estaciones de metro sin funcionar; sem\u00e1foros fuera de servicio y con ello el colapso del flujo vehicular en las principales urbes del pa\u00eds\u00bb, a\u00f1adi\u00f3.<\/p>\n<p>En horas de la tarde de este lunes, el ministro de Energ\u00eda y Minas, Joel Santos, inform\u00f3 que cerca del 30 por ciento del sistema el\u00e9ctrico ha sido restablecido, luego de que gran parte del pa\u00eds sufriera una falla mayor que afect\u00f3 el servicio energ\u00e9tico.<\/p>\n<p>A las 10:50 de la ma\u00f1ana de este lunes se produjo una falla en el Sistema El\u00e9ctrico Nacional (Seni), que inici\u00f3 con un disparo del interruptor de la l\u00ednea de 138 kilovoltios (kV) Hainamosa -Villa Duarte.<\/p>\n<p>Santos subray\u00f3 en rueda de prensa que los servicios esenciales \u2014entre ellos hospitales, sistemas de agua potable, aeropuertos y el transporte masivo\u2014 han continuado operando gracias a sus sistemas de respaldo.<\/p>\n<p>Indic\u00f3, adem\u00e1s, que la red de transporte urbano se mantiene en funcionamiento y que un porcentaje significativo de sem\u00e1foros est\u00e1 operativo.<\/p>\n<p>Por su parte, el director de la Empresa Metropolitana de Transporte, Jhael Isa, afirm\u00f3 que la intermitencia reportada por usuarios en el Metro de Santo Domingo respondi\u00f3 a \u201cparadas programadas\u201d.<\/p>\n<p>Explic\u00f3 que estas detenciones se realizaron con el prop\u00f3sito de verificar el \u201cfuncionamiento \u00f3ptimo\u201d del sistema, tras las irregularidades registradas en el servicio el\u00e9ctrico.<\/p>\n<p>A trav\u00e9s de un audiovisual difundido por el equipo de comunicaciones de la entidad, Isa asegur\u00f3 que el Metro operar\u00eda \u201ca toda capacidad\u201d durante la hora pico.<\/p>\n<p>Tambi\u00e9n trascendi\u00f3 que el Telef\u00e9rico de Santo Domingo dispuso autobuses de la Operadora Metropolitana de Servicios de Autobuses (OMSA) para asistir a los usuarios, ante el apag\u00f3n general que afect\u00f3 sus operaciones.<\/p>\n<p>El servicio, de car\u00e1cter gratuito, cubre el trayecto desde la estaci\u00f3n 3, en S\u00e1bana Perdida, hasta la estaci\u00f3n Rosa Duarte del Metro de Santo Domingo, correspondiente a la l\u00ednea 2. con el prop\u00f3sito de garantizar la movilidad de los pasajeros.<\/p>\n<p>Este constituye el segundo apag\u00f3n general en menos de tres meses en la Rep\u00fablica Dominicana.<\/p>\n<p>El 11 de noviembre \u00faltimo el suministro el\u00e9ctrico se desplom\u00f3 de manera abrupta tras la salida repentina de varias unidades generadoras, entre ellas las de la Compa\u00f1\u00eda El\u00e9ctrica de San Pedro de Macor\u00eds y la Central Quisqueya, lo que provoc\u00f3 una interrupci\u00f3n de alcance nacional.<\/p>\n<p>La Empresa de Transmisi\u00f3n El\u00e9ctrica Dominicana indic\u00f3 en un comunicado al filo del mediod\u00eda que ofrecer\u00e1 actualizaciones oficiales a medida que se consolide la informaci\u00f3n t\u00e9cnica disponible.<\/p>\n<p>\u201cExhortamos a la ciudadan\u00eda a mantenerse informada \u00fanicamente a trav\u00e9s de nuestros canales\u201d, precis\u00f3 la entidad.<\/p>\n<p>Sin embargo, a las 20:35, hora local, la \u00fanica informaci\u00f3n oficial disponible contin\u00faa siendo la ofrecida durante la tarde por el ministro de Energ\u00eda y Minas, Joel Santos, quien asegur\u00f3 que se hab\u00eda restablecido el servicio en 30 por ciento.<\/p>\n<\/div>\n<\/div>\n<div class=\"elementor-element elementor-element-4f75016 elementor-widget elementor-widget-post-info\" data-id=\"4f75016\" data-element_type=\"widget\" data-widget_type=\"post-info.default\">\n<div class=\"elementor-widget-container\">\n<ul class=\"elementor-inline-items elementor-icon-list-items elementor-post-info\">\n<li class=\"elementor-icon-list-item elementor-repeater-item-17dda3e elementor-inline-item\"><span class=\"elementor-icon-list-text elementor-post-info__item elementor-post-info__item--type-custom\">#<em><a href=\"https:\/\/primermomento.com\/?p=461489\" rel=\"tag\">falta inversiones<\/a><\/em><\/span><\/li>\n<\/ul>\n<\/div>\n<\/div>\n","protected":false},"excerpt":{"rendered":"<p>Por Prensa Latina SANTO DOMINGO, Rep\u00fablica Dominicana.- El expresidente de la Rep\u00fablica Dominicana Leonel Fern\u00e1ndez afirm\u00f3 que el apag\u00f3n nacional que afecta al pa\u00eds es una muestra de la falta de inversiones en el sector el\u00e9ctrico para su optimizaci\u00f3n y fortalecimiento. \u201cLa Rep\u00fablica Dominicana se est\u00e1 quedando a oscuras, con el segundo apag\u00f3n nacional en [&hellip;]<\/p>\n","protected":false},"author":1,"featured_media":449642,"comment_status":"open","ping_status":"open","sticky":false,"template":"","format":"standard","meta":{"_bbp_topic_count":0,"_bbp_reply_count":0,"_bbp_total_topic_count":0,"_bbp_total_reply_count":0,"_bbp_voice_count":0,"_bbp_anonymous_reply_count":0,"_bbp_topic_count_hidden":0,"_bbp_reply_count_hidden":0,"_bbp_forum_subforum_count":0,"footnotes":""},"categories":[31],"tags":[],"class_list":{"0":"post-461489","1":"post","2":"type-post","3":"status-publish","4":"format-standard","5":"has-post-thumbnail","7":"category-estados-unidos"},"_links":{"self":[{"href":"https:\/\/primermomento.com\/index.php?rest_route=\/wp\/v2\/posts\/461489","targetHints":{"allow":["GET"]}}],"collection":[{"href":"https:\/\/primermomento.com\/index.php?rest_route=\/wp\/v2\/posts"}],"about":[{"href":"https:\/\/primermomento.com\/index.php?rest_route=\/wp\/v2\/types\/post"}],"author":[{"embeddable":true,"href":"https:\/\/primermomento.com\/index.php?rest_route=\/wp\/v2\/users\/1"}],"replies":[{"embeddable":true,"href":"https:\/\/primermomento.com\/index.php?rest_route=%2Fwp%2Fv2%2Fcomments&post=461489"}],"version-history":[{"count":1,"href":"https:\/\/primermomento.com\/index.php?rest_route=\/wp\/v2\/posts\/461489\/revisions"}],"predecessor-version":[{"id":461490,"href":"https:\/\/primermomento.com\/index.php?rest_route=\/wp\/v2\/posts\/461489\/revisions\/461490"}],"wp:featuredmedia":[{"embeddable":true,"href":"https:\/\/primermomento.com\/index.php?rest_route=\/wp\/v2\/media\/449642"}],"wp:attachment":[{"href":"https:\/\/primermomento.com\/index.php?rest_route=%2Fwp%2Fv2%2Fmedia&parent=461489"}],"wp:term":[{"taxonomy":"category","embeddable":true,"href":"https:\/\/primermomento.com\/index.php?rest_route=%2Fwp%2Fv2%2Fcategories&post=461489"},{"taxonomy":"post_tag","embeddable":true,"href":"https:\/\/primermomento.com\/index.php?rest_route=%2Fwp%2Fv2%2Ftags&post=461489"}],"curies":[{"name":"wp","href":"https:\/\/api.w.org\/{rel}","templated":true}]}}