{"id":461525,"date":"2026-02-24T04:07:26","date_gmt":"2026-02-24T09:07:26","guid":{"rendered":"https:\/\/primermomento.com\/?p=461525"},"modified":"2026-02-24T06:24:43","modified_gmt":"2026-02-24T11:24:43","slug":"david-collado-lidera-escenario-electoral-y-presidente-abinader-mantiene-alta-aprobacion","status":"publish","type":"post","link":"https:\/\/primermomento.com\/?p=461525","title":{"rendered":"David Collado lidera escenario electoral y presidente Abinader mantiene alta aprobaci\u00f3n"},"content":{"rendered":"<div dir=\"auto\"><em><strong>Por Servicios de Primermomento.com<\/strong><\/em><\/div>\n<div dir=\"auto\"><\/div>\n<div dir=\"auto\">SANTO DOMINGO, Rep\u00fablica Dominicana.- La primera encuesta nacional de opini\u00f3n p\u00fablica 2026 realizada por la firma peruana ABC Marketing, presentada este lunes, revela un escenario electoral encabezado por David Collado, quien mantiene ventaja frente a sus principales competidores, mientras el presidente Luis Abinader conserva una s\u00f3lida evaluaci\u00f3n positiva de su gesti\u00f3n.<\/div>\n<div dir=\"auto\"><\/div>\n<div dir=\"auto\">El estudio constituye una fotograf\u00eda actual del panorama pol\u00edtico y social del pa\u00eds, a menos de dos a\u00f1os de las elecciones presidenciales de 2028 y revela una tendencia mayoritariamente positiva respecto al rumbo del pa\u00eds y una aprobaci\u00f3n significativa hacia la gesti\u00f3n del presidente Luis Abinader, aunque tambi\u00e9n refleja preocupaciones importantes en materia de delincuencia y costo de la vida.<\/div>\n<div dir=\"auto\"><\/div>\n<div dir=\"auto\"><img loading=\"lazy\" decoding=\"async\" class=\"size-medium wp-image-461527 alignleft\" src=\"https:\/\/primermomento.com\/wp-content\/uploads\/2026\/02\/2-1-300x168.jpg\" alt=\"\" width=\"300\" height=\"168\" srcset=\"https:\/\/primermomento.com\/wp-content\/uploads\/2026\/02\/2-1-300x168.jpg 300w, https:\/\/primermomento.com\/wp-content\/uploads\/2026\/02\/2-1-1024x573.jpg 1024w, https:\/\/primermomento.com\/wp-content\/uploads\/2026\/02\/2-1-768x430.jpg 768w, https:\/\/primermomento.com\/wp-content\/uploads\/2026\/02\/2-1-696x390.jpg 696w, https:\/\/primermomento.com\/wp-content\/uploads\/2026\/02\/2-1.jpg 1056w\" sizes=\"auto, (max-width: 300px) 100vw, 300px\" \/>La encuesta fue aplicada de manera presencial cara a cara del 18 al 21 de febrero de 2026 a nivel nacional con m\u00e9todo de muestreo probabil\u00edstico estratificado entre 1,200 personas mayores de 18 a\u00f1os, con nivel de representatividad del 99% del padr\u00f3n electoral.<\/div>\n<div dir=\"auto\"><\/div>\n<div dir=\"auto\"><b>Simulaci\u00f3n electoral 2028<\/b><\/div>\n<div dir=\"auto\"><\/div>\n<div dir=\"auto\">Ante la pregunta de por qui\u00e9n votar\u00edan si las elecciones fueran ma\u00f1ana, los resultados muestran el posicionamiento siguiente: David Collado 28.5%; Leonel Fern\u00e1ndez 17.1%; Omar Fern\u00e1ndez 16.3%; Carolina Mej\u00eda 13.3% y Abel Mart\u00ednez 4.7%.\u00a0 \u00a0Considerando \u00fanicamente votos v\u00e1lidos, Collado obtendr\u00eda 29.7%, Fern\u00e1ndez 18.0% y Omar Fern\u00e1ndez 16.3%.<\/div>\n<div dir=\"auto\"><\/div>\n<div dir=\"auto\"><strong>Percepci\u00f3n de candidaturas por partido<\/strong><\/div>\n<div dir=\"auto\"><\/div>\n<div dir=\"auto\"><img loading=\"lazy\" decoding=\"async\" class=\"size-medium wp-image-461528 alignright\" src=\"https:\/\/primermomento.com\/wp-content\/uploads\/2026\/02\/5-300x168.jpg\" alt=\"\" width=\"300\" height=\"168\" srcset=\"https:\/\/primermomento.com\/wp-content\/uploads\/2026\/02\/5-300x168.jpg 300w, https:\/\/primermomento.com\/wp-content\/uploads\/2026\/02\/5-1024x573.jpg 1024w, https:\/\/primermomento.com\/wp-content\/uploads\/2026\/02\/5-768x430.jpg 768w, https:\/\/primermomento.com\/wp-content\/uploads\/2026\/02\/5-696x390.jpg 696w, https:\/\/primermomento.com\/wp-content\/uploads\/2026\/02\/5.jpg 1056w\" sizes=\"auto, (max-width: 300px) 100vw, 300px\" \/>El 47.3% en el PRM percibe que Collado ser\u00eda el candidato oficial, seguido por Mej\u00eda (22.9%), en el PLD el 38.8% considera que Abel Mart\u00ednez encabezar\u00eda la boleta, seguido por Gonzalo Castillo con 15.8%. y en la Fuerza del Pueblo el 53.6% entiende que Leonel Fern\u00e1ndez ser\u00eda el candidato, frente a un 26.9% que menciona a Omar Fern\u00e1ndez.<\/div>\n<div dir=\"auto\"><\/div>\n<div dir=\"auto\"><b>Percepci\u00f3n del ganador 2028<\/b><\/div>\n<div dir=\"auto\"><\/div>\n<div dir=\"auto\">Al margen de simpat\u00edas partidarias, el 30.8% cree que David Collado ganar\u00eda las elecciones, 18.2% se\u00f1ala a Leonel Fern\u00e1ndez y 15.2% a Omar Fern\u00e1ndez.<\/div>\n<div dir=\"auto\"><\/div>\n<div dir=\"auto\">Antivoto<\/div>\n<div dir=\"auto\">El mayor nivel de rechazo lo registra Leonel Fern\u00e1ndez (20.8%), seguido por Gonzalo Castillo (10.8%).<\/div>\n<div dir=\"auto\"><\/div>\n<div dir=\"auto\">\u00a0<b>Escenarios electorales<\/b><\/div>\n<div dir=\"auto\"><\/div>\n<div dir=\"auto\">En posibles enfrentamientos directos, David Collado obtendr\u00eda un 47.8% frente a Omar Fern\u00e1ndez quien alcanzar\u00eda un 34.0%, mientras subir\u00eda a un 48.6% si enfrenta a Leonel Fern\u00e1ndez, quien tendr\u00eda un 36.2%.<\/div>\n<div dir=\"auto\"><\/div>\n<div dir=\"auto\">En el caso de Omar Fern\u00e1ndez frente a Carolina Mej\u00eda, obtendr\u00eda 37.0% y la alcaldesa un 35.8%, mientras que Carolina Mej\u00eda alcanzar\u00eda un 42.5%. de enfrentarse a Leonel Fern\u00e1ndez quien recibir\u00eda un 37.8%.<\/div>\n<div dir=\"auto\"><\/div>\n<div dir=\"auto\">En cuanto a percepci\u00f3n de partido ganador, el 39.1% considera que el PRM ganar\u00eda la pr\u00f3xima elecci\u00f3n presidencial, seguido por FP (20.3%), mientras 21.1% no opin\u00f3.<\/div>\n<div dir=\"auto\"><\/div>\n<div dir=\"auto\"><strong>Evaluaci\u00f3n del Presidente<\/strong><\/div>\n<div dir=\"auto\"><\/div>\n<div dir=\"auto\">La imagen personal del presidente Abinader obtiene 51.2% de valoraci\u00f3n buena y 17.6% muy buena, mientras que el 56.3% considera que el pa\u00eds est\u00e1 cambiando para mejor bajo su direcci\u00f3n, en tanto que el 28.8% cree que estar\u00eda mejor con otro gobierno.<\/div>\n<div dir=\"auto\"><\/div>\n<div dir=\"auto\">En t\u00e9rminos de eficiencia, el 63.7% eval\u00faa su desempe\u00f1o entre bien y muy bien, y el 59.4% aprueba su gesti\u00f3n general.\u00a0 Respecto a la gesti\u00f3n de las instituciones p\u00fablicas, el 37.8% la califica como regular.<\/div>\n<div dir=\"auto\"><\/div>\n<div dir=\"auto\"><b>Situaci\u00f3n del pa\u00eds<\/b><\/div>\n<div dir=\"auto\"><\/div>\n<div dir=\"auto\">El 55.6% de los encuestados considera que el pa\u00eds va por buen camino, incluso en medio de la actual inestabilidad mundial. Un 25.7% entiende que el rumbo es incorrecto y un 16.8% califica la situaci\u00f3n como regular.<\/div>\n<div dir=\"auto\"><\/div>\n<div dir=\"auto\"><b>Principales problemas<\/b><\/div>\n<div dir=\"auto\"><\/div>\n<div dir=\"auto\">La delincuencia se mantiene como la principal preocupaci\u00f3n nacional (36.8%), siendo el robo a mano armada el delito m\u00e1s mencionado. Le siguen el costo de la vida (15.0%) y el costo de la canasta familiar (13.8%).<\/div>\n<div dir=\"auto\"><\/div>\n<div dir=\"auto\">En cuanto a la percepci\u00f3n sobre los niveles de criminalidad, el 53.2% considera que la delincuencia ha disminuido debido a las acciones de la Polic\u00eda Nacional, mientras que un 40.3% opina que ha aumentado.<\/div>\n<div dir=\"auto\"><\/div>\n<div dir=\"auto\"><strong>Programas sociales<\/strong><\/div>\n<div dir=\"auto\"><\/div>\n<div dir=\"auto\">El 58.3% respalda los programas sociales implementados por el gobierno, frente a un 30.9% que se muestra en desacuerdo.<\/div>\n<div dir=\"auto\"><\/div>\n<div dir=\"auto\">En el caso espec\u00edfico del Programa TRAE, el 70.5% manifiesta estar de acuerdo con su ejecuci\u00f3n, evidenciando un amplio respaldo ciudadano.<\/div>\n<div dir=\"auto\"><\/div>\n<div dir=\"auto\"><strong>Crisis en Hait\u00ed<\/strong><\/div>\n<div dir=\"auto\"><\/div>\n<div dir=\"auto\">Respecto al manejo gubernamental de la crisis con Hait\u00ed, el 47.8% califica como bueno el desempe\u00f1o del presidente Abinader, un 17.1% lo considera regular y un 26.5% lo eval\u00faa de manera negativa.<\/div>\n<div dir=\"auto\"><\/div>\n<div dir=\"auto\"><strong>Lucha contra la corrupci\u00f3n<\/strong><\/div>\n<div dir=\"auto\"><\/div>\n<div dir=\"auto\">El 47.0% califica como positiva la lucha contra la corrupci\u00f3n encabezada por el Ministerio P\u00fablico, mientras que el 29.8% la considera negativa y el 18.7% regular.<\/div>\n<div dir=\"auto\"><\/div>\n<div dir=\"auto\">La encuesta, financiada por empresarios dominicanos, fue dada a conocer por Juan Carlos Maldonado, presidente de ABC Marketing, durante una rueda de prensa efectuada en el hotel Barcel\u00f3 Santo Domingo.<\/div>\n<div dir=\"auto\"><\/div>\n<div dir=\"auto\"><strong>Ficha t\u00e9cnica<\/strong><\/div>\n<div dir=\"auto\"><\/div>\n<div dir=\"auto\">El estudio de opini\u00f3n representa al universo del padr\u00f3n electoral de la Junta Central Electoral con 7, 505,507 electores, y la metodolog\u00eda fue de cuestionario estructurado para encuesta presencial cara a cara con preguntas abiertas y cerradas, de aplicaci\u00f3n aleatoria en los hogares de las principales ciudades y provincias seleccionadas, con un margen de error de m\u00e1s o menos 2.8, un P y Q igual a 50%, un nivel de confiabilidad de 95% (Z=1.96), de representatividad de un 99% y una tasa de no respuesta estimada de 15%.<\/div>\n<div dir=\"auto\">Acerca de ABC Marketing<\/div>\n<div dir=\"auto\"><\/div>\n<div dir=\"auto\">ABC Marketing es una firma especializada en investigaci\u00f3n de mercados y consultor\u00eda pol\u00edtica con m\u00e1s de 20 a\u00f1os de experiencia en Latinoam\u00e9rica. Ha sido reconocida internacionalmente con los Napolitans Victory Awards 2025, otorgados por The Washington Academy of Political Arts &amp; Sciences, en las categor\u00edas Mejor Encuestadora del A\u00f1o y Mejor Investigaci\u00f3n en Encuestas Presidenciales.<\/div>\n<div dir=\"auto\"><\/div>\n<div dir=\"auto\">Asimismo, recibi\u00f3 el Wake Up Award 2023 de ASPEM y es socia de la C\u00e1mara de Comercio de Lima (CCL). La firma mantiene alianzas estrat\u00e9gicas con encuestadoras en Estados Unidos, Brasil, Colombia y M\u00e9xico. M\u00e1s informaci\u00f3n en\u00a0\u00a0<a href=\"http:\/\/www.xn--abcmarketing-consultora-nfc.com\/\" target=\"_blank\" rel=\"noopener noreferrer noreferrer\" data-saferedirecturl=\"https:\/\/www.google.com\/url?q=http:\/\/www.xn--abcmarketing-consultora-nfc.com\/&amp;source=gmail&amp;ust=1772018214894000&amp;usg=AOvVaw26cfGy3figvsT4OYuuHRIP\">www.abcmarketing-<wbr \/>consultor\u00eda.com<\/a><\/div>\n","protected":false},"excerpt":{"rendered":"<p>Por Servicios de Primermomento.com SANTO DOMINGO, Rep\u00fablica Dominicana.- La primera encuesta nacional de opini\u00f3n p\u00fablica 2026 realizada por la firma peruana ABC Marketing, presentada este lunes, revela un escenario electoral encabezado por David Collado, quien mantiene ventaja frente a sus principales competidores, mientras el presidente Luis Abinader conserva una s\u00f3lida evaluaci\u00f3n positiva de su gesti\u00f3n. [&hellip;]<\/p>\n","protected":false},"author":1,"featured_media":461526,"comment_status":"open","ping_status":"open","sticky":false,"template":"","format":"standard","meta":{"_bbp_topic_count":0,"_bbp_reply_count":0,"_bbp_total_topic_count":0,"_bbp_total_reply_count":0,"_bbp_voice_count":0,"_bbp_anonymous_reply_count":0,"_bbp_topic_count_hidden":0,"_bbp_reply_count_hidden":0,"_bbp_forum_subforum_count":0,"footnotes":""},"categories":[31],"tags":[],"class_list":{"0":"post-461525","1":"post","2":"type-post","3":"status-publish","4":"format-standard","5":"has-post-thumbnail","7":"category-estados-unidos"},"_links":{"self":[{"href":"https:\/\/primermomento.com\/index.php?rest_route=\/wp\/v2\/posts\/461525","targetHints":{"allow":["GET"]}}],"collection":[{"href":"https:\/\/primermomento.com\/index.php?rest_route=\/wp\/v2\/posts"}],"about":[{"href":"https:\/\/primermomento.com\/index.php?rest_route=\/wp\/v2\/types\/post"}],"author":[{"embeddable":true,"href":"https:\/\/primermomento.com\/index.php?rest_route=\/wp\/v2\/users\/1"}],"replies":[{"embeddable":true,"href":"https:\/\/primermomento.com\/index.php?rest_route=%2Fwp%2Fv2%2Fcomments&post=461525"}],"version-history":[{"count":1,"href":"https:\/\/primermomento.com\/index.php?rest_route=\/wp\/v2\/posts\/461525\/revisions"}],"predecessor-version":[{"id":461529,"href":"https:\/\/primermomento.com\/index.php?rest_route=\/wp\/v2\/posts\/461525\/revisions\/461529"}],"wp:featuredmedia":[{"embeddable":true,"href":"https:\/\/primermomento.com\/index.php?rest_route=\/wp\/v2\/media\/461526"}],"wp:attachment":[{"href":"https:\/\/primermomento.com\/index.php?rest_route=%2Fwp%2Fv2%2Fmedia&parent=461525"}],"wp:term":[{"taxonomy":"category","embeddable":true,"href":"https:\/\/primermomento.com\/index.php?rest_route=%2Fwp%2Fv2%2Fcategories&post=461525"},{"taxonomy":"post_tag","embeddable":true,"href":"https:\/\/primermomento.com\/index.php?rest_route=%2Fwp%2Fv2%2Ftags&post=461525"}],"curies":[{"name":"wp","href":"https:\/\/api.w.org\/{rel}","templated":true}]}}