{"id":461538,"date":"2026-02-24T08:59:02","date_gmt":"2026-02-24T13:59:02","guid":{"rendered":"https:\/\/primermomento.com\/?p=461538"},"modified":"2026-02-24T13:11:34","modified_gmt":"2026-02-24T18:11:34","slug":"pld-insta-a-presidente-abinader-abordar-temas-clave-discurso-anual","status":"publish","type":"post","link":"https:\/\/primermomento.com\/?p=461538","title":{"rendered":"PLD insta a presidente Abinader abordar temas clave discurso anual"},"content":{"rendered":"<p><strong><em>Por Prensa Latina<\/em><\/strong><\/p>\n<p>SANTO DOMINGO, Rep\u00fablica Dominicana.- El opositor Partido de la Liberaci\u00f3n Dominicana (PLD) consider\u00f3 hoy que, en su discurso de rendici\u00f3n de cuentas del pr\u00f3ximo 27 de febrero, el presidente Luis Abinader debe responder a las principales inquietudes de la poblaci\u00f3n.<\/p>\n<div class=\"elementor-element elementor-element-0aea3a0 elementor-widget elementor-widget-theme-post-content\" data-id=\"0aea3a0\" data-element_type=\"widget\" data-widget_type=\"theme-post-content.default\">\n<div class=\"elementor-widget-container\">\n<p>La organizaci\u00f3n record\u00f3 que la Constituci\u00f3n establece que, al iniciarse la primera legislatura ordinaria el 27 de febrero de cada a\u00f1o, el mandatario debe presentar las memorias de los ministerios y rendir cuentas de su administraci\u00f3n correspondiente al a\u00f1o anterior.<\/p>\n<p>\u201cSe tiene por seguro que el presidente esbozar\u00e1 los supuestos logros de un gobierno en el que el esquema publicitario es predominante; sin embargo, la ciudadan\u00eda, que ha sido testigo del retroceso, espera que se aborden los temas de su inter\u00e9s\u201d, expres\u00f3 en un comunicado.<\/p>\n<p>El partido se\u00f1al\u00f3 que la poblaci\u00f3n quisiera escuchar explicaciones sobre el caso del Seguro Nacional de Salud (Senasa), al que calific\u00f3 como el mayor esc\u00e1ndalo de corrupci\u00f3n administrativa en la historia reciente, y cuyos implicados \u2014seg\u00fan afirm\u00f3\u2014 habr\u00edan se\u00f1alado el uso de recursos con fines pol\u00edtico-electorales.<\/p>\n<p>Asimismo, consider\u00f3 que el mandatario deber\u00eda referirse al esc\u00e1ndalo en el sector transporte vinculado al Instituto Nacional de Tr\u00e1nsito y Transporte Terrestre, as\u00ed como a la extensi\u00f3n del contrato de Aeropuertos Dominicanos (Aerodom) y al destino de los 700 millones de pesos (unos 10 millones 937 mil 500 d\u00f3lares) generados por su renegociaci\u00f3n.<\/p>\n<p>\u201cQuiz\u00e1s el jefe del Estado se anime y hable del apresamiento y procesamiento, por parte de autoridades de Estados Unidos, de funcionarios y figuras vinculadas al gobierno del PRM por presuntas actividades relacionadas con el narcotr\u00e1fico\u201d, indic\u00f3.<\/p>\n<p>Para el PLD, ser\u00eda \u201ctranquilizador\u201d que Abinader explicara las causas del crecimiento econ\u00f3mico en 2025 por debajo de lo proyectado, el aumento \u201cdesmesurado\u201d de los precios de los alimentos, los homicidios y el endeudamiento del pa\u00eds, entre otros temas.<\/p>\n<p>Seg\u00fan la organizaci\u00f3n, \u201cante tanta improvisaci\u00f3n y desacertadas pol\u00edticas p\u00fablicas, el pa\u00eds ha entrado en una crisis de confianza institucional, lo que constituye un preocupante factor de riesgo para la democracia y el bienestar colectivo\u201d.<\/p>\n<p>El presidente rinde cuentas cada 27 de febrero en cumplimiento de lo dispuesto por la Constituci\u00f3n dominicana. Esa fecha coincide con el D\u00eda de la Independencia Nacional, cuando se conmemora la proclamaci\u00f3n de la independencia en 1844 y se instala la nueva legislatura del Congreso Nacional.<\/p>\n<p>La Carta Magna establece que el mandatario debe comparecer ante la Asamblea Nacional para informar sobre la gesti\u00f3n del a\u00f1o anterior, presentar las memorias de los ministerios y exponer la situaci\u00f3n econ\u00f3mica, financiera y administrativa del pa\u00eds.<\/p>\n<\/div>\n<\/div>\n<div class=\"elementor-element elementor-element-4f75016 elementor-widget elementor-widget-post-info\" data-id=\"4f75016\" data-element_type=\"widget\" data-widget_type=\"post-info.default\">\n<div class=\"elementor-widget-container\">\n<ul class=\"elementor-inline-items elementor-icon-list-items elementor-post-info\">\n<li class=\"elementor-icon-list-item elementor-repeater-item-17dda3e elementor-inline-item\"><em><span class=\"elementor-icon-list-text elementor-post-info__item elementor-post-info__item--type-custom\">#<a href=\"https:\/\/primermomento.com\/?p=461538\" rel=\"tag\">pld<\/a>\u00a0#<a href=\"https:\/\/primermomento.com\/?p=461538\" rel=\"tag\">rendici\u00f3n de cuentas Abinader<\/a><\/span><\/em><\/li>\n<\/ul>\n<\/div>\n<\/div>\n","protected":false},"excerpt":{"rendered":"<p>Por Prensa Latina SANTO DOMINGO, Rep\u00fablica Dominicana.- El opositor Partido de la Liberaci\u00f3n Dominicana (PLD) consider\u00f3 hoy que, en su discurso de rendici\u00f3n de cuentas del pr\u00f3ximo 27 de febrero, el presidente Luis Abinader debe responder a las principales inquietudes de la poblaci\u00f3n. La organizaci\u00f3n record\u00f3 que la Constituci\u00f3n establece que, al iniciarse la primera [&hellip;]<\/p>\n","protected":false},"author":1,"featured_media":383880,"comment_status":"open","ping_status":"open","sticky":false,"template":"","format":"standard","meta":{"_bbp_topic_count":0,"_bbp_reply_count":0,"_bbp_total_topic_count":0,"_bbp_total_reply_count":0,"_bbp_voice_count":0,"_bbp_anonymous_reply_count":0,"_bbp_topic_count_hidden":0,"_bbp_reply_count_hidden":0,"_bbp_forum_subforum_count":0,"footnotes":""},"categories":[31],"tags":[],"class_list":{"0":"post-461538","1":"post","2":"type-post","3":"status-publish","4":"format-standard","5":"has-post-thumbnail","7":"category-estados-unidos"},"_links":{"self":[{"href":"https:\/\/primermomento.com\/index.php?rest_route=\/wp\/v2\/posts\/461538","targetHints":{"allow":["GET"]}}],"collection":[{"href":"https:\/\/primermomento.com\/index.php?rest_route=\/wp\/v2\/posts"}],"about":[{"href":"https:\/\/primermomento.com\/index.php?rest_route=\/wp\/v2\/types\/post"}],"author":[{"embeddable":true,"href":"https:\/\/primermomento.com\/index.php?rest_route=\/wp\/v2\/users\/1"}],"replies":[{"embeddable":true,"href":"https:\/\/primermomento.com\/index.php?rest_route=%2Fwp%2Fv2%2Fcomments&post=461538"}],"version-history":[{"count":1,"href":"https:\/\/primermomento.com\/index.php?rest_route=\/wp\/v2\/posts\/461538\/revisions"}],"predecessor-version":[{"id":461539,"href":"https:\/\/primermomento.com\/index.php?rest_route=\/wp\/v2\/posts\/461538\/revisions\/461539"}],"wp:featuredmedia":[{"embeddable":true,"href":"https:\/\/primermomento.com\/index.php?rest_route=\/wp\/v2\/media\/383880"}],"wp:attachment":[{"href":"https:\/\/primermomento.com\/index.php?rest_route=%2Fwp%2Fv2%2Fmedia&parent=461538"}],"wp:term":[{"taxonomy":"category","embeddable":true,"href":"https:\/\/primermomento.com\/index.php?rest_route=%2Fwp%2Fv2%2Fcategories&post=461538"},{"taxonomy":"post_tag","embeddable":true,"href":"https:\/\/primermomento.com\/index.php?rest_route=%2Fwp%2Fv2%2Ftags&post=461538"}],"curies":[{"name":"wp","href":"https:\/\/api.w.org\/{rel}","templated":true}]}}