{"id":461719,"date":"2026-02-26T16:35:19","date_gmt":"2026-02-26T21:35:19","guid":{"rendered":"https:\/\/primermomento.com\/?p=461719"},"modified":"2026-02-27T07:48:53","modified_gmt":"2026-02-27T12:48:53","slug":"junta-central-electoral-anuncia-calendario-electoral-para-febrero-y-mayo-del-2028","status":"publish","type":"post","link":"https:\/\/primermomento.com\/?p=461719","title":{"rendered":"Junta Central Electoral anuncia calendario electoral para febrero y mayo del 2028"},"content":{"rendered":"<p><em><strong>Por Prensa Latina<\/strong><\/em><\/p>\n<p>SANTO DOMINGO, Rep\u00fablica Dominicana.- La Junta Central Electoral (JCE) de la Rep\u00fablica Dominicana inform\u00f3 que las elecciones municipales se celebrar\u00e1n el 20 de febrero de 2028 y las presidenciales y congresuales el 21 de mayo de ese mismo a\u00f1o, trascendi\u00f3 hoy.<\/p>\n<div class=\"elementor-element elementor-element-0aea3a0 elementor-widget elementor-widget-theme-post-content\" data-id=\"0aea3a0\" data-element_type=\"widget\" data-widget_type=\"theme-post-content.default\">\n<div class=\"elementor-widget-container\">\n<p>El organismo precis\u00f3 que una eventual segunda vuelta se desarrollar\u00eda el 25 de junio, al presentar a los partidos pol\u00edticos reconocidos por la instituci\u00f3n el calendario de actividades administrativas y los plazos legales de cara a los comicios generales de 2028.<\/p>\n<p>El acto estuvo encabezado por el presidente de la JCE, Rom\u00e1n Andr\u00e9s J\u00e1quez Liranzo, quien expres\u00f3 su confianza en que las organizaciones pol\u00edticas y la ciudadan\u00eda respeten la planificaci\u00f3n establecida.<\/p>\n<p>El director nacional de Elecciones, Mario N\u00fa\u00f1ez, explic\u00f3 que el cronograma regir\u00e1 los procesos internos de los partidos en 2027 y las elecciones de 2028.<\/p>\n<p>Precis\u00f3 que el 3 de octubre de 2027 ser\u00e1 la fecha l\u00edmite para la celebraci\u00f3n de primarias. Hasta el 31 de ese mes podr\u00e1n realizarse convenciones, asambleas o encuestas para la escogencia de candidaturas, puntualiz\u00f3.<\/p>\n<p>Indic\u00f3 que en las municipales se elegir\u00e1n alcald\u00edas, regidur\u00edas, direcciones y vocales. En mayo de 2028 se votar\u00e1 para la Presidencia de la Rep\u00fablica, el Senado, la C\u00e1mara de Diputados y los representantes de ultramar.<\/p>\n<p>La JCE se\u00f1al\u00f3 que el calendario se sustenta en la Constituci\u00f3n y en las leyes electorales vigentes, que establecen las fechas y los cargos a escoger.<\/p>\n<\/div>\n<\/div>\n<div class=\"elementor-element elementor-element-4f75016 elementor-widget elementor-widget-post-info\" data-id=\"4f75016\" data-element_type=\"widget\" data-widget_type=\"post-info.default\">\n<div class=\"elementor-widget-container\">\n<ul class=\"elementor-inline-items elementor-icon-list-items elementor-post-info\">\n<li class=\"elementor-icon-list-item elementor-repeater-item-17dda3e elementor-inline-item\"><em><span class=\"elementor-icon-list-text elementor-post-info__item elementor-post-info__item--type-custom\">#<a href=\"https:\/\/primermomento.com\/?p=461719\" rel=\"tag\">cronograma<\/a>\u00a0#<a href=\"https:\/\/primermomento.com\/?p=461719\" rel=\"tag\">jce<\/a><\/span><\/em><\/li>\n<\/ul>\n<\/div>\n<\/div>\n","protected":false},"excerpt":{"rendered":"<p>Por Prensa Latina SANTO DOMINGO, Rep\u00fablica Dominicana.- La Junta Central Electoral (JCE) de la Rep\u00fablica Dominicana inform\u00f3 que las elecciones municipales se celebrar\u00e1n el 20 de febrero de 2028 y las presidenciales y congresuales el 21 de mayo de ese mismo a\u00f1o, trascendi\u00f3 hoy. El organismo precis\u00f3 que una eventual segunda vuelta se desarrollar\u00eda el [&hellip;]<\/p>\n","protected":false},"author":1,"featured_media":461720,"comment_status":"open","ping_status":"open","sticky":false,"template":"","format":"standard","meta":{"_bbp_topic_count":0,"_bbp_reply_count":0,"_bbp_total_topic_count":0,"_bbp_total_reply_count":0,"_bbp_voice_count":0,"_bbp_anonymous_reply_count":0,"_bbp_topic_count_hidden":0,"_bbp_reply_count_hidden":0,"_bbp_forum_subforum_count":0,"footnotes":""},"categories":[31],"tags":[],"class_list":{"0":"post-461719","1":"post","2":"type-post","3":"status-publish","4":"format-standard","5":"has-post-thumbnail","7":"category-estados-unidos"},"_links":{"self":[{"href":"https:\/\/primermomento.com\/index.php?rest_route=\/wp\/v2\/posts\/461719","targetHints":{"allow":["GET"]}}],"collection":[{"href":"https:\/\/primermomento.com\/index.php?rest_route=\/wp\/v2\/posts"}],"about":[{"href":"https:\/\/primermomento.com\/index.php?rest_route=\/wp\/v2\/types\/post"}],"author":[{"embeddable":true,"href":"https:\/\/primermomento.com\/index.php?rest_route=\/wp\/v2\/users\/1"}],"replies":[{"embeddable":true,"href":"https:\/\/primermomento.com\/index.php?rest_route=%2Fwp%2Fv2%2Fcomments&post=461719"}],"version-history":[{"count":1,"href":"https:\/\/primermomento.com\/index.php?rest_route=\/wp\/v2\/posts\/461719\/revisions"}],"predecessor-version":[{"id":461721,"href":"https:\/\/primermomento.com\/index.php?rest_route=\/wp\/v2\/posts\/461719\/revisions\/461721"}],"wp:featuredmedia":[{"embeddable":true,"href":"https:\/\/primermomento.com\/index.php?rest_route=\/wp\/v2\/media\/461720"}],"wp:attachment":[{"href":"https:\/\/primermomento.com\/index.php?rest_route=%2Fwp%2Fv2%2Fmedia&parent=461719"}],"wp:term":[{"taxonomy":"category","embeddable":true,"href":"https:\/\/primermomento.com\/index.php?rest_route=%2Fwp%2Fv2%2Fcategories&post=461719"},{"taxonomy":"post_tag","embeddable":true,"href":"https:\/\/primermomento.com\/index.php?rest_route=%2Fwp%2Fv2%2Ftags&post=461719"}],"curies":[{"name":"wp","href":"https:\/\/api.w.org\/{rel}","templated":true}]}}