{"id":461775,"date":"2026-02-27T13:41:02","date_gmt":"2026-02-27T18:41:02","guid":{"rendered":"https:\/\/primermomento.com\/?p=461775"},"modified":"2026-02-27T17:42:00","modified_gmt":"2026-02-27T22:42:00","slug":"presidente-dominicano-reafirma-que-nadie-esta-por-encima-de-la-ley","status":"publish","type":"post","link":"https:\/\/primermomento.com\/?p=461775","title":{"rendered":"Presidente dominicano reafirma que nadie est\u00e1 por encima de la ley"},"content":{"rendered":"<p><strong><em>Por Prensa Latina<\/em><\/strong><\/p>\n<p>SANTO DOMINGO, Rep\u00fablica Dominicana.- El mandatario dominicano, Luis Abinader, asegur\u00f3 hoy que mientras sea presidente de la Rep\u00fablica, \u00abno habr\u00e1 poder que est\u00e9 por encima de la ley\u201d, al reiterar que la lucha contra la corrupci\u00f3n es la columna vertebral y la br\u00fajula moral de su gobierno.<\/p>\n<p>Durante su intervenci\u00f3n ante la Asamblea Nacional, el gobernante asegur\u00f3 que en su gesti\u00f3n \u201cno existen intocables ni protegidos\u201d y que todo funcionario se\u00f1alado con pruebas ser\u00e1 puesto a disposici\u00f3n del Ministerio P\u00fablico, sin interferencias ni encubrimientos.<\/p>\n<p>Subray\u00f3 que incluso en casos vinculados a instituciones sensibles como el Seguro Nacional de Salud (Senasa), el Gobierno ha actuado enviando los expedientes a la justicia y constituy\u00e9ndose en actor civil para procurar la recuperaci\u00f3n de los recursos p\u00fablicos.<\/p>\n<p>Abinader defendi\u00f3 el fortalecimiento de la independencia del Ministerio P\u00fablico y el respeto estricto a la separaci\u00f3n de poderes, al considerar que la justicia debe ser un l\u00edmite al poder pol\u00edtico y no un instrumento del mismo.<\/p>\n<p>El gobernante sostuvo que los avances institucionales del pa\u00eds han sido reconocidos por organismos internacionales.<\/p>\n<p>Record\u00f3 que al asumir el poder en 2020 advirti\u00f3 que no habr\u00eda impunidad para la corrupci\u00f3n del pasado ni para la futura, y asegur\u00f3 que esa promesa se ha cumplido con la destituci\u00f3n y sometimiento a la justicia de funcionarios implicados en irregularidades.<\/p>\n","protected":false},"excerpt":{"rendered":"<p>Por Prensa Latina SANTO DOMINGO, Rep\u00fablica Dominicana.- El mandatario dominicano, Luis Abinader, asegur\u00f3 hoy que mientras sea presidente de la Rep\u00fablica, \u00abno habr\u00e1 poder que est\u00e9 por encima de la ley\u201d, al reiterar que la lucha contra la corrupci\u00f3n es la columna vertebral y la br\u00fajula moral de su gobierno. Durante su intervenci\u00f3n ante la [&hellip;]<\/p>\n","protected":false},"author":1,"featured_media":461776,"comment_status":"open","ping_status":"open","sticky":false,"template":"","format":"standard","meta":{"_bbp_topic_count":0,"_bbp_reply_count":0,"_bbp_total_topic_count":0,"_bbp_total_reply_count":0,"_bbp_voice_count":0,"_bbp_anonymous_reply_count":0,"_bbp_topic_count_hidden":0,"_bbp_reply_count_hidden":0,"_bbp_forum_subforum_count":0,"footnotes":""},"categories":[31],"tags":[],"class_list":{"0":"post-461775","1":"post","2":"type-post","3":"status-publish","4":"format-standard","5":"has-post-thumbnail","7":"category-estados-unidos"},"_links":{"self":[{"href":"https:\/\/primermomento.com\/index.php?rest_route=\/wp\/v2\/posts\/461775","targetHints":{"allow":["GET"]}}],"collection":[{"href":"https:\/\/primermomento.com\/index.php?rest_route=\/wp\/v2\/posts"}],"about":[{"href":"https:\/\/primermomento.com\/index.php?rest_route=\/wp\/v2\/types\/post"}],"author":[{"embeddable":true,"href":"https:\/\/primermomento.com\/index.php?rest_route=\/wp\/v2\/users\/1"}],"replies":[{"embeddable":true,"href":"https:\/\/primermomento.com\/index.php?rest_route=%2Fwp%2Fv2%2Fcomments&post=461775"}],"version-history":[{"count":1,"href":"https:\/\/primermomento.com\/index.php?rest_route=\/wp\/v2\/posts\/461775\/revisions"}],"predecessor-version":[{"id":461777,"href":"https:\/\/primermomento.com\/index.php?rest_route=\/wp\/v2\/posts\/461775\/revisions\/461777"}],"wp:featuredmedia":[{"embeddable":true,"href":"https:\/\/primermomento.com\/index.php?rest_route=\/wp\/v2\/media\/461776"}],"wp:attachment":[{"href":"https:\/\/primermomento.com\/index.php?rest_route=%2Fwp%2Fv2%2Fmedia&parent=461775"}],"wp:term":[{"taxonomy":"category","embeddable":true,"href":"https:\/\/primermomento.com\/index.php?rest_route=%2Fwp%2Fv2%2Fcategories&post=461775"},{"taxonomy":"post_tag","embeddable":true,"href":"https:\/\/primermomento.com\/index.php?rest_route=%2Fwp%2Fv2%2Ftags&post=461775"}],"curies":[{"name":"wp","href":"https:\/\/api.w.org\/{rel}","templated":true}]}}