{"id":461998,"date":"2026-03-04T06:29:47","date_gmt":"2026-03-04T11:29:47","guid":{"rendered":"https:\/\/primermomento.com\/?p=461998"},"modified":"2026-03-04T15:26:36","modified_gmt":"2026-03-04T20:26:36","slug":"guerra-profundiza-crisis-del-transporte-maritimo-de-contenedores","status":"publish","type":"post","link":"https:\/\/primermomento.com\/?p=461998","title":{"rendered":"Guerra profundiza crisis del transporte mar\u00edtimo de contenedores"},"content":{"rendered":"<p><em><strong>Por Prensa Latina<\/strong><\/em><\/p>\n<p>Washington, EEUU.- La guerra de Estados Unidos e Israel contra Ir\u00e1n profundiza la crisis del transporte mar\u00edtimo de contenedores y golpea las expectativas para 2026, advirti\u00f3 un art\u00edculo del portal Mundo Mar\u00edtimo.<\/p>\n<div class=\"elementor-element elementor-element-0aea3a0 elementor-widget elementor-widget-theme-post-content\" data-id=\"0aea3a0\" data-element_type=\"widget\" data-widget_type=\"theme-post-content.default\">\n<div class=\"elementor-widget-container\">\n<p>El sitio de informaci\u00f3n diaria sobre la industria naval, puertos y log\u00edstica se\u00f1al\u00f3 adem\u00e1s que la escalada consolida la ruta por El Cabo de Buena Esperanza, genera alzas en seguros y riesgo de congesti\u00f3n regional.<\/p>\n<p>Estados Unidos e Israel lanzaron ataques el 28 de febrero contra Ir\u00e1n, que respondi\u00f3 con el lanzamiento de misiles y drones contra bases estadounidenses en Emiratos \u00c1rabes Unidos, Bar\u00e9in, Catar, Kuwait y Arabia Saudita, adem\u00e1s de Israel.<\/p>\n<p>La nueva fase del conflicto eleva de forma abrupta el riesgo para el transporte mar\u00edtimo, especialmente en el Golfo P\u00e9rsico, el Estrecho de Ormuz y el Mar Rojo.<\/p>\n<p>Las principales l\u00edneas navieras reaccionaron de inmediato, entre ellas la compa\u00f1\u00eda de transporte alemana Hapag-Lloyd, la cual alert\u00f3 que los servicios con recaladas en el Golfo Ar\u00e1bigo \u201cpueden experimentar retrasos, desv\u00edos o ajustes de itinerario\u201d.<\/p>\n<p>Igualmente, la naviera confirm\u00f3 la suspensi\u00f3n de la navegaci\u00f3n a trav\u00e9s del Estrecho de Ormuz.<\/p>\n<p>Por su parte, la tercera compa\u00f1\u00eda mundial en el transporte de contenedores CMA CGM orden\u00f3 que todos sus buques dentro o en ruta hacia el Golfo P\u00e9rsico \u201cprocedan inmediatamente a buscar refugio\u201d.<\/p>\n<p>Asimismo, suspendi\u00f3 el tr\u00e1nsito por el Canal de Suez y anunci\u00f3 desv\u00edos v\u00eda Cabo de Buena Esperanza, en una decisi\u00f3n, precis\u00f3, \u201cdictada por consideraciones de seguridad\u201d.<\/p>\n<p>La naviera internacional MSC suspendi\u00f3 todas las reservas de carga mundial hacia la regi\u00f3n de Medio Oriente hasta nuevo aviso y Maersk informa que todos sus itinerarios en sus servicios \u2018MECL\u2019 y \u2018ME11\u2019 ser\u00e1n ahora redirigidas por el sur de \u00c1frica en lugar de la ruta de Suez a la que acababan de cambiar.<\/p>\n<p>La advertencia mar\u00edtima de Estados Unidos estableci\u00f3 una zona de riesgo en el Golfo P\u00e9rsico, Golfo de Om\u00e1n, Mar Ar\u00e1bigo Norte y Estrecho de Ormuz, se\u00f1alando que la Armada estadounidense \u201cno puede garantizar la seguridad\u201d de la navegaci\u00f3n mercante en el \u00e1rea.<\/p>\n<p>Jakob Larsen, director de Seguridad y Protecci\u00f3n del Consejo Mar\u00edtimo B\u00e1ltico e Internacional (Bimco), sostuvo que los ataques \u201cincrementan dram\u00e1ticamente el riesgo para los buques que operan en el Golfo P\u00e9rsico\u201d.<\/p>\n<p>A\u00f1adi\u00f3 que las tasas de seguro \u201caumentar\u00e1n muchas veces\u201d y buques con v\u00ednculos comerciales con Estados Unidos o Israel \u201cprobablemente no podr\u00e1n obtener cobertura\u201d.<\/p>\n<p>Respecto al Estrecho de Ormuz, evalu\u00f3 que Ir\u00e1n tiene capacidad para \u201ccoaccionar a la navegaci\u00f3n comercial para impulsar la decisi\u00f3n de no entrar en el \u00e1rea de conflicto\u201d en el corto plazo.<\/p>\n<p>La consultora Xeneta advirti\u00f3 que la nueva escalada \u201cver\u00e1 una mayor militarizaci\u00f3n en torno al comercio mar\u00edtimo, destrozando las esperanzas de un regreso a gran escala del transporte de contenedores al Mar Rojo en 2026\u201d.<\/p>\n<p>Si las hostilidades contin\u00faan, la industria podr\u00eda enfrentar una prolongaci\u00f3n de la crisis log\u00edstica iniciada en 2023, consolidando un escenario de rutas m\u00e1s largas, mayor costo asegurador y persistente inestabilidad tarifaria.<\/p>\n<\/div>\n<\/div>\n<div class=\"elementor-element elementor-element-4f75016 elementor-widget elementor-widget-post-info\" data-id=\"4f75016\" data-element_type=\"widget\" data-widget_type=\"post-info.default\">\n<div class=\"elementor-widget-container\">\n<ul class=\"elementor-inline-items elementor-icon-list-items elementor-post-info\">\n<li class=\"elementor-icon-list-item elementor-repeater-item-17dda3e elementor-inline-item\"><em><span class=\"elementor-icon-list-text elementor-post-info__item elementor-post-info__item--type-custom\">#<a href=\"https:\/\/primermomento.com\/?p=461998\" rel=\"tag\">Contenedores<\/a>\u00a0#<a href=\"https:\/\/primermomento.com\/?p=461998\" rel=\"tag\">guerra<\/a>\u00a0#<a href=\"https:\/\/primermomento.com\/?p=461998\" rel=\"tag\">transporte<\/a><\/span><\/em><\/li>\n<\/ul>\n<\/div>\n<\/div>\n","protected":false},"excerpt":{"rendered":"<p>Por Prensa Latina Washington, EEUU.- La guerra de Estados Unidos e Israel contra Ir\u00e1n profundiza la crisis del transporte mar\u00edtimo de contenedores y golpea las expectativas para 2026, advirti\u00f3 un art\u00edculo del portal Mundo Mar\u00edtimo. El sitio de informaci\u00f3n diaria sobre la industria naval, puertos y log\u00edstica se\u00f1al\u00f3 adem\u00e1s que la escalada consolida la ruta [&hellip;]<\/p>\n","protected":false},"author":1,"featured_media":461999,"comment_status":"open","ping_status":"open","sticky":false,"template":"","format":"standard","meta":{"_bbp_topic_count":0,"_bbp_reply_count":0,"_bbp_total_topic_count":0,"_bbp_total_reply_count":0,"_bbp_voice_count":0,"_bbp_anonymous_reply_count":0,"_bbp_topic_count_hidden":0,"_bbp_reply_count_hidden":0,"_bbp_forum_subforum_count":0,"footnotes":""},"categories":[35],"tags":[],"class_list":{"0":"post-461998","1":"post","2":"type-post","3":"status-publish","4":"format-standard","5":"has-post-thumbnail","7":"category-economia"},"_links":{"self":[{"href":"https:\/\/primermomento.com\/index.php?rest_route=\/wp\/v2\/posts\/461998","targetHints":{"allow":["GET"]}}],"collection":[{"href":"https:\/\/primermomento.com\/index.php?rest_route=\/wp\/v2\/posts"}],"about":[{"href":"https:\/\/primermomento.com\/index.php?rest_route=\/wp\/v2\/types\/post"}],"author":[{"embeddable":true,"href":"https:\/\/primermomento.com\/index.php?rest_route=\/wp\/v2\/users\/1"}],"replies":[{"embeddable":true,"href":"https:\/\/primermomento.com\/index.php?rest_route=%2Fwp%2Fv2%2Fcomments&post=461998"}],"version-history":[{"count":1,"href":"https:\/\/primermomento.com\/index.php?rest_route=\/wp\/v2\/posts\/461998\/revisions"}],"predecessor-version":[{"id":462000,"href":"https:\/\/primermomento.com\/index.php?rest_route=\/wp\/v2\/posts\/461998\/revisions\/462000"}],"wp:featuredmedia":[{"embeddable":true,"href":"https:\/\/primermomento.com\/index.php?rest_route=\/wp\/v2\/media\/461999"}],"wp:attachment":[{"href":"https:\/\/primermomento.com\/index.php?rest_route=%2Fwp%2Fv2%2Fmedia&parent=461998"}],"wp:term":[{"taxonomy":"category","embeddable":true,"href":"https:\/\/primermomento.com\/index.php?rest_route=%2Fwp%2Fv2%2Fcategories&post=461998"},{"taxonomy":"post_tag","embeddable":true,"href":"https:\/\/primermomento.com\/index.php?rest_route=%2Fwp%2Fv2%2Ftags&post=461998"}],"curies":[{"name":"wp","href":"https:\/\/api.w.org\/{rel}","templated":true}]}}