{"id":462106,"date":"2026-03-05T13:58:07","date_gmt":"2026-03-05T18:58:07","guid":{"rendered":"https:\/\/primermomento.com\/?p=462106"},"modified":"2026-03-06T06:27:17","modified_gmt":"2026-03-06T11:27:17","slug":"partido-dominicano-pld-advierte-impacto-por-conflicto-medio-oriente","status":"publish","type":"post","link":"https:\/\/primermomento.com\/?p=462106","title":{"rendered":"Partido dominicano PLD advierte impacto por conflicto Medio Oriente"},"content":{"rendered":"<p><strong><em>Por Prensa Latina<\/em><\/strong><\/p>\n<p>SANTO DOMINGO, Rep\u00fablica Dominicana.- El secretario de Asuntos Econ\u00f3micos del Partido de la Liberaci\u00f3n Dominicana (PLD), Luis Reyes, advirti\u00f3 hoy que la escalada del conflicto en Medio Oriente, tras los ataques de Estados Unidos e Israel contra Ir\u00e1n, podr\u00eda tener repercusiones econ\u00f3micas para Rep\u00fablica Dominicana.<\/p>\n<div class=\"elementor-element elementor-element-0aea3a0 elementor-widget elementor-widget-theme-post-content\" data-id=\"0aea3a0\" data-element_type=\"widget\" data-widget_type=\"theme-post-content.default\">\n<div class=\"elementor-widget-container\">\n<p>Estos efectos afectar\u00edan especialmente la inflaci\u00f3n, el d\u00e9ficit el\u00e9ctrico, las tasas de inter\u00e9s y el crecimiento econ\u00f3mico, sostuvo.<\/p>\n<p>Durante una entrevista en el programa Portada Digital, el dirigente pelede\u00edsta explic\u00f3 que la magnitud del impacto depender\u00e1 de la duraci\u00f3n del conflicto y del comportamiento de los precios internacionales del petr\u00f3leo, particularmente si se mantiene afectado el estrecho de Ormuz, por donde circula alrededor del 20 por ciento del petr\u00f3leo que se comercializa en el mundo.<\/p>\n<p>Reyes se\u00f1al\u00f3 que un aumento sostenido del precio del crudo impactar\u00eda de manera directa el costo de la energ\u00eda el\u00e9ctrica y del transporte, lo que generar\u00eda presiones inflacionarias que afectar\u00edan tanto a las finanzas p\u00fablicas como al bolsillo de los ciudadanos.<\/p>\n<p>\u201cEl sector el\u00e9ctrico dominicano, que ya presenta un d\u00e9ficit estimado entre mil 700 y mil 800 millones de d\u00f3lares, ser\u00eda uno de los m\u00e1s perjudicados si los precios del petr\u00f3leo se elevan de manera significativa\u201d, explic\u00f3.<\/p>\n<p>El economista advirti\u00f3 que, en ese escenario, el Gobierno tendr\u00eda que decidir entre trasladar el aumento de los combustibles a la poblaci\u00f3n o incrementar los subsidios, lo que presionar\u00eda a\u00fan m\u00e1s el d\u00e9ficit fiscal.<\/p>\n<p>Asimismo, indic\u00f3 que las tensiones internacionales podr\u00edan tener efectos indirectos en la econom\u00eda dominicana a trav\u00e9s de la pol\u00edtica monetaria de Estados Unidos.<\/p>\n<p>Explic\u00f3 que un aumento en los importes del petr\u00f3leo podr\u00eda elevar la inflaci\u00f3n en la econom\u00eda estadounidense, obligando a la Reserva Federal a mantener o incluso elevar las tasas de inter\u00e9s, lo que limitar\u00eda el margen del Banco Central dominicano para reducir el costo del cr\u00e9dito y estimular la actividad econ\u00f3mica.<\/p>\n<p>\u201cEl Banco Central dominicano tendr\u00eda menos grados de libertad para reducir las tasas de inter\u00e9s en un contexto internacional m\u00e1s restrictivo\u201d, se\u00f1al\u00f3.<\/p>\n<p>Tambi\u00e9n advirti\u00f3 que una eventual desaceleraci\u00f3n de la econom\u00eda estadounidense podr\u00eda golpear sectores estrat\u00e9gicos para el pa\u00eds, como las exportaciones de zonas francas, el turismo y las remesas, pilares fundamentales del crecimiento econ\u00f3mico dominicano.<\/p>\n<p>No obstante, destac\u00f3 que el pa\u00eds cuenta con un importante factor de estabilidad: las reservas internacionales del Banco Central, que se encuentran en niveles hist\u00f3ricos y permiten enfrentar con mayor capacidad choques externos.<\/p>\n<p>Consider\u00f3 que el contexto internacional obliga a mantener una vigilancia permanente sobre la evoluci\u00f3n de la econom\u00eda global, al tiempo que reiter\u00f3 la necesidad de adoptar pol\u00edticas p\u00fablicas responsables que protejan el equilibrio econ\u00f3mico y el bienestar de la poblaci\u00f3n.<\/p>\n<\/div>\n<\/div>\n<div class=\"elementor-element elementor-element-4f75016 elementor-widget elementor-widget-post-info\" data-id=\"4f75016\" data-element_type=\"widget\" data-widget_type=\"post-info.default\">\n<div class=\"elementor-widget-container\">\n<ul class=\"elementor-inline-items elementor-icon-list-items elementor-post-info\">\n<li class=\"elementor-icon-list-item elementor-repeater-item-17dda3e elementor-inline-item\"><em><span class=\"elementor-icon-list-text elementor-post-info__item elementor-post-info__item--type-custom\">#<a href=\"https:\/\/primermomento.com\/?p=462106\" rel=\"tag\">impacto econ\u00f3mico<\/a>\u00a0#<a href=\"https:\/\/primermomento.com\/?p=462106\" rel=\"tag\">pld<\/a><\/span><\/em><\/li>\n<\/ul>\n<\/div>\n<\/div>\n","protected":false},"excerpt":{"rendered":"<p>Por Prensa Latina SANTO DOMINGO, Rep\u00fablica Dominicana.- El secretario de Asuntos Econ\u00f3micos del Partido de la Liberaci\u00f3n Dominicana (PLD), Luis Reyes, advirti\u00f3 hoy que la escalada del conflicto en Medio Oriente, tras los ataques de Estados Unidos e Israel contra Ir\u00e1n, podr\u00eda tener repercusiones econ\u00f3micas para Rep\u00fablica Dominicana. Estos efectos afectar\u00edan especialmente la inflaci\u00f3n, el [&hellip;]<\/p>\n","protected":false},"author":1,"featured_media":381776,"comment_status":"open","ping_status":"open","sticky":false,"template":"","format":"standard","meta":{"_bbp_topic_count":0,"_bbp_reply_count":0,"_bbp_total_topic_count":0,"_bbp_total_reply_count":0,"_bbp_voice_count":0,"_bbp_anonymous_reply_count":0,"_bbp_topic_count_hidden":0,"_bbp_reply_count_hidden":0,"_bbp_forum_subforum_count":0,"footnotes":""},"categories":[31],"tags":[],"class_list":{"0":"post-462106","1":"post","2":"type-post","3":"status-publish","4":"format-standard","5":"has-post-thumbnail","7":"category-estados-unidos"},"_links":{"self":[{"href":"https:\/\/primermomento.com\/index.php?rest_route=\/wp\/v2\/posts\/462106","targetHints":{"allow":["GET"]}}],"collection":[{"href":"https:\/\/primermomento.com\/index.php?rest_route=\/wp\/v2\/posts"}],"about":[{"href":"https:\/\/primermomento.com\/index.php?rest_route=\/wp\/v2\/types\/post"}],"author":[{"embeddable":true,"href":"https:\/\/primermomento.com\/index.php?rest_route=\/wp\/v2\/users\/1"}],"replies":[{"embeddable":true,"href":"https:\/\/primermomento.com\/index.php?rest_route=%2Fwp%2Fv2%2Fcomments&post=462106"}],"version-history":[{"count":1,"href":"https:\/\/primermomento.com\/index.php?rest_route=\/wp\/v2\/posts\/462106\/revisions"}],"predecessor-version":[{"id":462107,"href":"https:\/\/primermomento.com\/index.php?rest_route=\/wp\/v2\/posts\/462106\/revisions\/462107"}],"wp:featuredmedia":[{"embeddable":true,"href":"https:\/\/primermomento.com\/index.php?rest_route=\/wp\/v2\/media\/381776"}],"wp:attachment":[{"href":"https:\/\/primermomento.com\/index.php?rest_route=%2Fwp%2Fv2%2Fmedia&parent=462106"}],"wp:term":[{"taxonomy":"category","embeddable":true,"href":"https:\/\/primermomento.com\/index.php?rest_route=%2Fwp%2Fv2%2Fcategories&post=462106"},{"taxonomy":"post_tag","embeddable":true,"href":"https:\/\/primermomento.com\/index.php?rest_route=%2Fwp%2Fv2%2Ftags&post=462106"}],"curies":[{"name":"wp","href":"https:\/\/api.w.org\/{rel}","templated":true}]}}