{"id":462155,"date":"2026-03-06T10:11:20","date_gmt":"2026-03-06T15:11:20","guid":{"rendered":"https:\/\/primermomento.com\/?p=462155"},"modified":"2026-03-06T12:58:47","modified_gmt":"2026-03-06T17:58:47","slug":"pct-advierte-peligro-para-soberania-dominicana-por-cumbre-de-trump","status":"publish","type":"post","link":"https:\/\/primermomento.com\/?p=462155","title":{"rendered":"PCT advierte peligro para soberan\u00eda dominicana por cumbre de Trump"},"content":{"rendered":"<p><strong><em>Por Prensa Latina<\/em><\/strong><\/p>\n<p>SANTO DOMINGO, Rep\u00fablica Dominicana.- El Partido Comunista del Trabajo (PCT) alert\u00f3 hoy que la participaci\u00f3n de Luis Abinader en la Cumbre convocada por su hom\u00f3logo de Estados Unidos, Donald Trump, representa un serio peligro para la autodeterminaci\u00f3n de la Rep\u00fablica Dominicana y otros pa\u00edses.<\/p>\n<div class=\"elementor-element elementor-element-0aea3a0 elementor-widget elementor-widget-theme-post-content\" data-id=\"0aea3a0\" data-element_type=\"widget\" data-widget_type=\"theme-post-content.default\">\n<div class=\"elementor-widget-container\">\n<p>El Secretariado del Comit\u00e9 Central del PCT manifest\u00f3 que este evento denominado Escudo de las Am\u00e9ricas constituye \u201cuna pieza clave en la estrategia de seguridad nacional del imperialismo norteamericano y se monta sobre una narrativa de lucha contra el narcotr\u00e1fico para ocultar sus verdaderos objetivos geopol\u00edticos\u201d.<\/p>\n<p>La organizaci\u00f3n se\u00f1al\u00f3 que los prop\u00f3sitos reales de la reuni\u00f3n fijada para este s\u00e1bado quedaron al descubierto durante los eventos preparativos del pasado 10 y 11 de febrero.<\/p>\n<p>Record\u00f3 que, en dicha ocasi\u00f3n, el Comando Sur convoc\u00f3 a 34 pa\u00edses de la regi\u00f3n con la intenci\u00f3n confesa de asignar tareas a las Fuerzas Armadas locales que exceden la seguridad interna.<\/p>\n<p>\u201cLas llamadas \u2018cuestiones m\u00e1s amplias\u2019 que afectan la estabilidad hemisf\u00e9rica, citadas por el Comando Sur, no son m\u00e1s que un eufemismo para la confrontaci\u00f3n con otras potencias\u201d, afirma el PCT.<\/p>\n<p>Cit\u00f3 las declaraciones del secretario de Guerra norteamericano, Pete Hegseth, quien inst\u00f3 a las naciones a \u00abdisuadir a los malos actores\u00bb, lo cual es interpretado por el PCT como una referencia directa a la influencia de China en la regi\u00f3n.<\/p>\n<p>Para la organizaci\u00f3n, esta cumbre se celebra bajo la vigencia de la Doctrina Monroe y busca legitimar una ofensiva que incluye control de flujos migratorios, acceso y dominio sobre los recursos naturales estrat\u00e9gicos de los pa\u00edses del \u00e1rea y uso de las naciones aliadas como piezas en la rivalidad con potencias externas por el control de mercados.<\/p>\n<p>El PCT calific\u00f3 la postura de los presidentes participantes como \u201cgenuflexa\u201d y advirti\u00f3 que \u201csuscribir estas pol\u00edticas aventureras compromete gravemente lo que queda de soberan\u00eda nacional\u201d.<\/p>\n<p>En ese sentido, inst\u00f3 al pueblo dominicano a mantenerse vigilante y exigi\u00f3 al presidente de la Rep\u00fablica que, a su regreso, realice la publicaci\u00f3n \u00edntegra de los compromisos asumidos ante el gobierno de los Estados Unidos.<\/p>\n<p>Abinader viajar\u00e1 este viernes a Miami, Florida, para asistir a la reuni\u00f3n convocada por Trump con un grupo reducido de pa\u00edses: Rep\u00fablica Dominicana, Chile, Bolivia, Costa Rica, Argentina, El Salvador, Ecuador, Honduras, Panam\u00e1, Paraguay y Trinidad y Tobago.<\/p>\n<\/div>\n<\/div>\n<div class=\"elementor-element elementor-element-4f75016 elementor-widget elementor-widget-post-info\" data-id=\"4f75016\" data-element_type=\"widget\" data-widget_type=\"post-info.default\">\n<div class=\"elementor-widget-container\">\n<ul class=\"elementor-inline-items elementor-icon-list-items elementor-post-info\">\n<li class=\"elementor-icon-list-item elementor-repeater-item-17dda3e elementor-inline-item\"><span class=\"elementor-icon-list-text elementor-post-info__item elementor-post-info__item--type-custom\">#<em><a href=\"https:\/\/primermomento.com\/?p=462155\" rel=\"tag\">cumbre EEUU<\/a><\/em><\/span><\/li>\n<\/ul>\n<\/div>\n<\/div>\n","protected":false},"excerpt":{"rendered":"<p>Por Prensa Latina SANTO DOMINGO, Rep\u00fablica Dominicana.- El Partido Comunista del Trabajo (PCT) alert\u00f3 hoy que la participaci\u00f3n de Luis Abinader en la Cumbre convocada por su hom\u00f3logo de Estados Unidos, Donald Trump, representa un serio peligro para la autodeterminaci\u00f3n de la Rep\u00fablica Dominicana y otros pa\u00edses. El Secretariado del Comit\u00e9 Central del PCT manifest\u00f3 [&hellip;]<\/p>\n","protected":false},"author":1,"featured_media":462156,"comment_status":"open","ping_status":"open","sticky":false,"template":"","format":"standard","meta":{"_bbp_topic_count":0,"_bbp_reply_count":0,"_bbp_total_topic_count":0,"_bbp_total_reply_count":0,"_bbp_voice_count":0,"_bbp_anonymous_reply_count":0,"_bbp_topic_count_hidden":0,"_bbp_reply_count_hidden":0,"_bbp_forum_subforum_count":0,"footnotes":""},"categories":[31],"tags":[],"class_list":{"0":"post-462155","1":"post","2":"type-post","3":"status-publish","4":"format-standard","5":"has-post-thumbnail","7":"category-estados-unidos"},"_links":{"self":[{"href":"https:\/\/primermomento.com\/index.php?rest_route=\/wp\/v2\/posts\/462155","targetHints":{"allow":["GET"]}}],"collection":[{"href":"https:\/\/primermomento.com\/index.php?rest_route=\/wp\/v2\/posts"}],"about":[{"href":"https:\/\/primermomento.com\/index.php?rest_route=\/wp\/v2\/types\/post"}],"author":[{"embeddable":true,"href":"https:\/\/primermomento.com\/index.php?rest_route=\/wp\/v2\/users\/1"}],"replies":[{"embeddable":true,"href":"https:\/\/primermomento.com\/index.php?rest_route=%2Fwp%2Fv2%2Fcomments&post=462155"}],"version-history":[{"count":1,"href":"https:\/\/primermomento.com\/index.php?rest_route=\/wp\/v2\/posts\/462155\/revisions"}],"predecessor-version":[{"id":462157,"href":"https:\/\/primermomento.com\/index.php?rest_route=\/wp\/v2\/posts\/462155\/revisions\/462157"}],"wp:featuredmedia":[{"embeddable":true,"href":"https:\/\/primermomento.com\/index.php?rest_route=\/wp\/v2\/media\/462156"}],"wp:attachment":[{"href":"https:\/\/primermomento.com\/index.php?rest_route=%2Fwp%2Fv2%2Fmedia&parent=462155"}],"wp:term":[{"taxonomy":"category","embeddable":true,"href":"https:\/\/primermomento.com\/index.php?rest_route=%2Fwp%2Fv2%2Fcategories&post=462155"},{"taxonomy":"post_tag","embeddable":true,"href":"https:\/\/primermomento.com\/index.php?rest_route=%2Fwp%2Fv2%2Ftags&post=462155"}],"curies":[{"name":"wp","href":"https:\/\/api.w.org\/{rel}","templated":true}]}}