{"id":462219,"date":"2026-03-06T17:05:47","date_gmt":"2026-03-06T22:05:47","guid":{"rendered":"https:\/\/primermomento.com\/?p=462219"},"modified":"2026-03-07T07:00:57","modified_gmt":"2026-03-07T12:00:57","slug":"uasd-rinde-homenaje-a-jose-francisco-pena-gomez-con-ofrenda-floral-en-el-aniversario-de-su-natalicio","status":"publish","type":"post","link":"https:\/\/primermomento.com\/?p=462219","title":{"rendered":"UASD rinde homenaje a Jos\u00e9 Francisco Pe\u00f1a G\u00f3mez con ofrenda floral en el aniversario de su natalicio"},"content":{"rendered":"<p><em><strong>Por Servicios de Primermomento.com<\/strong><\/em><\/p>\n<p>SANTO DOMINGO, Rep\u00fablica Dominicana.- La Universidad Aut\u00f3noma de Santo Domingo (UASD), a trav\u00e9s de su Vicerrector\u00eda de Extensi\u00f3n, realiz\u00f3 este jueves una ofrenda floral ante el busto erigido en el campus universitario en honor al doctor Jos\u00e9 Francisco Pe\u00f1a G\u00f3mez, con motivo del 89 aniversario de su natalicio.<\/p>\n<p>La actividad fue organizada juntamente con el Comit\u00e9 Pro-Homenaje al Natalicio de Jos\u00e9 Francisco Pe\u00f1a G\u00f3mez, el Frente Universitario Dominicano Moderno (FUDOMO) y la C\u00e1tedra Extracurricular Dr. Jos\u00e9 Francisco Pe\u00f1a G\u00f3mez, adscrita a la Facultad de Ciencias Jur\u00eddicas y Pol\u00edticas de la academia.<\/p>\n<p>Durante el acto, el doctor Franklin Garc\u00eda Ferm\u00edn, ex rector de la UASD y pasado ministro del Ministerio de Educaci\u00f3n Superior, Ciencia y Tecnolog\u00eda (MESCyT), pronunci\u00f3 las palabras centrales, en las que resalt\u00f3 la trascendencia hist\u00f3rica, pol\u00edtica y moral del l\u00edder socialdem\u00f3crata dominicano.<\/p>\n<p>Garc\u00eda Ferm\u00edn destac\u00f3 que Pe\u00f1a G\u00f3mez representa una de las figuras m\u00e1s influyentes en la consolidaci\u00f3n de la democracia dominicana contempor\u00e1nea y un referente \u00e9tico para las nuevas generaciones. \u201cEl doctor Pe\u00f1a G\u00f3mez constituye una de las historias m\u00e1s extraordinarias de superaci\u00f3n personal y compromiso pol\u00edtico en la Rep\u00fablica Dominicana.<\/p>\n<p>Desde or\u00edgenes humildes logr\u00f3 convertirse en una de las voces m\u00e1s poderosas en defensa de la democracia, la justicia social y los derechos de los sectores m\u00e1s vulnerables\u201d, expres\u00f3.<\/p>\n<p>Se\u00f1al\u00f3 que el hist\u00f3rico dirigente del Partido Revolucionario Dominicano supo interpretar las aspiraciones de amplios sectores de la sociedad dominicana, convirti\u00e9ndose en un aut\u00e9ntico l\u00edder de masas y en un firme defensor de las libertades p\u00fablicas.<\/p>\n<p>\u201cEl legado de Pe\u00f1a G\u00f3mez trasciende los procesos electorales en los que particip\u00f3. Su contribuci\u00f3n fundamental fue fortalecer la cultura democr\u00e1tica del pa\u00eds y promover una visi\u00f3n de desarrollo sustentada en la inclusi\u00f3n social, la participaci\u00f3n ciudadana y el respeto a la dignidad humana\u201d, manifest\u00f3.<\/p>\n<p>Garc\u00eda Ferm\u00edn subray\u00f3 adem\u00e1s la dimensi\u00f3n internacional del l\u00edder pol\u00edtico dominicano, quien alcanz\u00f3 reconocimiento en distintos escenarios del pensamiento socialdem\u00f3crata y de la defensa de los derechos humanos.<\/p>\n<p>El ex rector de la UASD afirm\u00f3 que recordar la figura de Pe\u00f1a G\u00f3mez en el seno de la academia implica reflexionar sobre la responsabilidad de las instituciones educativas en la formaci\u00f3n de ciudadanos comprometidos con los valores democr\u00e1ticos.<\/p>\n<p>\u201cLa universidad dominicana tiene el deber de preservar la memoria de aquellos l\u00edderes que contribuyeron a ampliar los horizontes democr\u00e1ticos de la naci\u00f3n y a fortalecer la conciencia c\u00edvica del pueblo\u201d, indic\u00f3.<\/p>\n<p>Al concluir el acto, los organizadores depositaron la ofrenda floral ante el busto del l\u00edder pol\u00edtico, en se\u00f1al de reconocimiento a su legado hist\u00f3rico y a su permanente influencia en la vida democr\u00e1tica del pa\u00eds.<\/p>\n<p>La actividad cont\u00f3 con la participaci\u00f3n de la doctora Rosal\u00eda Sosa P\u00e9rez, vicerrectora de Extensi\u00f3n de la UASD, Fabio Ru\u00edz, Augusto Bravo, Gerardo Roa, entre otras autoridades universitarias, profesores, estudiantes, dirigentes pol\u00edticos y representantes de diversos sectores de la sociedad dominicana.<\/p>\n","protected":false},"excerpt":{"rendered":"<p>Por Servicios de Primermomento.com SANTO DOMINGO, Rep\u00fablica Dominicana.- La Universidad Aut\u00f3noma de Santo Domingo (UASD), a trav\u00e9s de su Vicerrector\u00eda de Extensi\u00f3n, realiz\u00f3 este jueves una ofrenda floral ante el busto erigido en el campus universitario en honor al doctor Jos\u00e9 Francisco Pe\u00f1a G\u00f3mez, con motivo del 89 aniversario de su natalicio. La actividad fue [&hellip;]<\/p>\n","protected":false},"author":1,"featured_media":462220,"comment_status":"open","ping_status":"open","sticky":false,"template":"","format":"standard","meta":{"_bbp_topic_count":0,"_bbp_reply_count":0,"_bbp_total_topic_count":0,"_bbp_total_reply_count":0,"_bbp_voice_count":0,"_bbp_anonymous_reply_count":0,"_bbp_topic_count_hidden":0,"_bbp_reply_count_hidden":0,"_bbp_forum_subforum_count":0,"footnotes":""},"categories":[31],"tags":[],"class_list":{"0":"post-462219","1":"post","2":"type-post","3":"status-publish","4":"format-standard","5":"has-post-thumbnail","7":"category-estados-unidos"},"_links":{"self":[{"href":"https:\/\/primermomento.com\/index.php?rest_route=\/wp\/v2\/posts\/462219","targetHints":{"allow":["GET"]}}],"collection":[{"href":"https:\/\/primermomento.com\/index.php?rest_route=\/wp\/v2\/posts"}],"about":[{"href":"https:\/\/primermomento.com\/index.php?rest_route=\/wp\/v2\/types\/post"}],"author":[{"embeddable":true,"href":"https:\/\/primermomento.com\/index.php?rest_route=\/wp\/v2\/users\/1"}],"replies":[{"embeddable":true,"href":"https:\/\/primermomento.com\/index.php?rest_route=%2Fwp%2Fv2%2Fcomments&post=462219"}],"version-history":[{"count":1,"href":"https:\/\/primermomento.com\/index.php?rest_route=\/wp\/v2\/posts\/462219\/revisions"}],"predecessor-version":[{"id":462221,"href":"https:\/\/primermomento.com\/index.php?rest_route=\/wp\/v2\/posts\/462219\/revisions\/462221"}],"wp:featuredmedia":[{"embeddable":true,"href":"https:\/\/primermomento.com\/index.php?rest_route=\/wp\/v2\/media\/462220"}],"wp:attachment":[{"href":"https:\/\/primermomento.com\/index.php?rest_route=%2Fwp%2Fv2%2Fmedia&parent=462219"}],"wp:term":[{"taxonomy":"category","embeddable":true,"href":"https:\/\/primermomento.com\/index.php?rest_route=%2Fwp%2Fv2%2Fcategories&post=462219"},{"taxonomy":"post_tag","embeddable":true,"href":"https:\/\/primermomento.com\/index.php?rest_route=%2Fwp%2Fv2%2Ftags&post=462219"}],"curies":[{"name":"wp","href":"https:\/\/api.w.org\/{rel}","templated":true}]}}